{"id":54280,"date":"2025-02-28T00:01:00","date_gmt":"2025-02-28T07:01:00","guid":{"rendered":"https:\/\/www.opinionpublica.tv\/portada\/?p=54280"},"modified":"2025-02-27T20:22:52","modified_gmt":"2025-02-28T03:22:52","slug":"evangelio-de-hoy-viernes-28-de-febrero-de-2025","status":"publish","type":"post","link":"https:\/\/www.opinionpublica.tv\/portada\/evangelio-de-hoy-viernes-28-de-febrero-de-2025\/","title":{"rendered":"Video: Evangelio de hoy, viernes 28 de febrero"},"content":{"rendered":"\n<figure class=\"wp-block-embed is-type-video is-provider-youtube wp-block-embed-youtube wp-embed-aspect-16-9 wp-has-aspect-ratio\"><div class=\"wp-block-embed__wrapper\">\n<iframe title=\"Evangelio de Hoy Viernes 28 de Febrero de 2025 | REFLEXI\u00d3N | Red Catolica\" width=\"800\" height=\"450\" src=\"https:\/\/www.youtube.com\/embed\/5cOBCBCddmA?feature=oembed\" frameborder=\"0\" allow=\"accelerometer; autoplay; clipboard-write; encrypted-media; gyroscope; picture-in-picture; web-share\" referrerpolicy=\"strict-origin-when-cross-origin\" allowfullscreen><\/iframe>\n<\/div><\/figure>\n\n\n\n<p class=\"wp-block-paragraph\"><em>\u201cMis ojos han visto a tu Salvador\u00bb. Lucas 2,22-40.<\/em><\/p>\n\n\n\n<p class=\"wp-block-paragraph\"><strong>Reflexiones para este viernes<\/strong><\/p>\n\n\n\n<p class=\"wp-block-paragraph\">1. La presentaci\u00f3n de Jesucristo toca el timbre de nuestra conciencia al recordarnos lo importante que es presentarnos, ofrecernos a Dios.<\/p>\n\n\n\n<p class=\"wp-block-paragraph\">2. El asombro viene cuando detr\u00e1s de todo aquello est\u00e1 un hombre que vive de Dios, un hombre que aprendi\u00f3 a presentarse a Dios y a los dem\u00e1s.<\/p>\n\n\n\n<p class=\"wp-block-paragraph\">3. \u00a1Vali\u00f3 la pena apostar por ti!<\/p>\n","protected":false},"excerpt":{"rendered":"<p>\u201cMis ojos han visto a tu Salvador\u00bb. Lucas 2,22-40. Reflexiones para este viernes 1. La presentaci\u00f3n de Jesucristo toca el timbre de nuestra conciencia al recordarnos lo importante que es presentarnos, ofrecernos a Dios. 2. El asombro viene cuando detr\u00e1s de todo aquello est\u00e1 un hombre que vive de Dios, un hombre que aprendi\u00f3 a [&hellip;]<\/p>\n","protected":false},"author":6,"featured_media":54282,"comment_status":"open","ping_status":"open","sticky":false,"template":"","format":"standard","meta":{"_acf_changed":false,"_monsterinsights_skip_tracking":false,"slim_seo":{"title":"Video: Evangelio de hoy, viernes 28 de febrero - Opini\u00f3n P\u00fablica","description":"https:\/\/youtu.be\/5cOBCBCddmA?si=MvaAHblgHUrckm6h \u201cMis ojos han visto a tu Salvador\". Lucas 2,22-40. Reflexiones para este viernes 1. La presentaci\u00f3n de Jesucris"},"footnotes":""},"categories":[13,2,8],"tags":[],"class_list":["post-54280","post","type-post","status-publish","format-standard","has-post-thumbnail","hentry","category-videos-destacados-contenido","category-videos-destacados","category-videos"],"acf":[],"_links":{"self":[{"href":"https:\/\/www.opinionpublica.tv\/portada\/wp-json\/wp\/v2\/posts\/54280","targetHints":{"allow":["GET"]}}],"collection":[{"href":"https:\/\/www.opinionpublica.tv\/portada\/wp-json\/wp\/v2\/posts"}],"about":[{"href":"https:\/\/www.opinionpublica.tv\/portada\/wp-json\/wp\/v2\/types\/post"}],"author":[{"embeddable":true,"href":"https:\/\/www.opinionpublica.tv\/portada\/wp-json\/wp\/v2\/users\/6"}],"replies":[{"embeddable":true,"href":"https:\/\/www.opinionpublica.tv\/portada\/wp-json\/wp\/v2\/comments?post=54280"}],"version-history":[{"count":3,"href":"https:\/\/www.opinionpublica.tv\/portada\/wp-json\/wp\/v2\/posts\/54280\/revisions"}],"predecessor-version":[{"id":54285,"href":"https:\/\/www.opinionpublica.tv\/portada\/wp-json\/wp\/v2\/posts\/54280\/revisions\/54285"}],"wp:featuredmedia":[{"embeddable":true,"href":"https:\/\/www.opinionpublica.tv\/portada\/wp-json\/wp\/v2\/media\/54282"}],"wp:attachment":[{"href":"https:\/\/www.opinionpublica.tv\/portada\/wp-json\/wp\/v2\/media?parent=54280"}],"wp:term":[{"taxonomy":"category","embeddable":true,"href":"https:\/\/www.opinionpublica.tv\/portada\/wp-json\/wp\/v2\/categories?post=54280"},{"taxonomy":"post_tag","embeddable":true,"href":"https:\/\/www.opinionpublica.tv\/portada\/wp-json\/wp\/v2\/tags?post=54280"}],"curies":[{"name":"wp","href":"https:\/\/api.w.org\/{rel}","templated":true}]}}