{"id":54062,"date":"2025-02-24T00:01:00","date_gmt":"2025-02-24T07:01:00","guid":{"rendered":"https:\/\/www.opinionpublica.tv\/portada\/?p=54062"},"modified":"2025-02-23T23:44:15","modified_gmt":"2025-02-24T06:44:15","slug":"chalecos-azules","status":"publish","type":"post","link":"https:\/\/www.opinionpublica.tv\/portada\/chalecos-azules\/","title":{"rendered":"Chalecos azules"},"content":{"rendered":"\n<h4 class=\"wp-block-heading\">Ra\u00fal Ruiz<\/h4>\n\n\n\n<p class=\"wp-block-paragraph\">____________________________<\/p>\n\n\n\n<p class=\"wp-block-paragraph\">En el arranque rumbo al 27, los morenacos llevan una ventaja de casi 4 a 1, sobre los de la alianza transg\u00e9nero.<\/p>\n\n\n\n<p class=\"wp-block-paragraph\">Los Naranjas, sin presencia palpable, subsisten en el mundo de las percepciones, s\u00f3lo con las fantasiosas ideas del diputado, Francisco S\u00e1nchez, y una que otra puntada del caballo Lozoya. Cero repercusiones.<\/p>\n\n\n\n<p class=\"wp-block-paragraph\">Los Verdes, por su parte, atorados en el amoroso mundo de los perritos y gatitos, no despliegan pensamiento pol\u00edtico que despierte inter\u00e9s p\u00fablico.<\/p>\n\n\n\n<p class=\"wp-block-paragraph\">S\u00f3lo se percibe el oleaje que hace Alejandro P\u00e9rez Cu\u00e9llar; no solamente en el Congreso de la Uni\u00f3n, sino en el interior del estado. Pero hay que recordar que \u00e9l no es Verde, gan\u00f3 la diputaci\u00f3n federal del distrito 04 bajo el cu\u00f1o verdecologista, pero \u00e9l es moreno.<\/p>\n\n\n\n<p class=\"wp-block-paragraph\">Sin embargo, el tema es otro.<\/p>\n\n\n\n<p class=\"wp-block-paragraph\">Estamos a finales de febrero y los panuchones apenas se comienzan a espabilar.<\/p>\n\n\n\n<p class=\"wp-block-paragraph\">Demasiado prolongado ha sido su letargo. Lleno de bostezos.<\/p>\n\n\n\n<p class=\"wp-block-paragraph\">En su despertar, desdoblan un vistoso planteamiento.<\/p>\n\n\n\n<p class=\"wp-block-paragraph\">Primero, hacen cambios en la alineaci\u00f3n Ju\u00e1rez.<\/p>\n\n\n\n<p class=\"wp-block-paragraph\">Un enroque: Carlos Ortiz desde la UTCJ, por \u00d3scar Ib\u00e1\u00f1ez, y viceversa.<\/p>\n\n\n\n<p class=\"wp-block-paragraph\">Con Carlos Ortiz se vislumbra una intenci\u00f3n m\u00e1s aguda y mordaz, m\u00e1s operativa.<\/p>\n\n\n\n<p class=\"wp-block-paragraph\">Ra\u00fal Garc\u00eda Ruiz, cubriendo el hueco de Rogelio Loya en Recaudaci\u00f3n de Rentas, al parecer con una estrategia dispuesta desde Palacio para todos los recaudadores en la entidad. Quiz\u00e1s sea el de mayor experiencia territorial que el resto del team.<\/p>\n\n\n\n<p class=\"wp-block-paragraph\">Austria Galindo, en la subsecretar\u00eda de Desarrollo Humano y Bienestar.<\/p>\n\n\n\n<p class=\"wp-block-paragraph\">Estar\u00e1 incursionando en las colonias, con el billete por delante.<\/p>\n\n\n\n<p class=\"wp-block-paragraph\">Y Amparo Beltr\u00e1n, en la coordinaci\u00f3n de prensa, donde hac\u00eda falta acercamiento m\u00e1s estrecho con la prensa. Pero sobre todo, crear estrategia de medios, y no abstraerse s\u00f3lo a mandar boletines o invitaciones a ruedas de prensa.<\/p>\n\n\n\n<p class=\"wp-block-paragraph\">En entrevista exclusiva con Cartapacio, Daniela \u00c1lvarez, presidenta de CDE del PAN, me dijo:<\/p>\n\n\n\n<p class=\"wp-block-paragraph\">\u00abEstamos a punto de hacer el relanzamiento del PAN.<\/p>\n\n\n\n<p class=\"wp-block-paragraph\">Haremos una reestructura a fondo.<\/p>\n\n\n\n<p class=\"wp-block-paragraph\">Por lo pronto, estamos organizando Foros Regionales.<\/p>\n\n\n\n<p class=\"wp-block-paragraph\">En estos foros estamos delineando la ruta azul.<\/p>\n\n\n\n<p class=\"wp-block-paragraph\">Pronto ver\u00e1s un despliegue de chalecos azules por toda la entidad. Me dijo.<\/p>\n\n\n\n<p class=\"wp-block-paragraph\">Los chalecos azules ser\u00e1n el distintivo del PAN en esta nueva etapa.<\/p>\n\n\n\n<p class=\"wp-block-paragraph\">Estamos hablando de los Chalecos gobierno del estado, del Plan Chihuahua.<\/p>\n\n\n\n<p class=\"wp-block-paragraph\">Donde estar\u00e1n involucrados todos los alcaldes azules, funcionarios, recaudadores, simpatizantes y militantes de nuestro partido.<\/p>\n\n\n\n<p class=\"wp-block-paragraph\">El despliegue de chalecos azules comenzar\u00e1 con motivo del informe de la gobernadora.<\/p>\n\n\n\n<p class=\"wp-block-paragraph\">A trav\u00e9s de ellos daremos a conocer la obra del gobierno panista y nuestra oferta pol\u00edtica rumbo a las elecciones 2027.<\/p>\n\n\n\n<p class=\"wp-block-paragraph\">Si logran provocar alharaca, quiz\u00e1s prendan un poco la hojarasca.<\/p>\n\n\n\n<p class=\"wp-block-paragraph\">Pero seg\u00fan mis c\u00e1lculos, no les alcanzar\u00e1n las canicas para competir con fuerza.<\/p>\n\n\n\n<p class=\"wp-block-paragraph\">Y menos con las bromitas inocentes de la gobernadora, a la que se le ocurri\u00f3 decir en petit comit\u00e9, que \u00bfc\u00f3mo les caer\u00eda Santiago Creel como candidato?<\/p>\n\n\n\n<p class=\"wp-block-paragraph\">A estas alturas del partido, bajar a Marco Bonilla del escenario, ser\u00eda como beber cicuta antes del fusilamiento.<\/p>\n\n\n\n<p class=\"wp-block-paragraph\">Seis meses atr\u00e1s se hablaba de un relevo de Delf\u00edn, pues la imagen del alcalde de Chihuahua, capital, no crec\u00eda para nada. (Y sigue igual)<\/p>\n\n\n\n<p class=\"wp-block-paragraph\">Se dec\u00eda que podr\u00eda estar listo el Capit\u00e1n Centinela, como sustituto, pero result\u00f3 ser un petardo aguachinoso.<\/p>\n\n\n\n<p class=\"wp-block-paragraph\">Por el momento, a la delantera se coloca Morena, con dos fichas a la vista: Cruz P\u00e9rez Cu\u00e9llar, alcalde de Ciudad Ju\u00e1rez; y Andrea Ch\u00e1vez Trevi\u00f1o, senadora de la Rep\u00fablica.<\/p>\n\n\n\n<p class=\"wp-block-paragraph\">Dependiendo de la decisi\u00f3n central, cualquiera de los dos podr\u00e1 enarbolar la bandera guinda, con el estruendo sonoro de la perrada morena.<\/p>\n\n\n\n<p class=\"wp-block-paragraph\">A\u00fan es temprano para saber hacia qu\u00e9 lado se inclinar\u00e1 la balanza.<\/p>\n\n\n\n<p class=\"wp-block-paragraph\">Cada uno de los dos aspirantes a la gubernatura est\u00e1 haciendo su labor para estar en el subconsciente de la militancia. Pero m\u00e1s bien, del mando central.<\/p>\n\n\n\n<p class=\"wp-block-paragraph\">Esperaremos m\u00e1s se\u00f1ales. Abril, mayo y junio ser\u00e1n determinantes para descubrir con m\u00e1s certeza ese escenario.<\/p>\n\n\n\n<p class=\"wp-block-paragraph\">Por lo pronto, se est\u00e1n confeccionando los chalecos azules.<\/p>\n\n\n\n<p class=\"wp-block-paragraph\">Finalmente, Daniela \u00c1lvarez ya trae una tarea m\u00e1s pol\u00edtica, y dejar\u00e1 de estar dale que dale, criticando cualquier movimiento que hace la senadora Andrea Ch\u00e1vez.<\/p>\n\n\n\n<p class=\"wp-block-paragraph\">Me gustar\u00eda ver el arrastre de su liderazgo en cada punto donde enciende la mecha.<\/p>\n\n\n\n<p class=\"wp-block-paragraph\">No las reuniones de treinta o cincuenta pitufos.<\/p>\n\n\n\n<p class=\"wp-block-paragraph\">Son m\u00e1s los de la comitiva, que aquellos que la reciben.<\/p>\n","protected":false},"excerpt":{"rendered":"<p>Ra\u00fal Ruiz ____________________________ En el arranque rumbo al 27, los morenacos llevan una ventaja de casi 4 a 1, sobre los de la alianza transg\u00e9nero. Los Naranjas, sin presencia palpable, subsisten en el mundo de las percepciones, s\u00f3lo con las fantasiosas ideas del diputado, Francisco S\u00e1nchez, y una que otra puntada del caballo Lozoya. Cero [&hellip;]<\/p>\n","protected":false},"author":6,"featured_media":43347,"comment_status":"open","ping_status":"open","sticky":false,"template":"","format":"standard","meta":{"_acf_changed":false,"_monsterinsights_skip_tracking":false,"slim_seo":{"title":"Chalecos azules - Opini\u00f3n P\u00fablica","description":"Ra\u00fal Ruiz ____________________________ En el arranque rumbo al 27, los morenacos llevan una ventaja de casi 4 a 1, sobre los de la alianza transg\u00e9nero. Los Nara"},"footnotes":""},"categories":[21],"tags":[593],"class_list":["post-54062","post","type-post","status-publish","format-standard","has-post-thumbnail","hentry","category-cartapacio","tag-cartapacio"],"acf":[],"_links":{"self":[{"href":"https:\/\/www.opinionpublica.tv\/portada\/wp-json\/wp\/v2\/posts\/54062","targetHints":{"allow":["GET"]}}],"collection":[{"href":"https:\/\/www.opinionpublica.tv\/portada\/wp-json\/wp\/v2\/posts"}],"about":[{"href":"https:\/\/www.opinionpublica.tv\/portada\/wp-json\/wp\/v2\/types\/post"}],"author":[{"embeddable":true,"href":"https:\/\/www.opinionpublica.tv\/portada\/wp-json\/wp\/v2\/users\/6"}],"replies":[{"embeddable":true,"href":"https:\/\/www.opinionpublica.tv\/portada\/wp-json\/wp\/v2\/comments?post=54062"}],"version-history":[{"count":2,"href":"https:\/\/www.opinionpublica.tv\/portada\/wp-json\/wp\/v2\/posts\/54062\/revisions"}],"predecessor-version":[{"id":54064,"href":"https:\/\/www.opinionpublica.tv\/portada\/wp-json\/wp\/v2\/posts\/54062\/revisions\/54064"}],"wp:featuredmedia":[{"embeddable":true,"href":"https:\/\/www.opinionpublica.tv\/portada\/wp-json\/wp\/v2\/media\/43347"}],"wp:attachment":[{"href":"https:\/\/www.opinionpublica.tv\/portada\/wp-json\/wp\/v2\/media?parent=54062"}],"wp:term":[{"taxonomy":"category","embeddable":true,"href":"https:\/\/www.opinionpublica.tv\/portada\/wp-json\/wp\/v2\/categories?post=54062"},{"taxonomy":"post_tag","embeddable":true,"href":"https:\/\/www.opinionpublica.tv\/portada\/wp-json\/wp\/v2\/tags?post=54062"}],"curies":[{"name":"wp","href":"https:\/\/api.w.org\/{rel}","templated":true}]}}