{"id":54,"date":"2016-07-14T00:00:00","date_gmt":"2016-07-13T22:00:00","guid":{"rendered":"https:\/\/www.opinionpublica.tv\/portada\/2016\/07\/14\/muerte-en-el-zoologico-de-chapultepec-un-bisonte\/"},"modified":"2016-07-14T00:00:00","modified_gmt":"2016-07-13T22:00:00","slug":"muerte-en-el-zoologico-de-chapultepec-un-bisonte","status":"publish","type":"post","link":"https:\/\/www.opinionpublica.tv\/portada\/muerte-en-el-zoologico-de-chapultepec-un-bisonte\/","title":{"rendered":"Muere en el Zool\u00f3gico de Chapultepec un bisonte"},"content":{"rendered":"<p><img fetchpriority=\"high\" decoding=\"async\" class=\" size-full wp-image-53\" src=\"https:\/\/www.opinionpublica.tv\/portada\/wp-content\/uploads\/2016\/07\/d632334130a2b9d194362b7d857b88bf.jpg\" alt=\"\" width=\"665\" height=\"500\" srcset=\"https:\/\/www.opinionpublica.tv\/portada\/wp-content\/uploads\/2016\/07\/d632334130a2b9d194362b7d857b88bf.jpg 665w, https:\/\/www.opinionpublica.tv\/portada\/wp-content\/uploads\/2016\/07\/d632334130a2b9d194362b7d857b88bf-300x226.jpg 300w\" sizes=\"(max-width: 665px) 100vw, 665px\" \/><\/p>\n<p>La Secretar\u00eda del Medio Ambiente de la Ciudad de M\u00e9xico (Sedema), confirm\u00f3 el fallecimiento de una hembra de bisonte americano (Bison bison), albergada en el Bioma de Pastizales del Zool\u00f3gico de Chapultepec.<\/p>\n<p>4 a\u00f1os 6 meses ten\u00eda la hembra bisonte que falleci\u00f3<\/p>\n<p>A trav\u00e9s de un comunicado, la\u00a0Direcci\u00f3n General de Zool\u00f3gicos y Vida Silvestre se\u00f1al\u00f3 que de\u00a0acuerdo con los primeros resultados de la necropsiapracticada al ejemplar, su muerte fue debido a un \u201ctraumatismo de cong\u00e9neres\u201d, es decir derivado de un golpe que le propin\u00f3 otro bisonte de su grupo.<\/p>\n<p>Detall\u00f3 que ayer, los trabajadores responsables del cuidado de esta especie reportaron que una de las hembras adultas de bisonte americano se encontraba postrada dentro de su albergue, motivo por el cual se dio aviso a los m\u00e9dicosveterinarios, quienes de inmediato le brindaron atenci\u00f3n al presentar dificultades para respirar, por lo que decidieron iniciar su manejo m\u00e9dico, una vez que lograron guardar a los otros ejemplares.<\/p>\n<p>Esta hembra de cuatro a\u00f1os seis meses de edad, lleg\u00f3 de Intercambio con elZool\u00f3gico de Wamer\u00fa, en el estado de Quer\u00e9taro, el pasado 18 de enero de 2013, y en su estad\u00eda en el Zool\u00f3gico de Chapultepec logr\u00f3 reproducirse en dos ocasiones; las cr\u00edas de esta hembra se encuentran en buen estado de salud.<\/p>\n<p>mca<\/p>\n<div class=\"k2_video\"><iframe title=\"CR\u00cdAS DE BISONTE-ZOOL\u00d3GICO DE CHAPULTEPEC\" width=\"800\" height=\"450\" src=\"https:\/\/www.youtube.com\/embed\/2O_YKpQ1EGo?feature=oembed\" frameborder=\"0\" allow=\"accelerometer; autoplay; clipboard-write; encrypted-media; gyroscope; picture-in-picture; web-share\" referrerpolicy=\"strict-origin-when-cross-origin\" allowfullscreen><\/iframe>\n<\/div>\n","protected":false},"excerpt":{"rendered":"<p>La Secretar\u00eda del Medio Ambiente de la Ciudad de M\u00e9xico (Sedema), confirm\u00f3 el fallecimiento de una hembra de bisonte americano (Bison bison), albergada en el Bioma de Pastizales del Zool\u00f3gico de Chapultepec. 4 a\u00f1os 6 meses ten\u00eda la hembra bisonte que falleci\u00f3 A trav\u00e9s de un comunicado, la\u00a0Direcci\u00f3n General de Zool\u00f3gicos y Vida Silvestre se\u00f1al\u00f3 [&hellip;]<\/p>\n","protected":false},"author":1,"featured_media":53,"comment_status":"open","ping_status":"open","sticky":false,"template":"","format":"standard","meta":{"_acf_changed":false,"_monsterinsights_skip_tracking":false,"slim_seo":{"title":"Muere en el Zool\u00f3gico de Chapultepec un bisonte - Opini\u00f3n P\u00fablica","description":"La Secretar\u00eda del Medio Ambiente de la Ciudad de M\u00e9xico (Sedema), confirm\u00f3 el fallecimiento de una hembra de bisonte americano (Bison bison), albergada en el Bi"},"footnotes":""},"categories":[14],"tags":[],"class_list":["post-54","post","type-post","status-publish","format-standard","has-post-thumbnail","hentry","category-historias"],"acf":[],"_links":{"self":[{"href":"https:\/\/www.opinionpublica.tv\/portada\/wp-json\/wp\/v2\/posts\/54","targetHints":{"allow":["GET"]}}],"collection":[{"href":"https:\/\/www.opinionpublica.tv\/portada\/wp-json\/wp\/v2\/posts"}],"about":[{"href":"https:\/\/www.opinionpublica.tv\/portada\/wp-json\/wp\/v2\/types\/post"}],"author":[{"embeddable":true,"href":"https:\/\/www.opinionpublica.tv\/portada\/wp-json\/wp\/v2\/users\/1"}],"replies":[{"embeddable":true,"href":"https:\/\/www.opinionpublica.tv\/portada\/wp-json\/wp\/v2\/comments?post=54"}],"version-history":[{"count":0,"href":"https:\/\/www.opinionpublica.tv\/portada\/wp-json\/wp\/v2\/posts\/54\/revisions"}],"wp:featuredmedia":[{"embeddable":true,"href":"https:\/\/www.opinionpublica.tv\/portada\/wp-json\/wp\/v2\/media\/53"}],"wp:attachment":[{"href":"https:\/\/www.opinionpublica.tv\/portada\/wp-json\/wp\/v2\/media?parent=54"}],"wp:term":[{"taxonomy":"category","embeddable":true,"href":"https:\/\/www.opinionpublica.tv\/portada\/wp-json\/wp\/v2\/categories?post=54"},{"taxonomy":"post_tag","embeddable":true,"href":"https:\/\/www.opinionpublica.tv\/portada\/wp-json\/wp\/v2\/tags?post=54"}],"curies":[{"name":"wp","href":"https:\/\/api.w.org\/{rel}","templated":true}]}}