{"id":53942,"date":"2025-02-22T08:41:32","date_gmt":"2025-02-22T15:41:32","guid":{"rendered":"https:\/\/www.opinionpublica.tv\/portada\/?p=53942"},"modified":"2025-02-22T08:42:15","modified_gmt":"2025-02-22T15:42:15","slug":"el-libro-de-la-semana-recupera-tu-mente-reconquista-tu-vida-de-marian-rojas-estape","status":"publish","type":"post","link":"https:\/\/www.opinionpublica.tv\/portada\/el-libro-de-la-semana-recupera-tu-mente-reconquista-tu-vida-de-marian-rojas-estape\/","title":{"rendered":"El Libro de la Semana: Recupera tu mente, reconquista tu vida de Marian Rojas Estap\u00e9"},"content":{"rendered":"\n<div class=\"wp-block-columns is-layout-flex wp-container-core-columns-is-layout-7387b849 wp-block-columns-is-layout-flex\">\n<div class=\"wp-block-column is-layout-flow wp-block-column-is-layout-flow\">\n<h2 class=\"wp-block-heading\"><strong>\u00bfSientes que tu mente te sabotea? Este libro te ayudar\u00e1 a recuperarla<\/strong><\/h2>\n\n\n\n<p class=\"wp-block-paragraph\">Seguro te ha pasado: est\u00e1s en piloto autom\u00e1tico, tu mente salta de preocupaci\u00f3n en preocupaci\u00f3n, y por m\u00e1s que intentas relajarte, el estr\u00e9s no te suelta. Pues bien, <em>Recupera tu mente, reconquista tu vida<\/em> de <strong>Marian Rojas Estap\u00e9<\/strong> es el libro que necesitas si quieres entender c\u00f3mo funciona tu cerebro y, m\u00e1s importante, c\u00f3mo puedes tomar las riendas de tu vida.<\/p>\n<\/div>\n\n\n\n<div class=\"wp-block-column is-layout-flow wp-block-column-is-layout-flow\">\n<figure class=\"wp-block-image size-large\"><img fetchpriority=\"high\" decoding=\"async\" width=\"668\" height=\"1024\" src=\"https:\/\/www.opinionpublica.tv\/portada\/wp-content\/uploads\/2025\/02\/Recupera-tu-mente-reconquista-tu-vida-668x1024.jpg\" alt=\"Recupera Tu Mente Reconquista Tu Vida\" class=\"wp-image-53943\" srcset=\"https:\/\/www.opinionpublica.tv\/portada\/wp-content\/uploads\/2025\/02\/Recupera-tu-mente-reconquista-tu-vida-668x1024.jpg 668w, https:\/\/www.opinionpublica.tv\/portada\/wp-content\/uploads\/2025\/02\/Recupera-tu-mente-reconquista-tu-vida-196x300.jpg 196w, https:\/\/www.opinionpublica.tv\/portada\/wp-content\/uploads\/2025\/02\/Recupera-tu-mente-reconquista-tu-vida-768x1177.jpg 768w, https:\/\/www.opinionpublica.tv\/portada\/wp-content\/uploads\/2025\/02\/Recupera-tu-mente-reconquista-tu-vida.jpg 979w\" sizes=\"(max-width: 668px) 100vw, 668px\" \/><\/figure>\n<\/div>\n<\/div>\n\n\n\n<p class=\"wp-block-paragraph\">Si ya conoces a la autora por <em>C\u00f3mo hacer que te pasen cosas buenas<\/em>, sabr\u00e1s que tiene una forma de explicar la psicolog\u00eda y la neurociencia de manera sencilla, casi como si estuvieras tomando un caf\u00e9 con una amiga sabia. En este nuevo libro, Rojas Estap\u00e9 nos lleva m\u00e1s profundo en la relaci\u00f3n entre nuestra mente y nuestras emociones, enfoc\u00e1ndose en un problema que todos enfrentamos hoy en d\u00eda: el <strong>exceso de informaci\u00f3n, la ansiedad y el mal uso de la tecnolog\u00eda<\/strong>.<\/p>\n\n\n\n<h3 class=\"wp-block-heading\"><strong>\u00bfDe qu\u00e9 va el libro?<\/strong><\/h3>\n\n\n\n<p class=\"wp-block-paragraph\">La autora explica c\u00f3mo <strong>nuestros pensamientos y emociones afectan nuestra bioqu\u00edmica<\/strong>, especialmente el cortisol (la hormona del estr\u00e9s) y la dopamina (la de la recompensa). Tambi\u00e9n nos hace ver c\u00f3mo la forma en que usamos el celular, el exceso de notificaciones y la falta de descanso est\u00e1n alterando nuestra capacidad de concentraci\u00f3n y felicidad.<\/p>\n\n\n\n<p class=\"wp-block-paragraph\">Uno de los conceptos m\u00e1s interesantes es el de la <strong>hiperestimulaci\u00f3n digital<\/strong>: el hecho de que estamos tan bombardeados de informaci\u00f3n que nuestra mente ya no sabe distinguir lo urgente de lo importante. Y s\u00ed, esto nos lleva a procrastinar, a estar m\u00e1s ansiosos y a sentirnos constantemente insatisfechos.<\/p>\n\n\n\n<p class=\"wp-block-paragraph\">Pero aqu\u00ed viene lo bueno: <strong>no es un libro para asustarnos, sino para darnos herramientas pr\u00e1cticas<\/strong>. Rojas Estap\u00e9 nos ense\u00f1a c\u00f3mo podemos reconectar con el presente, fortalecer nuestra capacidad de atenci\u00f3n y vivir con m\u00e1s calma.<\/p>\n\n\n\n<h3 class=\"wp-block-heading\"><strong>Lo mejor del libro<\/strong><\/h3>\n\n\n\n<ol class=\"wp-block-list\">\n<li><strong>Explicaciones sencillas y cient\u00edficas<\/strong>: No necesitas ser un experto en neurociencia para entenderlo. La autora usa ejemplos cotidianos que hacen que todo tenga sentido.<\/li>\n\n\n\n<li><strong>Consejos aplicables<\/strong>: No es solo teor\u00eda. Aprendes a gestionar tu atenci\u00f3n, a evitar el \u00abmodo supervivencia\u00bb y a recuperar el control sobre tu mente.<\/li>\n\n\n\n<li><strong>Reflexi\u00f3n sobre el mundo digital<\/strong>: No se trata de demonizar el celular, sino de usarlo con conciencia.<\/li>\n<\/ol>\n\n\n\n<h3 class=\"wp-block-heading\"><strong>\u00bfPara qui\u00e9n es este libro?<\/strong><\/h3>\n\n\n\n<p class=\"wp-block-paragraph\">Si sientes que la ansiedad, el estr\u00e9s y la distracci\u00f3n te est\u00e1n ganando la batalla, este libro es para ti. Tambi\u00e9n si quieres mejorar tu productividad sin sentirte abrumado o simplemente si te interesa entender mejor c\u00f3mo funciona tu cerebro en la era digital.<\/p>\n\n\n\n<h3 class=\"wp-block-heading\"><strong>Conclusi\u00f3n<\/strong><\/h3>\n\n\n\n<p class=\"wp-block-paragraph\"><em>Recupera tu mente, reconquista tu vida<\/em> es una lectura esencial para cualquiera que quiera vivir con m\u00e1s claridad mental y bienestar emocional. Marian Rojas Estap\u00e9 logra, una vez m\u00e1s, traducir la psicolog\u00eda y la neurociencia en herramientas \u00fatiles para la vida diaria.<\/p>\n\n\n\n<p class=\"wp-block-paragraph\">As\u00ed que, si \u00faltimamente te sientes disperso, cansado o atrapado en un ciclo de distracci\u00f3n y estr\u00e9s, dale una oportunidad a este libro. Quiz\u00e1s, al final, termines reconquistando no solo tu mente, sino tambi\u00e9n tu vida.<\/p>\n","protected":false},"excerpt":{"rendered":"<p>\u00bfSientes que tu mente te sabotea? Este libro te ayudar\u00e1 a recuperarla Seguro te ha pasado: est\u00e1s en piloto autom\u00e1tico, tu mente salta de preocupaci\u00f3n en preocupaci\u00f3n, y por m\u00e1s que intentas relajarte, el estr\u00e9s no te suelta. Pues bien, Recupera tu mente, reconquista tu vida de Marian Rojas Estap\u00e9 es el libro que necesitas [&hellip;]<\/p>\n","protected":false},"author":1,"featured_media":53943,"comment_status":"open","ping_status":"open","sticky":false,"template":"","format":"standard","meta":{"_acf_changed":false,"_monsterinsights_skip_tracking":false,"slim_seo":{"title":"El Libro de la Semana: Recupera tu mente, reconquista tu vida de Marian Rojas Estap\u00e9 - Opini\u00f3n P\u00fablica","description":"\u00bfSientes que tu mente te sabotea? Este libro te ayudar\u00e1 a recuperarla Seguro te ha pasado: est\u00e1s en piloto autom\u00e1tico, tu mente salta de preocupaci\u00f3n en preocup"},"footnotes":""},"categories":[1007],"tags":[],"class_list":["post-53942","post","type-post","status-publish","format-standard","has-post-thumbnail","hentry","category-el-libro-de-la-semana"],"acf":[],"_links":{"self":[{"href":"https:\/\/www.opinionpublica.tv\/portada\/wp-json\/wp\/v2\/posts\/53942","targetHints":{"allow":["GET"]}}],"collection":[{"href":"https:\/\/www.opinionpublica.tv\/portada\/wp-json\/wp\/v2\/posts"}],"about":[{"href":"https:\/\/www.opinionpublica.tv\/portada\/wp-json\/wp\/v2\/types\/post"}],"author":[{"embeddable":true,"href":"https:\/\/www.opinionpublica.tv\/portada\/wp-json\/wp\/v2\/users\/1"}],"replies":[{"embeddable":true,"href":"https:\/\/www.opinionpublica.tv\/portada\/wp-json\/wp\/v2\/comments?post=53942"}],"version-history":[{"count":2,"href":"https:\/\/www.opinionpublica.tv\/portada\/wp-json\/wp\/v2\/posts\/53942\/revisions"}],"predecessor-version":[{"id":53946,"href":"https:\/\/www.opinionpublica.tv\/portada\/wp-json\/wp\/v2\/posts\/53942\/revisions\/53946"}],"wp:featuredmedia":[{"embeddable":true,"href":"https:\/\/www.opinionpublica.tv\/portada\/wp-json\/wp\/v2\/media\/53943"}],"wp:attachment":[{"href":"https:\/\/www.opinionpublica.tv\/portada\/wp-json\/wp\/v2\/media?parent=53942"}],"wp:term":[{"taxonomy":"category","embeddable":true,"href":"https:\/\/www.opinionpublica.tv\/portada\/wp-json\/wp\/v2\/categories?post=53942"},{"taxonomy":"post_tag","embeddable":true,"href":"https:\/\/www.opinionpublica.tv\/portada\/wp-json\/wp\/v2\/tags?post=53942"}],"curies":[{"name":"wp","href":"https:\/\/api.w.org\/{rel}","templated":true}]}}