{"id":5387,"date":"2016-10-05T06:00:00","date_gmt":"2016-10-05T04:00:00","guid":{"rendered":"https:\/\/www.opinionpublica.tv\/portada\/2016\/10\/05\/demi-lovato-anuncia-un-descanso-profesional\/"},"modified":"2016-10-05T06:00:00","modified_gmt":"2016-10-05T04:00:00","slug":"demi-lovato-anuncia-un-descanso-profesional","status":"publish","type":"post","link":"https:\/\/www.opinionpublica.tv\/portada\/demi-lovato-anuncia-un-descanso-profesional\/","title":{"rendered":"Demi Lovato anuncia un descanso profesional"},"content":{"rendered":"<p><img fetchpriority=\"high\" decoding=\"async\" class=\" size-full wp-image-5386\" src=\"https:\/\/www.opinionpublica.tv\/portada\/wp-content\/uploads\/2016\/10\/0dab4f73f8e74db8e0ccfc58e81bacd1.jpg\" alt=\"\" width=\"514\" height=\"360\" srcset=\"https:\/\/www.opinionpublica.tv\/portada\/wp-content\/uploads\/2016\/10\/0dab4f73f8e74db8e0ccfc58e81bacd1.jpg 514w, https:\/\/www.opinionpublica.tv\/portada\/wp-content\/uploads\/2016\/10\/0dab4f73f8e74db8e0ccfc58e81bacd1-300x210.jpg 300w\" sizes=\"(max-width: 514px) 100vw, 514px\" \/><\/p>\n<p style=\"text-align: justify;\">La cantante Demi Lovato se tomar\u00e1 un descanso de la m\u00fasica en 2017.<\/p>\n<p>\u00a0<\/p>\n<p><!--more--><\/p>\n<p style=\"text-align: justify;\">La ex estrella de Disney confes\u00f3 estar deseando que llegue el a\u00f1o que viene para hacer una pausa en su agitada carrera.<\/p>\n<blockquote>\n<p>Tan emocionada con 2017. Tomando un descanso de la m\u00fasica y del punto de mira&#8230; yo no estoy destinada para este negocio ni para los medios de comunicaci\u00f3n\u00bb, tuite\u00f3 la artista horas despu\u00e9s de compartir su portada de noviembre para la revista &#8216;Glamour&#8217;.<\/p>\n<\/blockquote>\n<p style=\"text-align: justify;\">Sus seguidores reaccionaron inmediatamente al anuncio y muchos fueron los que le preguntaron si su tregua profesional era una cuesti\u00f3n temporal.<\/p>\n<p style=\"text-align: justify;\">La estrella musical originaria de Albuquerque, Nuevo M\u00e9xico, no aclar\u00f3 la decisi\u00f3n con su contestaci\u00f3n.<\/p>\n<blockquote>\n<p>No lo s\u00e9. No me siento digna de ello. Prefiero hacer trabajo de caridad (para ser honesta)\u00bb, destac\u00f3 Lovato.<\/p>\n<\/blockquote>\n<p style=\"text-align: justify;\">La int\u00e9rprete de <em>Stone Cold\u00a0<\/em>\u00a0tiene todav\u00eda programados varios conciertos de su actual gira <em>Future Cold<\/em> como cabeza de cartel \u00fanica y sin Nick Jonas, con el que ha compartido tour en los \u00faltimos meses.<\/p>\n<p style=\"text-align: justify;\">Su \u00faltima actuaci\u00f3n programada tiene fecha del 3 de febrero de 2017 en el RedfestDSB de Dubai.<\/p>\n","protected":false},"excerpt":{"rendered":"<p>La cantante Demi Lovato se tomar\u00e1 un descanso de la m\u00fasica en 2017. \u00a0<\/p>\n","protected":false},"author":1,"featured_media":5386,"comment_status":"open","ping_status":"open","sticky":false,"template":"","format":"standard","meta":{"_acf_changed":false,"_monsterinsights_skip_tracking":false,"slim_seo":{"title":"Demi Lovato anuncia un descanso profesional - Opini\u00f3n P\u00fablica","description":"La cantante Demi Lovato se tomar\u00e1 un descanso de la m\u00fasica en 2017. \u00a0 La ex estrella de Disney confes\u00f3 estar deseando que llegue el a\u00f1o que viene para hacer una"},"footnotes":""},"categories":[11],"tags":[],"class_list":["post-5387","post","type-post","status-publish","format-standard","has-post-thumbnail","hentry","category-tendencias"],"acf":[],"_links":{"self":[{"href":"https:\/\/www.opinionpublica.tv\/portada\/wp-json\/wp\/v2\/posts\/5387","targetHints":{"allow":["GET"]}}],"collection":[{"href":"https:\/\/www.opinionpublica.tv\/portada\/wp-json\/wp\/v2\/posts"}],"about":[{"href":"https:\/\/www.opinionpublica.tv\/portada\/wp-json\/wp\/v2\/types\/post"}],"author":[{"embeddable":true,"href":"https:\/\/www.opinionpublica.tv\/portada\/wp-json\/wp\/v2\/users\/1"}],"replies":[{"embeddable":true,"href":"https:\/\/www.opinionpublica.tv\/portada\/wp-json\/wp\/v2\/comments?post=5387"}],"version-history":[{"count":0,"href":"https:\/\/www.opinionpublica.tv\/portada\/wp-json\/wp\/v2\/posts\/5387\/revisions"}],"wp:featuredmedia":[{"embeddable":true,"href":"https:\/\/www.opinionpublica.tv\/portada\/wp-json\/wp\/v2\/media\/5386"}],"wp:attachment":[{"href":"https:\/\/www.opinionpublica.tv\/portada\/wp-json\/wp\/v2\/media?parent=5387"}],"wp:term":[{"taxonomy":"category","embeddable":true,"href":"https:\/\/www.opinionpublica.tv\/portada\/wp-json\/wp\/v2\/categories?post=5387"},{"taxonomy":"post_tag","embeddable":true,"href":"https:\/\/www.opinionpublica.tv\/portada\/wp-json\/wp\/v2\/tags?post=5387"}],"curies":[{"name":"wp","href":"https:\/\/api.w.org\/{rel}","templated":true}]}}