{"id":5385,"date":"2016-10-05T06:00:00","date_gmt":"2016-10-05T04:00:00","guid":{"rendered":"https:\/\/www.opinionpublica.tv\/portada\/2016\/10\/05\/el-times-en-riesgo-de-demanda-por-trump\/"},"modified":"2016-10-05T06:00:00","modified_gmt":"2016-10-05T04:00:00","slug":"el-times-en-riesgo-de-demanda-por-trump","status":"publish","type":"post","link":"https:\/\/www.opinionpublica.tv\/portada\/el-times-en-riesgo-de-demanda-por-trump\/","title":{"rendered":"El Times en riesgo de demanda por Trump"},"content":{"rendered":"<p><img fetchpriority=\"high\" decoding=\"async\" class=\" size-full wp-image-5384\" src=\"https:\/\/www.opinionpublica.tv\/portada\/wp-content\/uploads\/2016\/10\/729b3e17358bfb4bd8c4756f57808f97.jpg\" alt=\"\" width=\"588\" height=\"432\" srcset=\"https:\/\/www.opinionpublica.tv\/portada\/wp-content\/uploads\/2016\/10\/729b3e17358bfb4bd8c4756f57808f97.jpg 588w, https:\/\/www.opinionpublica.tv\/portada\/wp-content\/uploads\/2016\/10\/729b3e17358bfb4bd8c4756f57808f97-300x220.jpg 300w\" sizes=\"(max-width: 588px) 100vw, 588px\" \/><\/p>\n<p style=\"text-align: justify;\">Los editores del diario The New York Times (NYT) corren el riesgo de una demanda y potencialmente ir a la c\u00e1rcel por publicar sin autorizaci\u00f3n la declaraci\u00f3n fiscal del candidato presidencial republicano Donald Trump.<\/p>\n<p><!--more--><\/p>\n<p style=\"text-align: justify;\">Seg\u00fan expertos, esto ser\u00eda as\u00ed debido a que la divulgaci\u00f3n de una declaraci\u00f3n fiscal sin autorizaci\u00f3n es un delito en Estados Unidos que se castiga con multas y prisi\u00f3n.<\/p>\n<p style=\"text-align: justify;\">Bajo la ley federal estadounidense es ilegal publicar la declaraci\u00f3n de impuestos de otra persona sin su consentimiento, un delito punible con hasta 5,000 d\u00f3lares de multa y\/o hasta cinco a\u00f1os de c\u00e1rcel, adem\u00e1s del pago de los gastos legales del injuriado.<\/p>\n<p style=\"text-align: justify;\">Susan Craig, una reportera de la secci\u00f3n Metro del NYT, recibi\u00f3 el legajo de documentos de manera an\u00f3nima en su caj\u00f3n de correo el 23 de septiembre. Ocho d\u00edas despu\u00e9s, tras haber confirmado su veracidad, el editor del diario, Dean Baquet, decidi\u00f3 publicarlos.<\/p>\n<p style=\"text-align: justify;\">\u201cEl se\u00f1or Trump, a trav\u00e9s de un portavoz, no desminti\u00f3 ni confirm\u00f3 los registros de impuestos, pero amenaz\u00f3 con (tomar una) acci\u00f3n legal si los public\u00e1bamos\u201d, relat\u00f3 Craig.<\/p>\n<p style=\"text-align: justify;\">Cuestionada por la cadena ABC si tem\u00eda una demanda de Trump, la reportera del Times desestim\u00f3 la implicaci\u00f3n: \u201cLa \u00faltima vez que chequ\u00e9, no era un delito checar tu correo\u201d.<\/p>\n<p style=\"text-align: justify;\">Baquet, el editor en jefe de The New York Times, hab\u00eda declarado la primera quincena de septiembre, durante un foro en la Universidad de Harvard, que estaba dispuesto a pelear y posiblemente ir a la c\u00e1rcel para publicar las declaraciones fiscales de Trump.<\/p>\n<p style=\"text-align: justify;\">Ciertamente, el editor del Times hab\u00eda armado un equipo especial dedicado expresamente al tema de los impuestos de Trump. En el equipo se encontraba, adem\u00e1s de Craig, el periodista de investigaci\u00f3n David Barstow, ganador del Premio Pulitzer en tres ocasiones.<\/p>\n<p style=\"text-align: justify;\">Informaci\u00f3n de Expansi\u00f3n<\/p>\n","protected":false},"excerpt":{"rendered":"<p>Los editores del diario The New York Times (NYT) corren el riesgo de una demanda y potencialmente ir a la c\u00e1rcel por publicar sin autorizaci\u00f3n la declaraci\u00f3n fiscal del candidato presidencial republicano Donald Trump.<\/p>\n","protected":false},"author":1,"featured_media":5384,"comment_status":"open","ping_status":"open","sticky":false,"template":"","format":"standard","meta":{"_acf_changed":false,"_monsterinsights_skip_tracking":false,"slim_seo":{"title":"El Times en riesgo de demanda por Trump - Opini\u00f3n P\u00fablica","description":"Los editores del diario The New York Times (NYT) corren el riesgo de una demanda y potencialmente ir a la c\u00e1rcel por publicar sin autorizaci\u00f3n la declaraci\u00f3n fi"},"footnotes":""},"categories":[30],"tags":[],"class_list":["post-5385","post","type-post","status-publish","format-standard","has-post-thumbnail","hentry","category-elecciones-estados-unidos"],"acf":[],"_links":{"self":[{"href":"https:\/\/www.opinionpublica.tv\/portada\/wp-json\/wp\/v2\/posts\/5385","targetHints":{"allow":["GET"]}}],"collection":[{"href":"https:\/\/www.opinionpublica.tv\/portada\/wp-json\/wp\/v2\/posts"}],"about":[{"href":"https:\/\/www.opinionpublica.tv\/portada\/wp-json\/wp\/v2\/types\/post"}],"author":[{"embeddable":true,"href":"https:\/\/www.opinionpublica.tv\/portada\/wp-json\/wp\/v2\/users\/1"}],"replies":[{"embeddable":true,"href":"https:\/\/www.opinionpublica.tv\/portada\/wp-json\/wp\/v2\/comments?post=5385"}],"version-history":[{"count":0,"href":"https:\/\/www.opinionpublica.tv\/portada\/wp-json\/wp\/v2\/posts\/5385\/revisions"}],"wp:featuredmedia":[{"embeddable":true,"href":"https:\/\/www.opinionpublica.tv\/portada\/wp-json\/wp\/v2\/media\/5384"}],"wp:attachment":[{"href":"https:\/\/www.opinionpublica.tv\/portada\/wp-json\/wp\/v2\/media?parent=5385"}],"wp:term":[{"taxonomy":"category","embeddable":true,"href":"https:\/\/www.opinionpublica.tv\/portada\/wp-json\/wp\/v2\/categories?post=5385"},{"taxonomy":"post_tag","embeddable":true,"href":"https:\/\/www.opinionpublica.tv\/portada\/wp-json\/wp\/v2\/tags?post=5385"}],"curies":[{"name":"wp","href":"https:\/\/api.w.org\/{rel}","templated":true}]}}