{"id":53849,"date":"2025-02-21T00:01:00","date_gmt":"2025-02-21T07:01:00","guid":{"rendered":"https:\/\/www.opinionpublica.tv\/portada\/?p=53849"},"modified":"2025-02-20T22:20:52","modified_gmt":"2025-02-21T05:20:52","slug":"se-reunen-perez-cuellar-y-el-escultor-sebastian-buscan-instalar-arte-en-el-suroriente","status":"publish","type":"post","link":"https:\/\/www.opinionpublica.tv\/portada\/se-reunen-perez-cuellar-y-el-escultor-sebastian-buscan-instalar-arte-en-el-suroriente\/","title":{"rendered":"Se re\u00fanen P\u00e9rez Cu\u00e9llar y el escultor Sebasti\u00e1n, buscan instalar arte en el suroriente"},"content":{"rendered":"\n<figure class=\"wp-block-image size-large\"><img fetchpriority=\"high\" decoding=\"async\" width=\"1024\" height=\"682\" src=\"https:\/\/www.opinionpublica.tv\/portada\/wp-content\/uploads\/2025\/02\/Se-reunen-Perez-Cuellar-y-el-escultor-Sebastian-buscan-instalar-arte-en-el-suroriente-1024x682.jpeg\" alt=\"Se Reu\u0301nen Pe\u0301rez Cue\u0301llar Y El Escultor Sebastia\u0301n, Buscan Instalar Arte En El Suroriente\" class=\"wp-image-53852\" srcset=\"https:\/\/www.opinionpublica.tv\/portada\/wp-content\/uploads\/2025\/02\/Se-reunen-Perez-Cuellar-y-el-escultor-Sebastian-buscan-instalar-arte-en-el-suroriente-1024x682.jpeg 1024w, https:\/\/www.opinionpublica.tv\/portada\/wp-content\/uploads\/2025\/02\/Se-reunen-Perez-Cuellar-y-el-escultor-Sebastian-buscan-instalar-arte-en-el-suroriente-300x200.jpeg 300w, https:\/\/www.opinionpublica.tv\/portada\/wp-content\/uploads\/2025\/02\/Se-reunen-Perez-Cuellar-y-el-escultor-Sebastian-buscan-instalar-arte-en-el-suroriente-768x512.jpeg 768w, https:\/\/www.opinionpublica.tv\/portada\/wp-content\/uploads\/2025\/02\/Se-reunen-Perez-Cuellar-y-el-escultor-Sebastian-buscan-instalar-arte-en-el-suroriente-1536x1023.jpeg 1536w, https:\/\/www.opinionpublica.tv\/portada\/wp-content\/uploads\/2025\/02\/Se-reunen-Perez-Cuellar-y-el-escultor-Sebastian-buscan-instalar-arte-en-el-suroriente.jpeg 1600w\" sizes=\"(max-width: 1024px) 100vw, 1024px\" \/><\/figure>\n\n\n\n<p class=\"wp-block-paragraph\"><em>Ciudad Ju\u00e1rez, Chih<\/em>.- El presidente municipal, Cruz P\u00e9rez Cu\u00e9llar tuvo una reuni\u00f3n con el reconocido escultor mexicano Enrique Carbajal, mejor conocido como \u00abSebasti\u00e1n\u00bb, para dialogar sobre la posibilidad de integrar alguna de sus obras en el Parque Suroriente.<\/p>\n\n\n\n<p class=\"wp-block-paragraph\">El alcalde destac\u00f3 la importancia de este encuentro y la oportunidad de fortalecer la identidad cultural de la ciudad a trav\u00e9s del arte.<\/p>\n\n\n\n<p class=\"wp-block-paragraph\">Por su parte, Sebasti\u00e1n calific\u00f3 la reuni\u00f3n como un di\u00e1logo cordial y destac\u00f3 la visi\u00f3n del Presidente Municipal.<\/p>\n\n\n\n<p class=\"wp-block-paragraph\">\u00abEs una reuni\u00f3n con un personaje que nos ha demostrado que tiene sensibilidad y visi\u00f3n. Hasta ah\u00ed le puedo decir, porque no llegamos a m\u00e1s cosas, pero yo espero que vamos a llegar\u00bb, expres\u00f3 el artista.<\/p>\n\n\n\n<p class=\"wp-block-paragraph\">El escultor tambi\u00e9n resalt\u00f3 el impacto que ha tenido \u00abLa Equis\u00bb, una de sus obras m\u00e1s representativas en Ciudad Ju\u00e1rez.<\/p>\n\n\n\n<p class=\"wp-block-paragraph\">\u00abMe da mucho gusto que la equis de Ju\u00e1rez ya se volvi\u00f3 un \u00edcono de esta ciudad. Y eso no es solo para m\u00ed, sino para Ju\u00e1rez, para el estado, para M\u00e9xico y que est\u00e1 publicada en muchos lugares del mundo. Eso me emociona porque Ju\u00e1rez permanece y tiene una presencia\u00bb, mencion\u00f3.<\/p>\n\n\n\n<p class=\"wp-block-paragraph\">Sebasti\u00e1n record\u00f3 que en sus inicios, la obra fue objeto de cr\u00edticas, pero con el tiempo se ha consolidado como un emblema de la ciudad. \u00abAl principio no la quer\u00edan y me atacaban. Y yo les dije: \u2018se va a volver \u00edcono y va a ser parte nuestra\u2019. Y ah\u00ed est\u00e1. Me da gusto haberlo logrado\u00bb.<\/p>\n\n\n\n<p class=\"wp-block-paragraph\">Sobre la posibilidad de nuevos proyectos con el Gobierno Municipal, Sebasti\u00e1n se mostr\u00f3 abierto a la colaboraci\u00f3n. \u00abAbsolutamente, siempre. Pues yo me dedico a eso, yo hago esas cosas\u00bb, concluy\u00f3.<\/p>\n","protected":false},"excerpt":{"rendered":"<p>Ciudad Ju\u00e1rez, Chih.- El presidente municipal, Cruz P\u00e9rez Cu\u00e9llar tuvo una reuni\u00f3n con el reconocido escultor mexicano Enrique Carbajal, mejor conocido como \u00abSebasti\u00e1n\u00bb, para dialogar sobre la posibilidad de integrar alguna de sus obras en el Parque Suroriente. El alcalde destac\u00f3 la importancia de este encuentro y la oportunidad de fortalecer la identidad cultural de [&hellip;]<\/p>\n","protected":false},"author":6,"featured_media":53852,"comment_status":"open","ping_status":"open","sticky":false,"template":"","format":"standard","meta":{"_acf_changed":false,"_monsterinsights_skip_tracking":false,"slim_seo":{"title":"Se re\u00fanen P\u00e9rez Cu\u00e9llar y el escultor Sebasti\u00e1n, buscan instalar arte en el suroriente - Opini\u00f3n P\u00fablica","description":"Ciudad Ju\u00e1rez, Chih .- El presidente municipal, Cruz P\u00e9rez Cu\u00e9llar tuvo una reuni\u00f3n con el reconocido escultor mexicano Enrique Carbajal, mejor conocido como \"S"},"footnotes":""},"categories":[41],"tags":[],"class_list":["post-53849","post","type-post","status-publish","format-standard","has-post-thumbnail","hentry","category-juarez"],"acf":[],"_links":{"self":[{"href":"https:\/\/www.opinionpublica.tv\/portada\/wp-json\/wp\/v2\/posts\/53849","targetHints":{"allow":["GET"]}}],"collection":[{"href":"https:\/\/www.opinionpublica.tv\/portada\/wp-json\/wp\/v2\/posts"}],"about":[{"href":"https:\/\/www.opinionpublica.tv\/portada\/wp-json\/wp\/v2\/types\/post"}],"author":[{"embeddable":true,"href":"https:\/\/www.opinionpublica.tv\/portada\/wp-json\/wp\/v2\/users\/6"}],"replies":[{"embeddable":true,"href":"https:\/\/www.opinionpublica.tv\/portada\/wp-json\/wp\/v2\/comments?post=53849"}],"version-history":[{"count":2,"href":"https:\/\/www.opinionpublica.tv\/portada\/wp-json\/wp\/v2\/posts\/53849\/revisions"}],"predecessor-version":[{"id":53853,"href":"https:\/\/www.opinionpublica.tv\/portada\/wp-json\/wp\/v2\/posts\/53849\/revisions\/53853"}],"wp:featuredmedia":[{"embeddable":true,"href":"https:\/\/www.opinionpublica.tv\/portada\/wp-json\/wp\/v2\/media\/53852"}],"wp:attachment":[{"href":"https:\/\/www.opinionpublica.tv\/portada\/wp-json\/wp\/v2\/media?parent=53849"}],"wp:term":[{"taxonomy":"category","embeddable":true,"href":"https:\/\/www.opinionpublica.tv\/portada\/wp-json\/wp\/v2\/categories?post=53849"},{"taxonomy":"post_tag","embeddable":true,"href":"https:\/\/www.opinionpublica.tv\/portada\/wp-json\/wp\/v2\/tags?post=53849"}],"curies":[{"name":"wp","href":"https:\/\/api.w.org\/{rel}","templated":true}]}}