{"id":53837,"date":"2025-02-21T00:01:00","date_gmt":"2025-02-21T07:01:00","guid":{"rendered":"https:\/\/www.opinionpublica.tv\/portada\/?p=53837"},"modified":"2025-02-20T22:10:10","modified_gmt":"2025-02-21T05:10:10","slug":"video-el-acercamiento-entre-donald-trump-y-vladimir-putin-bbc-mundo","status":"publish","type":"post","link":"https:\/\/www.opinionpublica.tv\/portada\/video-el-acercamiento-entre-donald-trump-y-vladimir-putin-bbc-mundo\/","title":{"rendered":"Video: El acercamiento entre Donald Trump y Vladimir Putin | BBC"},"content":{"rendered":"\n<p class=\"wp-block-paragraph\"><a href=\"https:\/\/www.youtube.com\/@BBCMundo\"><\/a><\/p>\n\n\n\n<figure class=\"wp-block-embed is-type-video is-provider-youtube wp-block-embed-youtube wp-embed-aspect-16-9 wp-has-aspect-ratio\"><div class=\"wp-block-embed__wrapper\">\n<iframe title=\"El acercamiento entre Trump y Putin | BBC Mundo\" width=\"800\" height=\"450\" src=\"https:\/\/www.youtube.com\/embed\/b2lwJ2fQU5U?feature=oembed\" frameborder=\"0\" allow=\"accelerometer; autoplay; clipboard-write; encrypted-media; gyroscope; picture-in-picture; web-share\" referrerpolicy=\"strict-origin-when-cross-origin\" allowfullscreen><\/iframe>\n<\/div><\/figure>\n\n\n\n<p class=\"wp-block-paragraph\">Donald Trump y Vladimir Putin han dado una enorme sacudida al tablero de la pol\u00edtica internacional en apenas una semana. Primero, una llamada telef\u00f3nica entre ambos l\u00edderes.<\/p>\n\n\n\n<p class=\"wp-block-paragraph\">Despu\u00e9s, la Conferencia de Seguridad de M\u00fanich, en la que quedaron claras las diferencias entre Europa y Estados Unidos. Por \u00faltimo, la reuni\u00f3n en Arabia Saudita entre los responsables de Exteriores de Washington y Mosc\u00fa.<\/p>\n\n\n\n<p class=\"wp-block-paragraph\">Y, por si fuera poco, Trump lleg\u00f3 a calificar de \u201cdictador\u201d al presidente ucraniano, Volodymyr Zelensky. Muchos se preguntan ahora, \u00bfestamos ante un nuevo orden mundial? Aqu\u00ed repasamos qu\u00e9 ha pasado en esta semana crucial para la guerra en Ucrania.<\/p>\n\n\n\n<p class=\"wp-block-paragraph\"><em>Cr\u00e9ditos: BBC Mundo<\/em>.<\/p>\n","protected":false},"excerpt":{"rendered":"<p>Donald Trump y Vladimir Putin han dado una enorme sacudida al tablero de la pol\u00edtica internacional en apenas una semana. Primero, una llamada telef\u00f3nica entre ambos l\u00edderes. Despu\u00e9s, la Conferencia de Seguridad de M\u00fanich, en la que quedaron claras las diferencias entre Europa y Estados Unidos. Por \u00faltimo, la reuni\u00f3n en Arabia Saudita entre los [&hellip;]<\/p>\n","protected":false},"author":6,"featured_media":53840,"comment_status":"open","ping_status":"open","sticky":false,"template":"","format":"standard","meta":{"_acf_changed":false,"_monsterinsights_skip_tracking":false,"slim_seo":{"title":"Video: El acercamiento entre Donald Trump y Vladimir Putin | BBC - Opini\u00f3n P\u00fablica","description":"https:\/\/youtu.be\/b2lwJ2fQU5U?si=8clVpsF3E947GmHS Donald Trump y Vladimir Putin han dado una enorme sacudida al tablero de la pol\u00edtica internacional en apenas un"},"footnotes":""},"categories":[2,13,8],"tags":[],"class_list":["post-53837","post","type-post","status-publish","format-standard","has-post-thumbnail","hentry","category-videos-destacados","category-videos-destacados-contenido","category-videos"],"acf":[],"_links":{"self":[{"href":"https:\/\/www.opinionpublica.tv\/portada\/wp-json\/wp\/v2\/posts\/53837","targetHints":{"allow":["GET"]}}],"collection":[{"href":"https:\/\/www.opinionpublica.tv\/portada\/wp-json\/wp\/v2\/posts"}],"about":[{"href":"https:\/\/www.opinionpublica.tv\/portada\/wp-json\/wp\/v2\/types\/post"}],"author":[{"embeddable":true,"href":"https:\/\/www.opinionpublica.tv\/portada\/wp-json\/wp\/v2\/users\/6"}],"replies":[{"embeddable":true,"href":"https:\/\/www.opinionpublica.tv\/portada\/wp-json\/wp\/v2\/comments?post=53837"}],"version-history":[{"count":2,"href":"https:\/\/www.opinionpublica.tv\/portada\/wp-json\/wp\/v2\/posts\/53837\/revisions"}],"predecessor-version":[{"id":53841,"href":"https:\/\/www.opinionpublica.tv\/portada\/wp-json\/wp\/v2\/posts\/53837\/revisions\/53841"}],"wp:featuredmedia":[{"embeddable":true,"href":"https:\/\/www.opinionpublica.tv\/portada\/wp-json\/wp\/v2\/media\/53840"}],"wp:attachment":[{"href":"https:\/\/www.opinionpublica.tv\/portada\/wp-json\/wp\/v2\/media?parent=53837"}],"wp:term":[{"taxonomy":"category","embeddable":true,"href":"https:\/\/www.opinionpublica.tv\/portada\/wp-json\/wp\/v2\/categories?post=53837"},{"taxonomy":"post_tag","embeddable":true,"href":"https:\/\/www.opinionpublica.tv\/portada\/wp-json\/wp\/v2\/tags?post=53837"}],"curies":[{"name":"wp","href":"https:\/\/api.w.org\/{rel}","templated":true}]}}