{"id":53782,"date":"2025-02-20T00:01:00","date_gmt":"2025-02-20T07:01:00","guid":{"rendered":"https:\/\/www.opinionpublica.tv\/portada\/?p=53782"},"modified":"2025-02-19T20:16:18","modified_gmt":"2025-02-20T03:16:18","slug":"errores-mas-comunes-al-hablar-y-escribir-en-espanol-bbc-mundo","status":"publish","type":"post","link":"https:\/\/www.opinionpublica.tv\/portada\/errores-mas-comunes-al-hablar-y-escribir-en-espanol-bbc-mundo\/","title":{"rendered":"Video: Errores comunes al hablar y escribir en espa\u00f1ol | BBC Mundo"},"content":{"rendered":"\n<figure class=\"wp-block-embed is-type-video is-provider-youtube wp-block-embed-youtube wp-embed-aspect-16-9 wp-has-aspect-ratio\"><div class=\"wp-block-embed__wrapper\">\n<iframe title=\"5 de los errores m\u00e1s comunes que cometemos a la hora de hablar y escribir en espa\u00f1ol | BBC Mundo\" width=\"800\" height=\"450\" src=\"https:\/\/www.youtube.com\/embed\/ljGdwLL9YT4?feature=oembed\" frameborder=\"0\" allow=\"accelerometer; autoplay; clipboard-write; encrypted-media; gyroscope; picture-in-picture; web-share\" referrerpolicy=\"strict-origin-when-cross-origin\" allowfullscreen><\/iframe>\n<\/div><\/figure>\n\n\n\n<p class=\"wp-block-paragraph\">\u00bfCu\u00e1ntas veces has dudado al escribir \u00abhay\u00bb, \u00abah\u00ed\u00bb o \u00abay\u00bb? \u00bfTe confundes entre palabras con v o b? \u00bfY qu\u00e9 me dices de los temidos \u00abporqu\u00e9s\u00bb? En este video se explican los errores m\u00e1s comunes al hablar y escribir en espa\u00f1ol, desde el uso de la coma del vocativo hasta los tropiezos con el verbo \u00abhaber\u00bb.<\/p>\n\n\n\n<p class=\"wp-block-paragraph\">Adem\u00e1s, compartimos trucos infalibles para no cometerlos, todo con la ayuda de una ling\u00fcista experta.<\/p>\n\n\n\n<p class=\"wp-block-paragraph\"><em>Cr\u00e9ditos: BBC Mundo<\/em>.<\/p>\n","protected":false},"excerpt":{"rendered":"<p>\u00bfCu\u00e1ntas veces has dudado al escribir \u00abhay\u00bb, \u00abah\u00ed\u00bb o \u00abay\u00bb? \u00bfTe confundes entre palabras con v o b? \u00bfY qu\u00e9 me dices de los temidos \u00abporqu\u00e9s\u00bb? En este video se explican los errores m\u00e1s comunes al hablar y escribir en espa\u00f1ol, desde el uso de la coma del vocativo hasta los tropiezos con el verbo [&hellip;]<\/p>\n","protected":false},"author":6,"featured_media":53785,"comment_status":"open","ping_status":"open","sticky":false,"template":"","format":"standard","meta":{"_acf_changed":false,"_monsterinsights_skip_tracking":false,"slim_seo":{"title":"Video: Errores comunes al hablar y escribir en espa\u00f1ol | BBC Mundo - Opini\u00f3n P\u00fablica","description":"https:\/\/youtu.be\/ljGdwLL9YT4?si=E0sbcYUsTb5facYX \u00bfCu\u00e1ntas veces has dudado al escribir \"hay\", \"ah\u00ed\" o \"ay\"? \u00bfTe confundes entre palabras con v o b? \u00bfY qu\u00e9 me di"},"footnotes":""},"categories":[2,13,8],"tags":[],"class_list":["post-53782","post","type-post","status-publish","format-standard","has-post-thumbnail","hentry","category-videos-destacados","category-videos-destacados-contenido","category-videos"],"acf":[],"_links":{"self":[{"href":"https:\/\/www.opinionpublica.tv\/portada\/wp-json\/wp\/v2\/posts\/53782","targetHints":{"allow":["GET"]}}],"collection":[{"href":"https:\/\/www.opinionpublica.tv\/portada\/wp-json\/wp\/v2\/posts"}],"about":[{"href":"https:\/\/www.opinionpublica.tv\/portada\/wp-json\/wp\/v2\/types\/post"}],"author":[{"embeddable":true,"href":"https:\/\/www.opinionpublica.tv\/portada\/wp-json\/wp\/v2\/users\/6"}],"replies":[{"embeddable":true,"href":"https:\/\/www.opinionpublica.tv\/portada\/wp-json\/wp\/v2\/comments?post=53782"}],"version-history":[{"count":3,"href":"https:\/\/www.opinionpublica.tv\/portada\/wp-json\/wp\/v2\/posts\/53782\/revisions"}],"predecessor-version":[{"id":53786,"href":"https:\/\/www.opinionpublica.tv\/portada\/wp-json\/wp\/v2\/posts\/53782\/revisions\/53786"}],"wp:featuredmedia":[{"embeddable":true,"href":"https:\/\/www.opinionpublica.tv\/portada\/wp-json\/wp\/v2\/media\/53785"}],"wp:attachment":[{"href":"https:\/\/www.opinionpublica.tv\/portada\/wp-json\/wp\/v2\/media?parent=53782"}],"wp:term":[{"taxonomy":"category","embeddable":true,"href":"https:\/\/www.opinionpublica.tv\/portada\/wp-json\/wp\/v2\/categories?post=53782"},{"taxonomy":"post_tag","embeddable":true,"href":"https:\/\/www.opinionpublica.tv\/portada\/wp-json\/wp\/v2\/tags?post=53782"}],"curies":[{"name":"wp","href":"https:\/\/api.w.org\/{rel}","templated":true}]}}