{"id":53753,"date":"2025-02-21T00:01:00","date_gmt":"2025-02-21T07:01:00","guid":{"rendered":"https:\/\/www.opinionpublica.tv\/portada\/?p=53753"},"modified":"2025-02-19T19:15:20","modified_gmt":"2025-02-20T02:15:20","slug":"efemerides-21-de-febrero-6","status":"publish","type":"post","link":"https:\/\/www.opinionpublica.tv\/portada\/efemerides-21-de-febrero-6\/","title":{"rendered":"Efem\u00e9rides 21 de febrero"},"content":{"rendered":"\n<p class=\"wp-block-paragraph\"><em>Un d\u00eda 21 de febrero como hoy, pero de 1947, el inventor estadounidense Edwin H. Land presenta la primera c\u00e1mara fotogr\u00e1fica instant\u00e1nea, la Polaroid<\/em>.<\/p>\n\n\n\n<figure class=\"wp-block-image size-full\"><img fetchpriority=\"high\" decoding=\"async\" width=\"718\" height=\"489\" src=\"https:\/\/www.opinionpublica.tv\/portada\/wp-content\/uploads\/2025\/02\/1947-el-inventor-estadounidense-Edwin-H.-Land-presenta-la-primera-camara-fotografica-instantanea-la-Polaroid.webp\" alt=\"1947, El Inventor Estadounidense Edwin H. Land Presenta La Primera Ca\u0301mara Fotogra\u0301fica Instanta\u0301nea, La Polaroid\" class=\"wp-image-53754\" srcset=\"https:\/\/www.opinionpublica.tv\/portada\/wp-content\/uploads\/2025\/02\/1947-el-inventor-estadounidense-Edwin-H.-Land-presenta-la-primera-camara-fotografica-instantanea-la-Polaroid.webp 718w, https:\/\/www.opinionpublica.tv\/portada\/wp-content\/uploads\/2025\/02\/1947-el-inventor-estadounidense-Edwin-H.-Land-presenta-la-primera-camara-fotografica-instantanea-la-Polaroid-300x204.webp 300w\" sizes=\"(max-width: 718px) 100vw, 718px\" \/><\/figure>\n\n\n\n<p class=\"wp-block-paragraph\"><strong>Otras efem\u00e9rides<\/strong><\/p>\n\n\n\n<p class=\"wp-block-paragraph\">1644.- Un violento incendio destruye una gran parte del casco urbano y la catedral de la ciudad de Panam\u00e1.<\/p>\n\n\n\n<p class=\"wp-block-paragraph\">1848.- Karl Marx y Friedrich Engels publican el Manifiesto Comunista, documento pol\u00edtico y econ\u00f3mico de gran influencia en el movimiento revolucionario.<\/p>\n\n\n\n<p class=\"wp-block-paragraph\">1858.- Un gran terremoto provoca la destrucci\u00f3n de la ciudad griega de Corinto.<\/p>\n\n\n\n<p class=\"wp-block-paragraph\">1901.- La Asamblea Constituyente cubana promulga la primera Constituci\u00f3n del pa\u00eds, que no entr\u00f3 en vigor hasta el a\u00f1o siguiente.<\/p>\n\n\n\n<p class=\"wp-block-paragraph\">1915.- Se inaugura la Exposici\u00f3n Universal de San Francisco (EEUU), muestra que celebraba la apertura del Canal de Panam\u00e1.<\/p>\n\n\n\n<p class=\"wp-block-paragraph\">1916, empieza la batalla de Verd\u00fan, la mayor y m\u00e1s prolongada de la Primera Guerra Mundial en el frente occidental entre los ej\u00e9rcitos alem\u00e1n y franc\u00e9s, con una elevada mortalidad.<\/p>\n\n\n\n<p class=\"wp-block-paragraph\">1934.- El l\u00edder de la resistencia contra el ej\u00e9rcito estadounidense en Nicaragua Augusto C\u00e9sar Sandino es asesinado por orden del jefe de la Guardia Nacional Anastasio Somoza.<\/p>\n\n\n\n<p class=\"wp-block-paragraph\">1956.- El cantante estadounidense Elvis Presley entra por primera vez como n\u00famero uno de las listas de discos m\u00e1s vendidos con el tema \u00abHeartbreak Hotel\u00bb.<\/p>\n\n\n\n<p class=\"wp-block-paragraph\">1972.- El presidente de EEUU, Richard Nixon, y el l\u00edder chino, Mao Tse-Tung, se entrevistan en Pek\u00edn durante la guerra fr\u00eda.<\/p>\n\n\n\n<p class=\"wp-block-paragraph\">1984.- El expresidente argentino Leopoldo Galtieri, miembro de la junta militar tras el golpe de 1976, es detenido por &#8216;negligencia&#8217; en la guerra de las Malvinas.<\/p>\n\n\n\n<p class=\"wp-block-paragraph\">2001.- El obispo argentino Jorge Mario Bergoglio, que se convertir\u00eda en el Papa Francisco, es instituido cardenal.<\/p>\n\n\n\n<p class=\"wp-block-paragraph\">2003.- Un centenar de personas mueren abrasadas en el incendio de una discoteca en Boston (EEUU) durante un concierto de la banda de rock Great White.<\/p>\n\n\n\n<p class=\"wp-block-paragraph\">2016.- Bolivia vota en contra de habilitar al presidente Evo Morales para buscar una nueva reelecci\u00f3n.<\/p>\n\n\n\n<p class=\"wp-block-paragraph\"><strong>Nacimientos<\/strong><\/p>\n\n\n\n<p class=\"wp-block-paragraph\">1795.- Francisco Manoel da Silva, compositor brasile\u00f1o.<\/p>\n\n\n\n<p class=\"wp-block-paragraph\">1893.- Andr\u00e9s Segovia, guitarrista espa\u00f1ol.<\/p>\n\n\n\n<p class=\"wp-block-paragraph\">1903.- Ana\u00efs Nin, escritora franco-estadounidense.<\/p>\n\n\n\n<p class=\"wp-block-paragraph\">1907.- W. H. Auden, poeta brit\u00e1nico.<\/p>\n\n\n\n<p class=\"wp-block-paragraph\">1925.- Sam Peckinpah, cineasta estadounidense 1928.- Ariel Sharon, general y pol\u00edtico israel\u00ed.<\/p>\n\n\n\n<p class=\"wp-block-paragraph\">1933.- Nina Simone, cantante y pianista estadounidense.<\/p>\n\n\n\n<p class=\"wp-block-paragraph\">1937.- Harald V, rey de Noruega.<\/p>\n\n\n\n<p class=\"wp-block-paragraph\">1942.- Margarethe von Trotta, actriz y cineasta alemana.<\/p>\n\n\n\n<p class=\"wp-block-paragraph\">1969.- James Dean Bradfield, m\u00fasico brit\u00e1nico, cantante y guitarrista de Manic Street Preachers.<\/p>\n\n\n\n<p class=\"wp-block-paragraph\">1983.- M\u00e9lanie Laurent, actriz, modelo, directora, cantante y escritora francesa.<\/p>\n\n\n\n<p class=\"wp-block-paragraph\">1987.- Ashley Greene, actriz y modelo estadounidense.<\/p>\n\n\n\n<p class=\"wp-block-paragraph\">1989.- Kristin Herrera, actriz estadounidense.<\/p>\n\n\n\n<p class=\"wp-block-paragraph\">1996.- Sophie Turner, actriz brit\u00e1nica.<\/p>\n\n\n\n<p class=\"wp-block-paragraph\"><strong>Defunciones<\/strong><\/p>\n\n\n\n<p class=\"wp-block-paragraph\">1677.- Baruch Spinosa, fil\u00f3sofo neerland\u00e9s de origen sefard\u00ed hispano-portugu\u00e9s.<\/p>\n\n\n\n<p class=\"wp-block-paragraph\">1934.- Augusto C\u00e9sar Sandino, general y h\u00e9roe nacional nicarag\u00fcense.<\/p>\n\n\n\n<p class=\"wp-block-paragraph\">1960.- Jacques Becker, cineasta franc\u00e9s.<\/p>\n\n\n\n<p class=\"wp-block-paragraph\">1965.- Malcom X, activista afroamericano.<\/p>\n\n\n\n<p class=\"wp-block-paragraph\">1976.- Domingo Mercante, militar y pol\u00edtico argentino.<\/p>\n\n\n\n<p class=\"wp-block-paragraph\">1984.- Mijail Sholojov, escritor sovi\u00e9tico, Premio Nobel de Literatura 1965.<\/p>\n\n\n\n<p class=\"wp-block-paragraph\">1996.- Morton Gould, compositor y director de orquesta estadounidense.<\/p>\n\n\n\n<p class=\"wp-block-paragraph\">2005.- Guillermo Cabrera Infante, escritor cubano.<\/p>\n\n\n\n<p class=\"wp-block-paragraph\">2008.- Robin Moore, escritor estadounidense.<\/p>\n\n\n\n<p class=\"wp-block-paragraph\">2013.- Cleotha Staples, cantante estadounidense, integrante del grupo de soul The Staple Singers.<\/p>\n\n\n\n<p class=\"wp-block-paragraph\">2019.- Stanley Donen, director de cine estadounidense.<\/p>\n","protected":false},"excerpt":{"rendered":"<p>Un d\u00eda 21 de febrero como hoy, pero de 1947, el inventor estadounidense Edwin H. Land presenta la primera c\u00e1mara fotogr\u00e1fica instant\u00e1nea, la Polaroid. Otras efem\u00e9rides 1644.- Un violento incendio destruye una gran parte del casco urbano y la catedral de la ciudad de Panam\u00e1. 1848.- Karl Marx y Friedrich Engels publican el Manifiesto Comunista, [&hellip;]<\/p>\n","protected":false},"author":6,"featured_media":53754,"comment_status":"open","ping_status":"open","sticky":false,"template":"","format":"standard","meta":{"_acf_changed":false,"_monsterinsights_skip_tracking":false,"slim_seo":{"title":"Efem\u00e9rides 21 de febrero - Opini\u00f3n P\u00fablica","description":"Un d\u00eda 21 de febrero como hoy, pero de 1947, el inventor estadounidense Edwin H. Land presenta la primera c\u00e1mara fotogr\u00e1fica instant\u00e1nea, la Polaroid . Otras ef"},"footnotes":""},"categories":[27],"tags":[],"class_list":["post-53753","post","type-post","status-publish","format-standard","has-post-thumbnail","hentry","category-un-dia-como-hoy"],"acf":[],"_links":{"self":[{"href":"https:\/\/www.opinionpublica.tv\/portada\/wp-json\/wp\/v2\/posts\/53753","targetHints":{"allow":["GET"]}}],"collection":[{"href":"https:\/\/www.opinionpublica.tv\/portada\/wp-json\/wp\/v2\/posts"}],"about":[{"href":"https:\/\/www.opinionpublica.tv\/portada\/wp-json\/wp\/v2\/types\/post"}],"author":[{"embeddable":true,"href":"https:\/\/www.opinionpublica.tv\/portada\/wp-json\/wp\/v2\/users\/6"}],"replies":[{"embeddable":true,"href":"https:\/\/www.opinionpublica.tv\/portada\/wp-json\/wp\/v2\/comments?post=53753"}],"version-history":[{"count":2,"href":"https:\/\/www.opinionpublica.tv\/portada\/wp-json\/wp\/v2\/posts\/53753\/revisions"}],"predecessor-version":[{"id":53756,"href":"https:\/\/www.opinionpublica.tv\/portada\/wp-json\/wp\/v2\/posts\/53753\/revisions\/53756"}],"wp:featuredmedia":[{"embeddable":true,"href":"https:\/\/www.opinionpublica.tv\/portada\/wp-json\/wp\/v2\/media\/53754"}],"wp:attachment":[{"href":"https:\/\/www.opinionpublica.tv\/portada\/wp-json\/wp\/v2\/media?parent=53753"}],"wp:term":[{"taxonomy":"category","embeddable":true,"href":"https:\/\/www.opinionpublica.tv\/portada\/wp-json\/wp\/v2\/categories?post=53753"},{"taxonomy":"post_tag","embeddable":true,"href":"https:\/\/www.opinionpublica.tv\/portada\/wp-json\/wp\/v2\/tags?post=53753"}],"curies":[{"name":"wp","href":"https:\/\/api.w.org\/{rel}","templated":true}]}}