{"id":53507,"date":"2025-02-18T00:01:00","date_gmt":"2025-02-18T07:01:00","guid":{"rendered":"https:\/\/www.opinionpublica.tv\/portada\/?p=53507"},"modified":"2025-02-15T15:53:40","modified_gmt":"2025-02-15T22:53:40","slug":"las-deportaciones-masivas-la-gran-promesa-de-donald-trump","status":"publish","type":"post","link":"https:\/\/www.opinionpublica.tv\/portada\/las-deportaciones-masivas-la-gran-promesa-de-donald-trump\/","title":{"rendered":"Las deportaciones masivas: la gran promesa de Donald Trump"},"content":{"rendered":"\n<h4 class=\"wp-block-heading\">Eduardo Borunda<\/h4>\n\n\n\n<p class=\"wp-block-paragraph\">___________________________<\/p>\n\n\n\n<p class=\"wp-block-paragraph\">El 20 de enero de 2025, Donald Trump tom\u00f3 protesta como presidente n\u00famero 47 de los Estados Unidos. Los vuelos de deportaciones han comenzado. Las primeras redadas contra inmigrantes indocumentados en el segundo mandato de Donald Trump y las deportaciones han detonado la tensi\u00f3n pol\u00edtica, econ\u00f3mica y comercial en Latinoam\u00e9rica, sin excluir al resto del mundo.<\/p>\n\n\n\n<p class=\"wp-block-paragraph\">Filas de personas inmigrantes esposadas de pies y manos abordando los aviones son im\u00e1genes que duelen, pues son tratados como animales, no como seres humanos cuyo delito ha sido la migraci\u00f3n&#8230; \u201cPromesas hechas, promesas cumplidas. Los vuelos de deportaci\u00f3n han comenzado\u201d: As\u00ed anunci\u00f3 la Casa Blanca el inicio de las deportaciones masivas de inmigrantes no documentados en la era Trump.<\/p>\n\n\n\n<p class=\"wp-block-paragraph\">Desde su toma de posesi\u00f3n hasta el 5 de febrero de este a\u00f1o, la administraci\u00f3n de Donald Trump deport\u00f3 un total de 4,745 inmigrantes latinoamericanos en situaci\u00f3n irregular, quienes fueron retornados a sus pa\u00edses de origen. Ante las deportaciones de Estados Unidos, M\u00e9xico ha recibido un poco m\u00e1s de 4 mil personas migrantes.<\/p>\n\n\n\n<p class=\"wp-block-paragraph\">Ante la situaci\u00f3n de las deportaciones masivas el plan del pa\u00eds es aceptar a los repatriados en los centros de atenci\u00f3n en la frontera norte y en aeropuertos nacionales en donde se les brindar\u00e1 apoyo integral el cual incluye oportunidades laborales as\u00ed como de asistencia social.<\/p>\n\n\n\n<p class=\"wp-block-paragraph\">Ante la amenaza de Donald Trump de deportar a personas indocumentadas varias ciudades fronterizas como Tijuana, Ciudad Ju\u00e1rez, Piedras Negras, Nuevo Laredo y Reynosa trabajan desde semanas antes para ampliar sus albergues para atender a los migrantes deportados.<\/p>\n\n\n\n<p class=\"wp-block-paragraph\">En Ciudad Ju\u00e1rez, concretamente se han colocado carpas para atender a un n\u00famero considerable de posibles deportados, sin embargo, ese mensaje tiene un doble sentido. Por un lado, las condiciones climatol\u00f3gicas de la zona fronteriza no hacen cre\u00edble que esos espacios sean los m\u00e1s adecuados, incluso, parecen un campo de concentraci\u00f3n, seg\u00fan los comentarios de especialistas en el tema.<\/p>\n\n\n\n<p class=\"wp-block-paragraph\">En Tijuana y Baja California se aprob\u00f3 por unanimidad una declaratoria de emergencia ante las posibles deportaciones masivas. En el Cabildo se acord\u00f3 durante una sesi\u00f3n extraordinaria prepararse de manera log\u00edstica, material y normativa ante una posible contingencia.<\/p>\n\n\n\n<p class=\"wp-block-paragraph\">La deportaci\u00f3n de migrantes no es nada nuevo, siempre ha existido. La gran diferencia es que ahora, ha sido impulsada desde la Casa Blanca con un discurso xenof\u00f3bico, victimizando y\/o criminalizando a un lado o al otro. Ju\u00e1rez ha sido hist\u00f3ricamente tambi\u00e9n una tierra de migrantes \u00bfQui\u00e9nes de nuestros padres son nacidos en Ju\u00e1rez? La respuesta es b\u00e1sica, pocos hemos o han nacido en Ju\u00e1rez. Pero as\u00ed como es tierra de migrantes, tambi\u00e9n ha sido tierra de oportunidades, sin dudarlo.<\/p>\n\n\n\n<p class=\"wp-block-paragraph\">Recordemos un poco, durante la administraci\u00f3n de Barak Obama se alcanz\u00f3 una cifra r\u00e9cord de deportaciones de migrantes indocumentados establecidos en Estados Unidos. Las deportaciones de Obama pareciera ser una de las m\u00e1s agresivas hasta el momento. Pero la gran diferencia es que no se separaban familias, las cifras se elevaban porque se deportaba a quienes a diario buscaban pasar \u201cal otro lado\u201d de la frontera.<\/p>\n\n\n\n<p class=\"wp-block-paragraph\">Ante esto tambi\u00e9n debemos pensar en el impacto econ\u00f3mico que tendr\u00e1 esta situaci\u00f3n al pa\u00eds pues ante la llegada masiva de personas migrantes, \u00bfM\u00e9xico tiene la capacidad en puestos de trabajo y en salarios?, pues los salarios que ellos recib\u00edan en Estados Unidos est\u00e1n por muy arriba del salario que se recibe en M\u00e9xico.<\/p>\n\n\n\n<p class=\"wp-block-paragraph\">Pero no solo hay que ver la parte negativa de esta situaci\u00f3n. La parte positiva es que las personas que vienen deportadas de los Estados Unidos son personas con capacidades, habilidades y conocimientos que pueden lograr buenas oportunidades laborales al dominar un idioma donde crecieron y se desarrollaron profesionalmente.<\/p>\n\n\n\n<p class=\"wp-block-paragraph\">En conclusi\u00f3n, la nueva era de Donald Trump trae malos augurios a las econom\u00edas de la regi\u00f3n, la frase de Maquiavelo, \u201cm\u00e1s vale ser temido que amado\u201dla aplica Trump para doblegar mentes d\u00e9biles o gobiernos que no se supedita a mandatos supranacionales. Se dijo durante campa\u00f1a en el an\u00e1lisis pol\u00edtico que iba a usar a M\u00e9xico como pi\u00f1ata para centrar su discurso ante una opini\u00f3n p\u00fablica estadounidense dividida. Donald Trump va por sus negocios, va por compa\u00f1\u00edas que han salido de su territorio \u00bfen verdad quiere un bien para su pa\u00eds? La pregunta est\u00e1 en el aire, pero el futuro inmediato se ve tortuoso.<\/p>\n","protected":false},"excerpt":{"rendered":"<p>Eduardo Borunda ___________________________ El 20 de enero de 2025, Donald Trump tom\u00f3 protesta como presidente n\u00famero 47 de los Estados Unidos. Los vuelos de deportaciones han comenzado. Las primeras redadas contra inmigrantes indocumentados en el segundo mandato de Donald Trump y las deportaciones han detonado la tensi\u00f3n pol\u00edtica, econ\u00f3mica y comercial en Latinoam\u00e9rica, sin excluir [&hellip;]<\/p>\n","protected":false},"author":6,"featured_media":44484,"comment_status":"open","ping_status":"open","sticky":false,"template":"","format":"standard","meta":{"_acf_changed":false,"_monsterinsights_skip_tracking":false,"slim_seo":{"title":"Las deportaciones masivas: la gran promesa de Donald Trump - Opini\u00f3n P\u00fablica","description":"Eduardo Borunda ___________________________ El 20 de enero de 2025, Donald Trump tom\u00f3 protesta como presidente n\u00famero 47 de los Estados Unidos. Los vuelos de de"},"footnotes":""},"categories":[31],"tags":[],"class_list":["post-53507","post","type-post","status-publish","format-standard","has-post-thumbnail","hentry","category-galimatias"],"acf":[],"_links":{"self":[{"href":"https:\/\/www.opinionpublica.tv\/portada\/wp-json\/wp\/v2\/posts\/53507","targetHints":{"allow":["GET"]}}],"collection":[{"href":"https:\/\/www.opinionpublica.tv\/portada\/wp-json\/wp\/v2\/posts"}],"about":[{"href":"https:\/\/www.opinionpublica.tv\/portada\/wp-json\/wp\/v2\/types\/post"}],"author":[{"embeddable":true,"href":"https:\/\/www.opinionpublica.tv\/portada\/wp-json\/wp\/v2\/users\/6"}],"replies":[{"embeddable":true,"href":"https:\/\/www.opinionpublica.tv\/portada\/wp-json\/wp\/v2\/comments?post=53507"}],"version-history":[{"count":2,"href":"https:\/\/www.opinionpublica.tv\/portada\/wp-json\/wp\/v2\/posts\/53507\/revisions"}],"predecessor-version":[{"id":53510,"href":"https:\/\/www.opinionpublica.tv\/portada\/wp-json\/wp\/v2\/posts\/53507\/revisions\/53510"}],"wp:featuredmedia":[{"embeddable":true,"href":"https:\/\/www.opinionpublica.tv\/portada\/wp-json\/wp\/v2\/media\/44484"}],"wp:attachment":[{"href":"https:\/\/www.opinionpublica.tv\/portada\/wp-json\/wp\/v2\/media?parent=53507"}],"wp:term":[{"taxonomy":"category","embeddable":true,"href":"https:\/\/www.opinionpublica.tv\/portada\/wp-json\/wp\/v2\/categories?post=53507"},{"taxonomy":"post_tag","embeddable":true,"href":"https:\/\/www.opinionpublica.tv\/portada\/wp-json\/wp\/v2\/tags?post=53507"}],"curies":[{"name":"wp","href":"https:\/\/api.w.org\/{rel}","templated":true}]}}