{"id":53473,"date":"2025-02-15T00:01:00","date_gmt":"2025-02-15T07:01:00","guid":{"rendered":"https:\/\/www.opinionpublica.tv\/portada\/?p=53473"},"modified":"2025-02-15T07:56:06","modified_gmt":"2025-02-15T14:56:06","slug":"pobre-trump-no-sabe-lo-que-le-conviene","status":"publish","type":"post","link":"https:\/\/www.opinionpublica.tv\/portada\/pobre-trump-no-sabe-lo-que-le-conviene\/","title":{"rendered":"Pobre Trump: no sabe lo que le conviene"},"content":{"rendered":"\n<h4 class=\"wp-block-heading\">Jorge G. Casta\u00f1eda<\/h4>\n\n\n\n<p class=\"wp-block-paragraph\">___________________________<\/p>\n\n\n\n<p class=\"wp-block-paragraph\">Todo mexicano con calle conoce la vulgar y hom\u00f3foba expresi\u00f3n de \u201cme la m\u2026 pero se la c\u2026\u201d. Parece ser la consigna de la 4T frente a Donald Trump, traducida al idioma forense: si nos agreden, se dar\u00e1n un balazo en el pie. Olvidan que la expresi\u00f3n mexicana es altamente reprobable por muchas razones, y que Trump tiene zapatos blindados.<\/p>\n\n\n\n<p class=\"wp-block-paragraph\">Me cuesta mucho trabajo entender por qu\u00e9 el gobierno en su conjunto, y la presidenta en particular, insisten en responder a las amenazas de aranceles, o de catalogar a los c\u00e1rteles mexicanos como organizaciones terroristas internacionales, o a las posibles decisiones de empresas multinacionales de salir de M\u00e9xico, con esta filosof\u00eda. Repiten hasta la saciedad que todo eso da\u00f1a m\u00e1s a Estados Unidos que a M\u00e9xico o, en todo caso, que tambi\u00e9n lastima enormemente al vecino del norte. Una y otra vez nos explican c\u00f3mo los hipot\u00e9ticos aranceles que impondr\u00eda Trump a M\u00e9xico y Canad\u00e1, o los que ya impuso a China, o los que ya impuso al acero y al aluminio, elevar\u00edan los precios en Estados Unidos, conducir\u00edan a la p\u00e9rdida de empleos norteamericanos, y da\u00f1ar\u00edan el orden internacional de comercio, que a quien m\u00e1s beneficia es justamente a Estados Unidos, el fundador de dicho orden. El hecho de que en ocasiones los canadienses hagan algo parecido \u2014que, por cierto, ya es parad\u00f3jico: sabemos que lo que m\u00e1s le gusta a la 4T es diferenciarse de Canad\u00e1, y sin embargo en esto las posiciones de ambos gobiernos se parecen bastante\u2014 me confunde a\u00fan m\u00e1s. Y ya ni digo c\u00f3mo me desconcierta que la presidenta Sheinbaum ahora le d\u00e9 lecciones de administraci\u00f3n de empresas a Nissan, supongo que pensando que ella sabe m\u00e1s de su negocio que el CEO y el consejo de administraci\u00f3n en Jap\u00f3n.<\/p>\n\n\n\n<p class=\"wp-block-paragraph\">Las razones por las cuales pienso que este razonamiento o l\u00ednea argumentativa es ociosa, en el mejor de los casos, y contraproducente en el peor de ellos, son las siguientes. En primer lugar, el gobierno de Estados Unidos tiene a su alcance instrumentos econom\u00e9tricos, an\u00e1lisis macroecon\u00f3micos, investigaciones econ\u00f3micas profundas y detalladas de economistas del sector p\u00fablico y de las universidades privadas que le aportan toda la informaci\u00f3n necesaria sobre las consecuencias de tal o cual medida de pol\u00edtica comercial, en este caso. Todo esto que las autoridades mexicanas muestran en las ma\u00f1aneras, o que Sheinbaum proclama a diestra y siniestra en los pueblos m\u00e1s rec\u00f3nditos del pa\u00eds, es muy conocido por el gobierno de Estados Unidos. No necesitan ni a los muy buenos economistas mexicanos, formados en las mismas universidades que los norteamericanos, ni a los funcionarios regi\u00f3n 6 de algunas dependencias mexicanas para que les dicten c\u00e1tedra. Si Trump y sus asesores, como Peter Navarro, o antes Robert Lighthizer, y muchos m\u00e1s, no hacen caso a todas las sugerencias e insistencias de economistas norteamericanos, es porque no est\u00e1n de acuerdo, no porque ignoren las tesis de sus especialistas. Las conocen y simplemente no las comparten. En todo caso, all\u00e1 ellos.<\/p>\n\n\n\n<p class=\"wp-block-paragraph\">Una segunda raz\u00f3n que me hace dudar de la eficacia de este m\u00e9todo did\u00e1ctico o discursivo es que normalmente a los norteamericanos les choca que uno los sermonee. Toda actitud paternalista o condescendiente con ellos suele ser rechazada o se vuelve objeto de silencio indignado o indiferente. A ning\u00fan gobierno le complace que sus pares le \u201cexpliquen\u201d \u2014no s\u00e9 c\u00f3mo se traducir\u00eda el mansplaining del feminismo norteamericano al lenguaje geopol\u00edtico mexicano; podr\u00eda ser mexplaining\u2014. Pero en todo caso, un poco m\u00e1s de medio siglo de conocer bien a los norteamericanos, de estudiarlos, analizarlos, vivir entre ellos, dar clases sobre ellos en Estados Unidos y fuera de ese pa\u00eds, me ha llevado a pensar que este no es un m\u00e9todo propicio para lograr el convencimiento de los estadunidenses.<\/p>\n\n\n\n<p class=\"wp-block-paragraph\">En tercer lugar, la argumentaci\u00f3n de la 4T refleja el resentimiento y los complejos de muchos mexicanos, como lo se\u00f1ala justamente el dicho mencionado al principio de esta nota. S\u00ed, nos va a ir mal a nosotros, pero a ellos tambi\u00e9n. En realidad, debiera tratarse de que si les va bien o mal a ellos es muy su asunto; al gobierno de M\u00e9xico le pagamos para que intente que nos vaya bien a nosotros o, que en todo caso, no nos vaya tan mal. Las consecuencias de tal o cual decisi\u00f3n por parte de otro pa\u00eds \u2014Estados Unidos, Cuba, Rusia, China\u2014 debieran resultarnos intramuscular. Nos debiera dar enteramente igual si les conviene o no les conviene una decisi\u00f3n u otra, a un pa\u00eds u otro. De la misma manera que seguramente reaccionar\u00eda el gobierno de Claudia Sheinbaum con irritaci\u00f3n o enojo si Trump un buen d\u00eda le dijera: \u201cOye, a M\u00e9xico no le conviene esto o lo otro\u201d. Ella le responder\u00eda posiblemente que ese no es asunto suyo, y que en todo caso los mexicanos sabemos muy bien qu\u00e9 nos conviene o no. Y sin embargo este discurso domina claramente todas las respuestas mexicanas a las agresiones de Trump.<\/p>\n\n\n\n<p class=\"wp-block-paragraph\">No digo que sea f\u00e1cil encontrar una ret\u00f3rica eficaz y aceptable para M\u00e9xico frente a Trump. Todos los pa\u00edses del mundo se encuentran hoy buscando c\u00f3mo hacerle. Algunos tal vez se vean m\u00e1s afectados que nosotros por las barbaridades del nuevo ocupante de la Casa Blanca, pero son pocos. Por eso quiz\u00e1s convendr\u00eda consultar a fuentes confiables, conocedoras y amigas de M\u00e9xico en Estados Unidos sobre cu\u00e1l podr\u00eda ser un discurso m\u00e1s eficaz. Este, creo yo por lo menos, que no soy ni una fuente confiable ni conocedora, pero s\u00ed amiga de M\u00e9xico, no lo es.<\/p>\n\n\n\n<p class=\"wp-block-paragraph\"><\/p>\n","protected":false},"excerpt":{"rendered":"<p>Jorge G. Casta\u00f1eda ___________________________ Todo mexicano con calle conoce la vulgar y hom\u00f3foba expresi\u00f3n de \u201cme la m\u2026 pero se la c\u2026\u201d. Parece ser la consigna de la 4T frente a Donald Trump, traducida al idioma forense: si nos agreden, se dar\u00e1n un balazo en el pie. Olvidan que la expresi\u00f3n mexicana es altamente reprobable [&hellip;]<\/p>\n","protected":false},"author":6,"featured_media":43385,"comment_status":"open","ping_status":"open","sticky":false,"template":"","format":"standard","meta":{"_acf_changed":false,"_monsterinsights_skip_tracking":false,"slim_seo":{"title":"Pobre Trump: no sabe lo que le conviene - Opini\u00f3n P\u00fablica","description":"Jorge G. Casta\u00f1eda ___________________________ Todo mexicano con calle conoce la vulgar y hom\u00f3foba expresi\u00f3n de \u201cme la m\u2026 pero se la c\u2026\u201d. Parece ser la consigna"},"footnotes":""},"categories":[18],"tags":[82],"class_list":["post-53473","post","type-post","status-publish","format-standard","has-post-thumbnail","hentry","category-castaneda-opina","tag-jorge-castaneda"],"acf":[],"_links":{"self":[{"href":"https:\/\/www.opinionpublica.tv\/portada\/wp-json\/wp\/v2\/posts\/53473","targetHints":{"allow":["GET"]}}],"collection":[{"href":"https:\/\/www.opinionpublica.tv\/portada\/wp-json\/wp\/v2\/posts"}],"about":[{"href":"https:\/\/www.opinionpublica.tv\/portada\/wp-json\/wp\/v2\/types\/post"}],"author":[{"embeddable":true,"href":"https:\/\/www.opinionpublica.tv\/portada\/wp-json\/wp\/v2\/users\/6"}],"replies":[{"embeddable":true,"href":"https:\/\/www.opinionpublica.tv\/portada\/wp-json\/wp\/v2\/comments?post=53473"}],"version-history":[{"count":3,"href":"https:\/\/www.opinionpublica.tv\/portada\/wp-json\/wp\/v2\/posts\/53473\/revisions"}],"predecessor-version":[{"id":53476,"href":"https:\/\/www.opinionpublica.tv\/portada\/wp-json\/wp\/v2\/posts\/53473\/revisions\/53476"}],"wp:featuredmedia":[{"embeddable":true,"href":"https:\/\/www.opinionpublica.tv\/portada\/wp-json\/wp\/v2\/media\/43385"}],"wp:attachment":[{"href":"https:\/\/www.opinionpublica.tv\/portada\/wp-json\/wp\/v2\/media?parent=53473"}],"wp:term":[{"taxonomy":"category","embeddable":true,"href":"https:\/\/www.opinionpublica.tv\/portada\/wp-json\/wp\/v2\/categories?post=53473"},{"taxonomy":"post_tag","embeddable":true,"href":"https:\/\/www.opinionpublica.tv\/portada\/wp-json\/wp\/v2\/tags?post=53473"}],"curies":[{"name":"wp","href":"https:\/\/api.w.org\/{rel}","templated":true}]}}