{"id":53184,"date":"2025-02-10T08:32:07","date_gmt":"2025-02-10T15:32:07","guid":{"rendered":"https:\/\/www.opinionpublica.tv\/portada\/?p=53184"},"modified":"2025-02-10T08:38:47","modified_gmt":"2025-02-10T15:38:47","slug":"incrementan-presupuesto-del-instituto-de-migracion-y-de-la-comar","status":"publish","type":"post","link":"https:\/\/www.opinionpublica.tv\/portada\/incrementan-presupuesto-del-instituto-de-migracion-y-de-la-comar\/","title":{"rendered":"Incrementan presupuesto del Instituto de Migraci\u00f3n y de la Comar"},"content":{"rendered":"\n<figure class=\"wp-block-image size-large\"><img fetchpriority=\"high\" decoding=\"async\" width=\"1024\" height=\"631\" src=\"https:\/\/www.opinionpublica.tv\/portada\/wp-content\/uploads\/2025\/02\/Incrementan-presupuesto-del-Instituto-de-Migracion-y-de-la-Comar-1024x631.png\" alt=\"Incrementan Presupuesto Del Instituto De Migracio\u0301n Y De La Comar\" class=\"wp-image-53189\" srcset=\"https:\/\/www.opinionpublica.tv\/portada\/wp-content\/uploads\/2025\/02\/Incrementan-presupuesto-del-Instituto-de-Migracion-y-de-la-Comar-1024x631.png 1024w, https:\/\/www.opinionpublica.tv\/portada\/wp-content\/uploads\/2025\/02\/Incrementan-presupuesto-del-Instituto-de-Migracion-y-de-la-Comar-300x185.png 300w, https:\/\/www.opinionpublica.tv\/portada\/wp-content\/uploads\/2025\/02\/Incrementan-presupuesto-del-Instituto-de-Migracion-y-de-la-Comar-768x473.png 768w, https:\/\/www.opinionpublica.tv\/portada\/wp-content\/uploads\/2025\/02\/Incrementan-presupuesto-del-Instituto-de-Migracion-y-de-la-Comar-1536x946.png 1536w, https:\/\/www.opinionpublica.tv\/portada\/wp-content\/uploads\/2025\/02\/Incrementan-presupuesto-del-Instituto-de-Migracion-y-de-la-Comar-2048x1261.png 2048w\" sizes=\"(max-width: 1024px) 100vw, 1024px\" \/><\/figure>\n\n\n\n<p class=\"wp-block-paragraph\">En los primeros meses de su administraci\u00f3n, en medio de la tensi\u00f3n con el gobierno de Estados Unidos, la presidenta Claudia Sheinbaum decidi\u00f3 darle alta prioridad a la atenci\u00f3n de los migrantes, incrementando 489% el presupuesto que se le otorg\u00f3 al Instituto Nacional de Migraci\u00f3n (INM) para 2024.<\/p>\n\n\n\n<p class=\"wp-block-paragraph\">Para costear esos aumentos, la Federaci\u00f3n, a trav\u00e9s de la Secretar\u00eda de Hacienda y Cr\u00e9dito P\u00fablico (SHCP), hizo reajustes presupuestales y redujo recursos a diversos proyectos, entre los que destacan las obras que fueron emblema de la administraci\u00f3n de Andr\u00e9s Manuel L\u00f3pez Obrador, principalmente el Tren Maya, cuyo presupuesto se vio mermado hasta 70%.<\/p>\n\n\n\n<p class=\"wp-block-paragraph\">Al cierre del a\u00f1o tambi\u00e9n se registraron recortes a la Guardia Nacional en m\u00e1s de 50%, as\u00ed lo revelan los informes trimestrales de Hacienda enviados a la C\u00e1mara de Diputados. De acuerdo con el documento del cuarto informe trimestral, el presupuesto del INM pas\u00f3 de mil 897 millones 700 mil pesos a 11 mil 171 millones 400 mil pesos.<\/p>\n\n\n\n<p class=\"wp-block-paragraph\">Los incrementos se dieron a lo largo del a\u00f1o, pero principalmente en los primeros 100 d\u00edas de gobierno de Sheinbaum Pardo, pues hasta el mes de septiembre, el presupuesto del INM hab\u00eda aumentado a 7 mil millones de pesos, pero se decidi\u00f3 inyectar 4 mil millones m\u00e1s en el \u00faltimo trimestre para cerrar 2024 con un gasto total de 11 mil 171.4 millones de pesos.<\/p>\n\n\n\n<p class=\"wp-block-paragraph\">Como parte de las acciones que el gobierno de Sheinbaum Pardo ha realizado para fortalecer la atenci\u00f3n a migrantes, destaca la estrategia M\u00e9xico te Abraza, a trav\u00e9s de la cual los connacionales est\u00e1n siendo recibidos desde el primer momento de su retorno a la patria.<\/p>\n\n\n\n<p class=\"wp-block-paragraph\">Se pusieron en operaci\u00f3n 10 centros de atenci\u00f3n en los seis estados fronterizos que tienen la capacidad de albergar a 2 mil 500 personas cada uno, \u201cpero si es necesario ampliarlos lo podemos hacer\u201d, ha se\u00f1alado la secretaria de Gobernaci\u00f3n, Rosa Icela Rodr\u00edguez.<\/p>\n\n\n\n<p class=\"wp-block-paragraph\">Adem\u00e1s de luz, agua, regadera, internet, ba\u00f1os y dormitorios, los centros ofrecen m\u00faltiples servicios, como la entrega de la carta de repatriaci\u00f3n y tr\u00e1mites para obtener acta de nacimiento, credencial de elector, la CURP, afiliaci\u00f3n inmediata al IMSS-Bienestar y opciones para ingresar a programas sociales.<\/p>\n\n\n\n<p class=\"wp-block-paragraph\">Adicionalmente, el pasado 15 de enero, el INM public\u00f3 un contrato por 179 millones 250 mil pesos para brindar servicio de alimentaci\u00f3n a personas extranjeras que sean presentadas en las estaciones migratorias, as\u00ed como a connacionales repatriados y migrantes atendidos por grupos Beta.<\/p>\n\n\n\n<p class=\"wp-block-paragraph\">Al cierre del a\u00f1o, la Comisi\u00f3n Mexicana de Ayuda a Refugiados (Comar), instituci\u00f3n del gobierno mexicano que se encarga de atender a los refugiados que se encuentran en el pa\u00eds, tambi\u00e9n tuvo un incremento presupuestal de 110.1%, al pasar de 51 millones 200 mil pesos que le fueron autorizados en el Presupuesto de Egresos de la Federaci\u00f3n (PEF) 2024 a recibir un total de 107 millones 600 mil pesos.<\/p>\n\n\n\n<p class=\"wp-block-paragraph\"><strong>Tambi\u00e9n impulsa obras ferroviarias<\/strong><\/p>\n\n\n\n<p class=\"wp-block-paragraph\">Adem\u00e1s de la atenci\u00f3n a migrantes, la presidenta Sheinbaum Pardo dio prioridad a las obras ferroviarias, tal y como lo anunci\u00f3 al inicio de su mandato. As\u00ed, el presupuesto para el ferrocarril del Istmo de Tehuantepec aument\u00f3 703.5%.<\/p>\n\n\n\n<p class=\"wp-block-paragraph\">Esa obra pas\u00f3 de tener 3 mil 925 millones 400 mil pesos que le presupuestaron para 2024 en la C\u00e1mara de Diputados a erogar un total de 31 mil 543 millones 800 mil pesos al cierre del a\u00f1o.<\/p>\n\n\n\n<p class=\"wp-block-paragraph\"><strong>Obras emblema, a la baja<\/strong><\/p>\n\n\n\n<p class=\"wp-block-paragraph\">En contraste, a diciembre del a\u00f1o pasado se observ\u00f3 un castigo presupuestal a programas para buscar personas desaparecidas, recortes al grupo aeroportuario que construy\u00f3 el Aeropuerto Internacional Felipe \u00c1ngeles (AIFA), disminuciones al Tren Maya y reducciones a la Guardia Nacional, que ahora se encuentra adscrita a la Secretar\u00eda de la Defensa Nacional (Defensa).<\/p>\n\n\n\n<p class=\"wp-block-paragraph\">La Comisi\u00f3n Nacional de B\u00fasqueda de Personas recibi\u00f3 un recorte de 21%, al pasar de mil 149 millones 900 mil pesos a erogar s\u00f3lo 907 millones 500 mil pesos.<\/p>\n\n\n\n<p class=\"wp-block-paragraph\">El Grupo Aeroportuario, Ferroviario, de Servicios Auxiliares y Conexos Olmeca-Maya-Mexica S.A. de C.V., encargado de la edificaci\u00f3n del aeropuerto Felipe \u00c1ngeles, tuvo un recorte de 55.5%, al pasar de tener en el PEF 2024 un total de 15 mil 172.8 millones a s\u00f3lo 6 mil 752.2 millones de pesos.<\/p>\n\n\n\n<p class=\"wp-block-paragraph\">El recorte m\u00e1s severo fue al Tren Maya S.A. de C.V., cuya bolsa inicial otorgada en el PEF 2024 \u2014cuando Andr\u00e9s Manuel L\u00f3pez Obrador a\u00fan era presidente\u2014 fue de 125 mil 937.3 millones de pesos, pero que, al cierre de 2024, ya con Sheinbaum Pardo como Titular del Poder Ejecutivo, erog\u00f3 s\u00f3lo 36 mil 932.6 millones de pesos, es decir, 70.7% menos.<\/p>\n\n\n\n<p class=\"wp-block-paragraph\">Tambi\u00e9n la Guardia Nacional sufri\u00f3 un recorte de 50.4%, al pasar de 70 mil 767.4 millones de pesos a 35 mil 86.4 millones, aunque en el informe trimestral no se detalla si dicha modificaci\u00f3n responde a su adscripci\u00f3n a la Defensa Nacional.<\/p>\n\n\n\n<p class=\"wp-block-paragraph\"><strong>L\u00f3pez Obrador aplic\u00f3 la misma estrategia<\/strong><\/p>\n\n\n\n<p class=\"wp-block-paragraph\">Durante su administraci\u00f3n, el expresidente Andr\u00e9s Manuel L\u00f3pez Obrador aplic\u00f3 la misma estrategia de modificar el presupuesto original para incrementar los recursos a sus obras prioritarias.<\/p>\n\n\n\n<p class=\"wp-block-paragraph\">S\u00f3lo en 2023, EL UNIVERSAL dio cuenta de la reasignaci\u00f3n de 93 mil millones de pesos del dinero etiquetado para la atenci\u00f3n al cambio clim\u00e1tico para darlos al Tren Maya; en tanto que para 2024 hizo lo mismo con 24 mil millones de pesos que hab\u00edan sido etiquetados a la mitigaci\u00f3n del cambio clim\u00e1tico.<\/p>\n\n\n\n<p class=\"wp-block-paragraph\">En ambos a\u00f1os, el Presupuesto de Egresos de la Federaci\u00f3n estableci\u00f3 que dichos recursos ser\u00edan utilizados para realizar acciones en materia de adaptaci\u00f3n y mitigaci\u00f3n de los efectos del cambio clim\u00e1tico; sin embargo, al t\u00e9rmino de cada ejercicio los recursos se terminaron utilizando en la obra emblem\u00e1tica del exmandatario.<\/p>\n\n\n\n<p class=\"wp-block-paragraph\">En el portal oficial del Tren Maya se indica que el objetivo del proyecto es fomentar el turismo masivo, as\u00ed como el crecimiento econ\u00f3mico del sureste mexicano, pero no se habla de llevar a cabo acciones espec\u00edficas relacionadas con el combate al calentamiento global.<\/p>\n\n\n\n<p class=\"wp-block-paragraph\">En el Presupuesto de Egresos de la Federaci\u00f3n 2025, el anexo 16 etiquetado exclusivamente a la mitigaci\u00f3n del cambio clim\u00e1tico y proyectos medio ambientales contempla una bolsa de 205 mil 370 millones 153 mil 384 pesos para tal fin.<\/p>\n\n\n\n<p class=\"wp-block-paragraph\">Sin embargo, de ese total se prev\u00e9 el uso de m\u00e1s de 40 mil 827 millones de pesos para la Secretar\u00eda de la Defensa Nacional, de los cuales 827 millones ser\u00e1n para la prestaci\u00f3n de servicios p\u00fablicos de transporte masivo de personas y carga del Tren Maya, as\u00ed como 39 mil 999 millones de pesos como \u201cprovisiones para la construcci\u00f3n y fortalecimiento de infraestructura\u201d. (El Universal)<\/p>\n","protected":false},"excerpt":{"rendered":"<p>En los primeros meses de su administraci\u00f3n, en medio de la tensi\u00f3n con el gobierno de Estados Unidos, la presidenta Claudia Sheinbaum decidi\u00f3 darle alta prioridad a la atenci\u00f3n de los migrantes, incrementando 489% el presupuesto que se le otorg\u00f3 al Instituto Nacional de Migraci\u00f3n (INM) para 2024. Para costear esos aumentos, la Federaci\u00f3n, a [&hellip;]<\/p>\n","protected":false},"author":6,"featured_media":53189,"comment_status":"open","ping_status":"open","sticky":false,"template":"","format":"standard","meta":{"_acf_changed":false,"_monsterinsights_skip_tracking":false,"slim_seo":{"title":"Incrementan presupuesto del Instituto de Migraci\u00f3n y de la Comar - Opini\u00f3n P\u00fablica","description":"En los primeros meses de su administraci\u00f3n, en medio de la tensi\u00f3n con el gobierno de Estados Unidos, la presidenta Claudia Sheinbaum decidi\u00f3 darle alta priorid"},"footnotes":""},"categories":[3],"tags":[],"class_list":["post-53184","post","type-post","status-publish","format-standard","has-post-thumbnail","hentry","category-principal"],"acf":[],"_links":{"self":[{"href":"https:\/\/www.opinionpublica.tv\/portada\/wp-json\/wp\/v2\/posts\/53184","targetHints":{"allow":["GET"]}}],"collection":[{"href":"https:\/\/www.opinionpublica.tv\/portada\/wp-json\/wp\/v2\/posts"}],"about":[{"href":"https:\/\/www.opinionpublica.tv\/portada\/wp-json\/wp\/v2\/types\/post"}],"author":[{"embeddable":true,"href":"https:\/\/www.opinionpublica.tv\/portada\/wp-json\/wp\/v2\/users\/6"}],"replies":[{"embeddable":true,"href":"https:\/\/www.opinionpublica.tv\/portada\/wp-json\/wp\/v2\/comments?post=53184"}],"version-history":[{"count":4,"href":"https:\/\/www.opinionpublica.tv\/portada\/wp-json\/wp\/v2\/posts\/53184\/revisions"}],"predecessor-version":[{"id":53196,"href":"https:\/\/www.opinionpublica.tv\/portada\/wp-json\/wp\/v2\/posts\/53184\/revisions\/53196"}],"wp:featuredmedia":[{"embeddable":true,"href":"https:\/\/www.opinionpublica.tv\/portada\/wp-json\/wp\/v2\/media\/53189"}],"wp:attachment":[{"href":"https:\/\/www.opinionpublica.tv\/portada\/wp-json\/wp\/v2\/media?parent=53184"}],"wp:term":[{"taxonomy":"category","embeddable":true,"href":"https:\/\/www.opinionpublica.tv\/portada\/wp-json\/wp\/v2\/categories?post=53184"},{"taxonomy":"post_tag","embeddable":true,"href":"https:\/\/www.opinionpublica.tv\/portada\/wp-json\/wp\/v2\/tags?post=53184"}],"curies":[{"name":"wp","href":"https:\/\/api.w.org\/{rel}","templated":true}]}}