{"id":53156,"date":"2025-02-10T07:30:19","date_gmt":"2025-02-10T14:30:19","guid":{"rendered":"https:\/\/www.opinionpublica.tv\/portada\/?p=53156"},"modified":"2025-02-10T07:33:23","modified_gmt":"2025-02-10T14:33:23","slug":"registra-seyd-avance-del-42-por-ciento-en-preinscripciones-en-educacion-basica","status":"publish","type":"post","link":"https:\/\/www.opinionpublica.tv\/portada\/registra-seyd-avance-del-42-por-ciento-en-preinscripciones-en-educacion-basica\/","title":{"rendered":"Registra SEyD avance del 42% en preinscripciones en Educaci\u00f3n B\u00e1sica"},"content":{"rendered":"\n<figure class=\"wp-block-image size-large\"><img fetchpriority=\"high\" decoding=\"async\" width=\"1024\" height=\"768\" src=\"https:\/\/www.opinionpublica.tv\/portada\/wp-content\/uploads\/2025\/02\/Registra-SEyD-avance-del-42-en-preinscripciones-en-Educacion-Basica-1024x768.jpeg\" alt=\"Registra Seyd Avance Del 42% En Preinscripciones En Educacio\u0301n Ba\u0301sica\" class=\"wp-image-53160\" srcset=\"https:\/\/www.opinionpublica.tv\/portada\/wp-content\/uploads\/2025\/02\/Registra-SEyD-avance-del-42-en-preinscripciones-en-Educacion-Basica-1024x768.jpeg 1024w, https:\/\/www.opinionpublica.tv\/portada\/wp-content\/uploads\/2025\/02\/Registra-SEyD-avance-del-42-en-preinscripciones-en-Educacion-Basica-300x225.jpeg 300w, https:\/\/www.opinionpublica.tv\/portada\/wp-content\/uploads\/2025\/02\/Registra-SEyD-avance-del-42-en-preinscripciones-en-Educacion-Basica-768x576.jpeg 768w, https:\/\/www.opinionpublica.tv\/portada\/wp-content\/uploads\/2025\/02\/Registra-SEyD-avance-del-42-en-preinscripciones-en-Educacion-Basica-1536x1152.jpeg 1536w, https:\/\/www.opinionpublica.tv\/portada\/wp-content\/uploads\/2025\/02\/Registra-SEyD-avance-del-42-en-preinscripciones-en-Educacion-Basica.jpeg 1600w\" sizes=\"(max-width: 1024px) 100vw, 1024px\" \/><\/figure>\n\n\n\n<p class=\"wp-block-paragraph\">El periodo para completar el registro concluye el viernes 14 de febrero<\/p>\n\n\n\n<p class=\"wp-block-paragraph\">La Secretar\u00eda de Educaci\u00f3n y Deporte (SEyD) inform\u00f3 que hasta el mediod\u00eda de este viernes 7 de febrero, se reporta un avance del 42.6 por ciento en la cantidad de preinscripciones proyectadas para el ciclo escolar 2025-2026, en planteles p\u00fablicos de Educaci\u00f3n B\u00e1sica.<\/p>\n\n\n\n<p class=\"wp-block-paragraph\">El total de pre-registros en todo el estado es de 70 mil 180, de los cuales, 145 corresponden al nivel Inicial, 15 mil 245 a Preescolar, 22 mil 284 a Primaria y 32 mil 506 a Secundaria.<\/p>\n\n\n\n<p class=\"wp-block-paragraph\">La dependencia indic\u00f3 que el periodo de preinscripciones inici\u00f3 el pasado martes 4 de febrero y concluir\u00e1 el 14 del mismo mes, a trav\u00e9s de la plataforma digital del Sistema de Informaci\u00f3n Educativa (SIE): https:\/\/sie.chihuahua.gob.mx\/publico.<\/p>\n\n\n\n<p class=\"wp-block-paragraph\">En los casos en los que no se cuente con medios de conectividad a Internet, las madres, padres o tutores pueden acudir a las instalaciones del centro escolar al que se desea ingresar, donde el personal educativo les brindar\u00e1 apoyo para realizar el registro en l\u00ednea.<\/p>\n\n\n\n<p class=\"wp-block-paragraph\">La preinscripci\u00f3n oportuna en el mes de febrero permite planificar de manera eficiente la asignaci\u00f3n de recursos educativos, desde la distribuci\u00f3n de docentes y mobiliario, hasta la entrega oportuna de libros de texto, por ello, se invita a las y los responsables de familia a realizarla a m\u00e1s tardar el pr\u00f3ximo viernes.<\/p>\n\n\n\n<p class=\"wp-block-paragraph\">Para mayor informaci\u00f3n sobre el proceso, enviar un correo electr\u00f3nico a: soporte.sie@seech.edu.mx, o llamar al tel\u00e9fono (614) 429-33-00, extensiones 12241 y 15650.<\/p>\n","protected":false},"excerpt":{"rendered":"<p>El periodo para completar el registro concluye el viernes 14 de febrero La Secretar\u00eda de Educaci\u00f3n y Deporte (SEyD) inform\u00f3 que hasta el mediod\u00eda de este viernes 7 de febrero, se reporta un avance del 42.6 por ciento en la cantidad de preinscripciones proyectadas para el ciclo escolar 2025-2026, en planteles p\u00fablicos de Educaci\u00f3n B\u00e1sica. [&hellip;]<\/p>\n","protected":false},"author":6,"featured_media":53160,"comment_status":"open","ping_status":"open","sticky":false,"template":"","format":"standard","meta":{"_acf_changed":false,"_monsterinsights_skip_tracking":false,"slim_seo":{"title":"Registra SEyD avance del 42% en preinscripciones en Educaci\u00f3n B\u00e1sica - Opini\u00f3n P\u00fablica","description":"El periodo para completar el registro concluye el viernes 14 de febrero La Secretar\u00eda de Educaci\u00f3n y Deporte (SEyD) inform\u00f3 que hasta el mediod\u00eda de este vierne"},"footnotes":""},"categories":[11],"tags":[],"class_list":["post-53156","post","type-post","status-publish","format-standard","has-post-thumbnail","hentry","category-tendencias"],"acf":[],"_links":{"self":[{"href":"https:\/\/www.opinionpublica.tv\/portada\/wp-json\/wp\/v2\/posts\/53156","targetHints":{"allow":["GET"]}}],"collection":[{"href":"https:\/\/www.opinionpublica.tv\/portada\/wp-json\/wp\/v2\/posts"}],"about":[{"href":"https:\/\/www.opinionpublica.tv\/portada\/wp-json\/wp\/v2\/types\/post"}],"author":[{"embeddable":true,"href":"https:\/\/www.opinionpublica.tv\/portada\/wp-json\/wp\/v2\/users\/6"}],"replies":[{"embeddable":true,"href":"https:\/\/www.opinionpublica.tv\/portada\/wp-json\/wp\/v2\/comments?post=53156"}],"version-history":[{"count":5,"href":"https:\/\/www.opinionpublica.tv\/portada\/wp-json\/wp\/v2\/posts\/53156\/revisions"}],"predecessor-version":[{"id":53164,"href":"https:\/\/www.opinionpublica.tv\/portada\/wp-json\/wp\/v2\/posts\/53156\/revisions\/53164"}],"wp:featuredmedia":[{"embeddable":true,"href":"https:\/\/www.opinionpublica.tv\/portada\/wp-json\/wp\/v2\/media\/53160"}],"wp:attachment":[{"href":"https:\/\/www.opinionpublica.tv\/portada\/wp-json\/wp\/v2\/media?parent=53156"}],"wp:term":[{"taxonomy":"category","embeddable":true,"href":"https:\/\/www.opinionpublica.tv\/portada\/wp-json\/wp\/v2\/categories?post=53156"},{"taxonomy":"post_tag","embeddable":true,"href":"https:\/\/www.opinionpublica.tv\/portada\/wp-json\/wp\/v2\/tags?post=53156"}],"curies":[{"name":"wp","href":"https:\/\/api.w.org\/{rel}","templated":true}]}}