{"id":53126,"date":"2025-02-10T06:35:17","date_gmt":"2025-02-10T13:35:17","guid":{"rendered":"https:\/\/www.opinionpublica.tv\/portada\/?p=53126"},"modified":"2025-02-10T07:34:12","modified_gmt":"2025-02-10T14:34:12","slug":"anuncian-el-primer-programa-expositivo-del-ano-en-el-museo-de-arte-de-ciudad-juarez","status":"publish","type":"post","link":"https:\/\/www.opinionpublica.tv\/portada\/anuncian-el-primer-programa-expositivo-del-ano-en-el-museo-de-arte-de-ciudad-juarez\/","title":{"rendered":"Anuncian primer exposici\u00f3n del a\u00f1o en el Museo de Arte de Ciudad Ju\u00e1rez"},"content":{"rendered":"\n<figure class=\"wp-block-image size-large\"><img fetchpriority=\"high\" decoding=\"async\" width=\"1024\" height=\"1024\" src=\"https:\/\/www.opinionpublica.tv\/portada\/wp-content\/uploads\/2025\/02\/Anuncian-primer-programa-expositivo-del-ano-en-el-Museo-de-Arte.-Ciudad-Juarez-1024x1024.jpeg\" alt=\"Anuncian Primer Programa Expositivo Del An\u0303o En El Museo De Arte. Ciudad Jua\u0301rez\" class=\"wp-image-53137\" srcset=\"https:\/\/www.opinionpublica.tv\/portada\/wp-content\/uploads\/2025\/02\/Anuncian-primer-programa-expositivo-del-ano-en-el-Museo-de-Arte.-Ciudad-Juarez-1024x1024.jpeg 1024w, https:\/\/www.opinionpublica.tv\/portada\/wp-content\/uploads\/2025\/02\/Anuncian-primer-programa-expositivo-del-ano-en-el-Museo-de-Arte.-Ciudad-Juarez-300x300.jpeg 300w, https:\/\/www.opinionpublica.tv\/portada\/wp-content\/uploads\/2025\/02\/Anuncian-primer-programa-expositivo-del-ano-en-el-Museo-de-Arte.-Ciudad-Juarez-150x150.jpeg 150w, https:\/\/www.opinionpublica.tv\/portada\/wp-content\/uploads\/2025\/02\/Anuncian-primer-programa-expositivo-del-ano-en-el-Museo-de-Arte.-Ciudad-Juarez-768x768.jpeg 768w, https:\/\/www.opinionpublica.tv\/portada\/wp-content\/uploads\/2025\/02\/Anuncian-primer-programa-expositivo-del-ano-en-el-Museo-de-Arte.-Ciudad-Juarez.jpeg 1070w\" sizes=\"(max-width: 1024px) 100vw, 1024px\" \/><\/figure>\n\n\n\n<p class=\"wp-block-paragraph\">En conferencia de prensa, este d\u00eda se anunci\u00f3 el Primer Programa Expositivo del a\u00f1o en el Museo de Arte de Ciudad Ju\u00e1rez, actividad que inicia ma\u00f1ana viernes 7 de febrero a las 18:00 horas.<\/p>\n\n\n\n<p class=\"wp-block-paragraph\">Christian Aurelio Diego Diego, titular del recinto cultural, dijo que ma\u00f1ana se llevar\u00e1 a cabo la inauguraci\u00f3n de las tres exposiciones que marcan el arranque de este ciclo; lo anterior, gracias a la Secretar\u00eda de Cultura del Gobierno de M\u00e9xico, as\u00ed como al Instituto Nacional de Bellas Artes y Literatura a trav\u00e9s de Museo de Arte.<\/p>\n\n\n\n<p class=\"wp-block-paragraph\">Explic\u00f3 que las exposiciones son:<\/p>\n\n\n\n<p class=\"wp-block-paragraph\">Zona de bisontes, Janos Chihuahua; trata acerca de la reserva de la bi\u00f3sfera de Janos, misma que fue decretada como \u00e1rea natural protegida desde el a\u00f1o 2009. Artista, Cuauht\u00e9moc Pi\u00f1a Assaf.<\/p>\n\n\n\n<p class=\"wp-block-paragraph\">Esta muestra tendr\u00e1 el apoyo y curadur\u00eda de Ivonne Vida\u00f1a, adem\u00e1s de la participaci\u00f3n de 7 artistas m\u00e1s: Ces\u00e1reo Aguilera, X\u00f3chitl, Valencia, Susana Alvarado, Miguel \u00c1ngel Moreno, Virginia Ord\u00f3\u00f1ez, Jes\u00fas Carlos C\u00e1rdenas y Armando Arenas.<\/p>\n\n\n\n<p class=\"wp-block-paragraph\">Tambi\u00e9n se presenta Por todo lo que es construido algo es destruido; aborda la tem\u00e1tica de la miner\u00eda en el estado con la artista Karian Amaya. Musicorporalidad; habla del sonido y el cuerpo. Artista: Gaby Hijar.<\/p>\n\n\n\n<p class=\"wp-block-paragraph\">Cuauht\u00e9moc Pi\u00f1a Assaf, artista pl\u00e1stico, indic\u00f3 que hablar del tema del bisonte es muy importante en cuesti\u00f3n cultural, incluso el municipio de Janos lo tiene como una gr\u00e1fica importante; a finales del siglo XX desapareci\u00f3, por lo que se introdujeron 23 magn\u00edficos ejemplares a la reserva de la bi\u00f3sfera de Janos.<\/p>\n\n\n\n<p class=\"wp-block-paragraph\">\u00abMe interesaba este tema desde ni\u00f1o, mi padre me llevaba a buscarlos y nunca los encontramos; entonces, desde el a\u00f1o 2013, esa manada, que a la fecha suman m\u00e1s de 3,230 espec\u00edmenes, es un triunfo y casi nadie es consciente de esto, ya que pocas personas saben que esta belleza se encuentra tan cerca de Ju\u00e1rez\u00bb, puntualiz\u00f3 el fot\u00f3grafo.<\/p>\n\n\n\n<p class=\"wp-block-paragraph\">Coment\u00f3 que es un factor que deber\u00eda ser orgullo para las y los lugare\u00f1os, puesto que este grupo de individuos proviene de los \u00faltimos 1,000 que quedaban en Dakota del Sur, Estados Unidos, a finales del siglo XX.<\/p>\n\n\n\n<p class=\"wp-block-paragraph\">Est\u00e1 la oportunidad hasta el domingo 27 de abril para poder acudir y presenciar esta exhibici\u00f3n de manera gratuita en las instalaciones del Museo de Arte, situado en la avenida Abraham Lincoln y calle Coyoac\u00e1n en la Zona Pronaf, condominio La Plata.<\/p>\n\n\n\n<p class=\"wp-block-paragraph\"><\/p>\n","protected":false},"excerpt":{"rendered":"<p>En conferencia de prensa, este d\u00eda se anunci\u00f3 el Primer Programa Expositivo del a\u00f1o en el Museo de Arte de Ciudad Ju\u00e1rez, actividad que inicia ma\u00f1ana viernes 7 de febrero a las 18:00 horas. Christian Aurelio Diego Diego, titular del recinto cultural, dijo que ma\u00f1ana se llevar\u00e1 a cabo la inauguraci\u00f3n de las tres exposiciones [&hellip;]<\/p>\n","protected":false},"author":6,"featured_media":53137,"comment_status":"open","ping_status":"open","sticky":false,"template":"","format":"standard","meta":{"_acf_changed":false,"_monsterinsights_skip_tracking":false,"slim_seo":{"title":"Anuncian primer exposici\u00f3n del a\u00f1o en el Museo de Arte de Ciudad Ju\u00e1rez - Opini\u00f3n P\u00fablica","description":"En conferencia de prensa, este d\u00eda se anunci\u00f3 el Primer Programa Expositivo del a\u00f1o en el Museo de Arte de Ciudad Ju\u00e1rez, actividad que inicia ma\u00f1ana viernes 7"},"footnotes":""},"categories":[41],"tags":[],"class_list":["post-53126","post","type-post","status-publish","format-standard","has-post-thumbnail","hentry","category-juarez"],"acf":[],"_links":{"self":[{"href":"https:\/\/www.opinionpublica.tv\/portada\/wp-json\/wp\/v2\/posts\/53126","targetHints":{"allow":["GET"]}}],"collection":[{"href":"https:\/\/www.opinionpublica.tv\/portada\/wp-json\/wp\/v2\/posts"}],"about":[{"href":"https:\/\/www.opinionpublica.tv\/portada\/wp-json\/wp\/v2\/types\/post"}],"author":[{"embeddable":true,"href":"https:\/\/www.opinionpublica.tv\/portada\/wp-json\/wp\/v2\/users\/6"}],"replies":[{"embeddable":true,"href":"https:\/\/www.opinionpublica.tv\/portada\/wp-json\/wp\/v2\/comments?post=53126"}],"version-history":[{"count":8,"href":"https:\/\/www.opinionpublica.tv\/portada\/wp-json\/wp\/v2\/posts\/53126\/revisions"}],"predecessor-version":[{"id":53143,"href":"https:\/\/www.opinionpublica.tv\/portada\/wp-json\/wp\/v2\/posts\/53126\/revisions\/53143"}],"wp:featuredmedia":[{"embeddable":true,"href":"https:\/\/www.opinionpublica.tv\/portada\/wp-json\/wp\/v2\/media\/53137"}],"wp:attachment":[{"href":"https:\/\/www.opinionpublica.tv\/portada\/wp-json\/wp\/v2\/media?parent=53126"}],"wp:term":[{"taxonomy":"category","embeddable":true,"href":"https:\/\/www.opinionpublica.tv\/portada\/wp-json\/wp\/v2\/categories?post=53126"},{"taxonomy":"post_tag","embeddable":true,"href":"https:\/\/www.opinionpublica.tv\/portada\/wp-json\/wp\/v2\/tags?post=53126"}],"curies":[{"name":"wp","href":"https:\/\/api.w.org\/{rel}","templated":true}]}}