{"id":53019,"date":"2025-02-08T07:46:02","date_gmt":"2025-02-08T14:46:02","guid":{"rendered":"https:\/\/www.opinionpublica.tv\/portada\/?p=53019"},"modified":"2025-02-08T07:46:41","modified_gmt":"2025-02-08T14:46:41","slug":"el-libro-de-la-semana-quedara-el-amor-de-alice-kellen","status":"publish","type":"post","link":"https:\/\/www.opinionpublica.tv\/portada\/el-libro-de-la-semana-quedara-el-amor-de-alice-kellen\/","title":{"rendered":"El Libro de la Semana: Quedar\u00e1 el Amor, de Alice Kellen"},"content":{"rendered":"\n<div class=\"wp-block-columns is-layout-flex wp-container-core-columns-is-layout-7387b849 wp-block-columns-is-layout-flex\">\n<div class=\"wp-block-column is-layout-flow wp-block-column-is-layout-flow\">\n<p class=\"wp-block-paragraph\">\u00a1Hola, lectores! \ud83c\udf38 Hoy les quiero platicar de\u00a0<em>Quedar\u00e1 el amor<\/em>, de Alice Kellen, una autora que ya nos tiene acostumbrados a navegar por las aguas turbulentas del coraz\u00f3n con una sensibilidad que te atraviesa. Si alguna vez han le\u00eddo algo de ella, saben que no sale uno igual de sus historias, y esta novela, publicada por Planeta, no es la excepci\u00f3n. \u00bfListos para un viaje emocional?<\/p>\n<\/div>\n\n\n\n<div class=\"wp-block-column is-layout-flow wp-block-column-is-layout-flow\">\n<figure class=\"wp-block-image size-large\"><img fetchpriority=\"high\" decoding=\"async\" width=\"1024\" height=\"1024\" src=\"https:\/\/www.opinionpublica.tv\/portada\/wp-content\/uploads\/2025\/02\/Quedara-el-amor-1024x1024.png\" alt=\"Quedara El Amor\" class=\"wp-image-53020\" srcset=\"https:\/\/www.opinionpublica.tv\/portada\/wp-content\/uploads\/2025\/02\/Quedara-el-amor-1024x1024.png 1024w, https:\/\/www.opinionpublica.tv\/portada\/wp-content\/uploads\/2025\/02\/Quedara-el-amor-300x300.png 300w, https:\/\/www.opinionpublica.tv\/portada\/wp-content\/uploads\/2025\/02\/Quedara-el-amor-150x150.png 150w, https:\/\/www.opinionpublica.tv\/portada\/wp-content\/uploads\/2025\/02\/Quedara-el-amor-768x768.png 768w, https:\/\/www.opinionpublica.tv\/portada\/wp-content\/uploads\/2025\/02\/Quedara-el-amor.png 1500w\" sizes=\"(max-width: 1024px) 100vw, 1024px\" \/><\/figure>\n<\/div>\n<\/div>\n\n\n\n<p class=\"wp-block-paragraph\">La tarea de Alice aqu\u00ed es sencilla pero poderosa: contarnos la historia de Noah y Lena, dos almas rotas que, por esas casualidades que solo la vida regala, terminan compartiendo un verano en un peque\u00f1o pueblo costero. \u00c9l es un m\u00fasico atormentado por un pasado que no lo suelta; ella, una chica que carga con heridas invisibles tras una p\u00e9rdida devastadora. \u00bfLa premisa suena a romance cl\u00e1sico? S\u00ed, pero Kellen le da tantos matices que te olvidas de los clich\u00e9s. Aqu\u00ed no hay pr\u00edncipes azules ni finales predecibles, sino personajes que respiran, sangran y se reinventan.<\/p>\n\n\n\n<p class=\"wp-block-paragraph\">Lo que m\u00e1s me enamor\u00f3 es c\u00f3mo la autora teje la relaci\u00f3n entre ambos. No es un amor que nace de miradas fugaces, sino de la paciencia, los silencios compartidos y las cicatrices que, poco a poco, dejan de doler. Noah y Lena se convierten en espejos el uno del otro, y ver c\u00f3mo se ayudan a sanar es de esas cosas que te reconcilian con la humanidad. Adem\u00e1s, \u00a1el di\u00e1logo entre ellos! Fresco, lleno de chispazos de humor y momentos tan tiernos que hasta te da cosita leerlos en p\u00fablico (lo digo por experiencia).<\/p>\n\n\n\n<p class=\"wp-block-paragraph\">Kellen tiene una prosa que fluye como el mar: a veces tranquila, a veces embravecida, pero siempre con una belleza que atrapa. Hay frases que subrayar\u00edas una y otra vez, como cuando describe el dolor como \u00abalgo que se clava en el pecho pero tambi\u00e9n te recuerda que sigues vivo\u00bb. Y aunque el libro habla de p\u00e9rdida y duelos, no se queda en la oscuridad: es una oda a la resiliencia, a eso que queda cuando crees que no hay nada m\u00e1s.<\/p>\n\n\n\n<p class=\"wp-block-paragraph\">\u00bfRecomiendo&nbsp;<em>Quedar\u00e1 el amor<\/em>? Absolutamente. Si buscas una historia que te haga re\u00edr, llorar y creer en los segundos actos de la vida, esta es para ti. Ideal para leer con una manta, un caf\u00e9 y el coraz\u00f3n abierto. Eso s\u00ed, les advierto: terminar\u00e1n a\u00f1orando ese pueblo costero y pregunt\u00e1ndose c\u00f3mo est\u00e1 Noah (s\u00ed, nos encari\u00f1amos).<\/p>\n\n\n\n<p class=\"wp-block-paragraph\">Alice Kellen vuelve a demostrar por qu\u00e9 es una de las voces m\u00e1s queridas de la narrativa rom\u00e1ntica contempor\u00e1nea. Y Planeta, como siempre, nos regala una edici\u00f3n tan cuidada que hasta da pena romper el lomo (pero valdr\u00e1 la pena, \u00a1lo prometo!).<\/p>\n\n\n\n<p class=\"wp-block-paragraph\">As\u00ed que ya saben: si el amor, en todas sus formas, les mueve el piso, este libro ser\u00e1 su pr\u00f3ximo&nbsp;<em>bookhangover<\/em>. \ud83d\udc94\ud83d\udcda<\/p>\n\n\n\n<p class=\"wp-block-paragraph\">\u00a1Hasta la pr\u00f3xima rese\u00f1a, y no olviden abrazar sus propias cicatrices! \u2728<\/p>\n\n\n\n<p class=\"wp-block-paragraph\"><\/p>\n","protected":false},"excerpt":{"rendered":"<p>\u00a1Hola, lectores! \ud83c\udf38 Hoy les quiero platicar de\u00a0Quedar\u00e1 el amor, de Alice Kellen, una autora que ya nos tiene acostumbrados a navegar por las aguas turbulentas del coraz\u00f3n con una sensibilidad que te atraviesa. Si alguna vez han le\u00eddo algo de ella, saben que no sale uno igual de sus historias, y esta novela, publicada [&hellip;]<\/p>\n","protected":false},"author":1,"featured_media":53020,"comment_status":"open","ping_status":"open","sticky":false,"template":"","format":"standard","meta":{"_acf_changed":false,"_monsterinsights_skip_tracking":false,"slim_seo":{"title":"El Libro de la Semana: Quedar\u00e1 el Amor, de Alice Kellen - Opini\u00f3n P\u00fablica","description":"\u00a1Hola, lectores! \ud83c\udf38 Hoy les quiero platicar de\u00a0 Quedar\u00e1 el amor , de Alice Kellen, una autora que ya nos tiene acostumbrados a navegar por las aguas turbulentas"},"footnotes":""},"categories":[1007],"tags":[],"class_list":["post-53019","post","type-post","status-publish","format-standard","has-post-thumbnail","hentry","category-el-libro-de-la-semana"],"acf":[],"_links":{"self":[{"href":"https:\/\/www.opinionpublica.tv\/portada\/wp-json\/wp\/v2\/posts\/53019","targetHints":{"allow":["GET"]}}],"collection":[{"href":"https:\/\/www.opinionpublica.tv\/portada\/wp-json\/wp\/v2\/posts"}],"about":[{"href":"https:\/\/www.opinionpublica.tv\/portada\/wp-json\/wp\/v2\/types\/post"}],"author":[{"embeddable":true,"href":"https:\/\/www.opinionpublica.tv\/portada\/wp-json\/wp\/v2\/users\/1"}],"replies":[{"embeddable":true,"href":"https:\/\/www.opinionpublica.tv\/portada\/wp-json\/wp\/v2\/comments?post=53019"}],"version-history":[{"count":2,"href":"https:\/\/www.opinionpublica.tv\/portada\/wp-json\/wp\/v2\/posts\/53019\/revisions"}],"predecessor-version":[{"id":53023,"href":"https:\/\/www.opinionpublica.tv\/portada\/wp-json\/wp\/v2\/posts\/53019\/revisions\/53023"}],"wp:featuredmedia":[{"embeddable":true,"href":"https:\/\/www.opinionpublica.tv\/portada\/wp-json\/wp\/v2\/media\/53020"}],"wp:attachment":[{"href":"https:\/\/www.opinionpublica.tv\/portada\/wp-json\/wp\/v2\/media?parent=53019"}],"wp:term":[{"taxonomy":"category","embeddable":true,"href":"https:\/\/www.opinionpublica.tv\/portada\/wp-json\/wp\/v2\/categories?post=53019"},{"taxonomy":"post_tag","embeddable":true,"href":"https:\/\/www.opinionpublica.tv\/portada\/wp-json\/wp\/v2\/tags?post=53019"}],"curies":[{"name":"wp","href":"https:\/\/api.w.org\/{rel}","templated":true}]}}