{"id":53009,"date":"2025-02-08T00:01:00","date_gmt":"2025-02-08T07:01:00","guid":{"rendered":"https:\/\/www.opinionpublica.tv\/portada\/?p=53009"},"modified":"2025-02-07T22:18:06","modified_gmt":"2025-02-08T05:18:06","slug":"alertan-por-frente-frio-26-se-esperan-rachas-de-hasta-50-kilometros-por-en-la-entidad","status":"publish","type":"post","link":"https:\/\/www.opinionpublica.tv\/portada\/alertan-por-frente-frio-26-se-esperan-rachas-de-hasta-50-kilometros-por-en-la-entidad\/","title":{"rendered":"Alertan por frente fr\u00edo 26, se esperan rachas de hasta 50 kil\u00f3metros por hora"},"content":{"rendered":"\n<figure class=\"wp-block-image size-large\"><img fetchpriority=\"high\" decoding=\"async\" width=\"1024\" height=\"768\" src=\"https:\/\/www.opinionpublica.tv\/portada\/wp-content\/uploads\/2025\/02\/Alertan-por-frente-frio-26-se-esperan-rachas-de-hasta-50-kilometros-por-hora-1024x768.jpeg\" alt=\"Alertan Por Frente Fri\u0301o 26, Se Esperan Rachas De Hasta 50 Kilo\u0301metros Por Hora\" class=\"wp-image-53013\" srcset=\"https:\/\/www.opinionpublica.tv\/portada\/wp-content\/uploads\/2025\/02\/Alertan-por-frente-frio-26-se-esperan-rachas-de-hasta-50-kilometros-por-hora-1024x768.jpeg 1024w, https:\/\/www.opinionpublica.tv\/portada\/wp-content\/uploads\/2025\/02\/Alertan-por-frente-frio-26-se-esperan-rachas-de-hasta-50-kilometros-por-hora-300x225.jpeg 300w, https:\/\/www.opinionpublica.tv\/portada\/wp-content\/uploads\/2025\/02\/Alertan-por-frente-frio-26-se-esperan-rachas-de-hasta-50-kilometros-por-hora-768x576.jpeg 768w, https:\/\/www.opinionpublica.tv\/portada\/wp-content\/uploads\/2025\/02\/Alertan-por-frente-frio-26-se-esperan-rachas-de-hasta-50-kilometros-por-hora.jpeg 1280w\" sizes=\"(max-width: 1024px) 100vw, 1024px\" \/><\/figure>\n\n\n\n<p class=\"wp-block-paragraph\"><em>Chihuahua, Chih<\/em>.- La Coordinaci\u00f3n Estatal de Protecci\u00f3n Civil (CEPC) inform\u00f3 que para este fin de semana se prev\u00e9 un clima c\u00e1lido a caluroso por las tardes, con temperaturas m\u00e1ximas que pueden superar los 30 grados cent\u00edgrados (\u00b0C) en gran parte del estado, adem\u00e1s de vientos de hasta 50 kil\u00f3metros por hora (km\/h) generados por la llegada del frente fr\u00edo 26.<\/p>\n\n\n\n<p class=\"wp-block-paragraph\">Para este s\u00e1bado 8 y domingo 9, el sistema frontal traer\u00e1 rachas de viento que alcanzar\u00e1n los 45 km\/h en las regiones de Ascensi\u00f3n, Nuevo Casas Grandes, San Francisco de Borja, Chihuahua, Belisario Dom\u00ednguez y Satev\u00f3, con temperaturas m\u00e1ximas que oscilar\u00e1n entre los 20 y los 34\u00b0C en diversas zonas de la entidad.<\/p>\n\n\n\n<p class=\"wp-block-paragraph\">El lunes 9 de febrero, las r\u00e1fagas registrar\u00e1n velocidades superiores a 50 km\/h en algunas \u00e1reas, lo que provocar\u00e1 baja visibilidad en tramos carreteros conectados con las regiones de Casas Grandes, Ascensi\u00f3n, Janos y Buenaventura, principalmente, condiciones que se mantendr\u00e1n hasta el martes 11.<\/p>\n\n\n\n<p class=\"wp-block-paragraph\">La CEPC exhorta a la ciudadan\u00eda a tomar medidas preventivas y estar atenta a los avisos meteorol\u00f3gicos para evitar situaciones de riesgo.<\/p>\n\n\n\n<p class=\"wp-block-paragraph\">Se recomienda asegurar o guardar cualquier objeto que pueda ser proyectado por el viento, as\u00ed como evitar salir al aire libre durante las rachas intensas, especialmente en zonas con \u00e1rboles o estructuras que puedan derrumbarse.<\/p>\n\n\n\n<p class=\"wp-block-paragraph\">Tambi\u00e9n reducir la velocidad en carreteras y mantener un firme control del volante, ya que las r\u00e1fagas pueden desestabilizar y generar accidentes viales.<\/p>\n","protected":false},"excerpt":{"rendered":"<p>Chihuahua, Chih.- La Coordinaci\u00f3n Estatal de Protecci\u00f3n Civil (CEPC) inform\u00f3 que para este fin de semana se prev\u00e9 un clima c\u00e1lido a caluroso por las tardes, con temperaturas m\u00e1ximas que pueden superar los 30 grados cent\u00edgrados (\u00b0C) en gran parte del estado, adem\u00e1s de vientos de hasta 50 kil\u00f3metros por hora (km\/h) generados por la [&hellip;]<\/p>\n","protected":false},"author":6,"featured_media":53013,"comment_status":"open","ping_status":"open","sticky":false,"template":"","format":"standard","meta":{"_acf_changed":false,"_monsterinsights_skip_tracking":false,"slim_seo":{"title":"Alertan por frente fr\u00edo 26, se esperan rachas de hasta 50 kil\u00f3metros por hora - Opini\u00f3n P\u00fablica","description":"Chihuahua, Chih .- La Coordinaci\u00f3n Estatal de Protecci\u00f3n Civil (CEPC) inform\u00f3 que para este fin de semana se prev\u00e9 un clima c\u00e1lido a caluroso por las tardes, co"},"footnotes":""},"categories":[11],"tags":[],"class_list":["post-53009","post","type-post","status-publish","format-standard","has-post-thumbnail","hentry","category-tendencias"],"acf":[],"_links":{"self":[{"href":"https:\/\/www.opinionpublica.tv\/portada\/wp-json\/wp\/v2\/posts\/53009","targetHints":{"allow":["GET"]}}],"collection":[{"href":"https:\/\/www.opinionpublica.tv\/portada\/wp-json\/wp\/v2\/posts"}],"about":[{"href":"https:\/\/www.opinionpublica.tv\/portada\/wp-json\/wp\/v2\/types\/post"}],"author":[{"embeddable":true,"href":"https:\/\/www.opinionpublica.tv\/portada\/wp-json\/wp\/v2\/users\/6"}],"replies":[{"embeddable":true,"href":"https:\/\/www.opinionpublica.tv\/portada\/wp-json\/wp\/v2\/comments?post=53009"}],"version-history":[{"count":5,"href":"https:\/\/www.opinionpublica.tv\/portada\/wp-json\/wp\/v2\/posts\/53009\/revisions"}],"predecessor-version":[{"id":53017,"href":"https:\/\/www.opinionpublica.tv\/portada\/wp-json\/wp\/v2\/posts\/53009\/revisions\/53017"}],"wp:featuredmedia":[{"embeddable":true,"href":"https:\/\/www.opinionpublica.tv\/portada\/wp-json\/wp\/v2\/media\/53013"}],"wp:attachment":[{"href":"https:\/\/www.opinionpublica.tv\/portada\/wp-json\/wp\/v2\/media?parent=53009"}],"wp:term":[{"taxonomy":"category","embeddable":true,"href":"https:\/\/www.opinionpublica.tv\/portada\/wp-json\/wp\/v2\/categories?post=53009"},{"taxonomy":"post_tag","embeddable":true,"href":"https:\/\/www.opinionpublica.tv\/portada\/wp-json\/wp\/v2\/tags?post=53009"}],"curies":[{"name":"wp","href":"https:\/\/api.w.org\/{rel}","templated":true}]}}