{"id":53004,"date":"2025-02-08T00:01:00","date_gmt":"2025-02-08T07:01:00","guid":{"rendered":"https:\/\/www.opinionpublica.tv\/portada\/?p=53004"},"modified":"2025-02-07T22:12:55","modified_gmt":"2025-02-08T05:12:55","slug":"maru-campos-llama-a-la-unidad-para-fortalecer-las-instituciones-democraticas-en-chihuahua","status":"publish","type":"post","link":"https:\/\/www.opinionpublica.tv\/portada\/maru-campos-llama-a-la-unidad-para-fortalecer-las-instituciones-democraticas-en-chihuahua\/","title":{"rendered":"Maru Campos llama a la unidad para fortalecer las instituciones democr\u00e1ticas"},"content":{"rendered":"\n<figure class=\"wp-block-image size-large\"><img fetchpriority=\"high\" decoding=\"async\" width=\"1024\" height=\"682\" src=\"https:\/\/www.opinionpublica.tv\/portada\/wp-content\/uploads\/2025\/02\/Maru-Campos-llama-a-la-unidad-para-fortalecer-las-instituciones-democraticas-1024x682.jpeg\" alt=\"Maru Campos Llama A La Unidad Para Fortalecer Las Instituciones Democra\u0301ticas\" class=\"wp-image-53007\" srcset=\"https:\/\/www.opinionpublica.tv\/portada\/wp-content\/uploads\/2025\/02\/Maru-Campos-llama-a-la-unidad-para-fortalecer-las-instituciones-democraticas-1024x682.jpeg 1024w, https:\/\/www.opinionpublica.tv\/portada\/wp-content\/uploads\/2025\/02\/Maru-Campos-llama-a-la-unidad-para-fortalecer-las-instituciones-democraticas-300x200.jpeg 300w, https:\/\/www.opinionpublica.tv\/portada\/wp-content\/uploads\/2025\/02\/Maru-Campos-llama-a-la-unidad-para-fortalecer-las-instituciones-democraticas-768x511.jpeg 768w, https:\/\/www.opinionpublica.tv\/portada\/wp-content\/uploads\/2025\/02\/Maru-Campos-llama-a-la-unidad-para-fortalecer-las-instituciones-democraticas-1536x1022.jpeg 1536w, https:\/\/www.opinionpublica.tv\/portada\/wp-content\/uploads\/2025\/02\/Maru-Campos-llama-a-la-unidad-para-fortalecer-las-instituciones-democraticas.jpeg 1600w\" sizes=\"(max-width: 1024px) 100vw, 1024px\" \/><\/figure>\n\n\n\n<p class=\"wp-block-paragraph\"><em>Chihuahua, Chih<\/em>.- Ante los retos que enfrentan actualmente M\u00e9xico y Chihuahua, la gobernadora Maru Campos hizo un llamado a la unidad entre los diversos entes y organizaciones p\u00fablicas, para fortalecer las instituciones democr\u00e1ticas, la soberan\u00eda y la representaci\u00f3n ciudadana.<\/p>\n\n\n\n<p class=\"wp-block-paragraph\">En el marco de la toma de protesta de Hugo Molina Mart\u00ednez como nuevo presidente del Tribunal Estatal Electoral (TEE), afirm\u00f3 que este \u00f3rgano ha sido crucial para la democracia en Chihuahua y en M\u00e9xico.<\/p>\n\n\n\n<p class=\"wp-block-paragraph\">\u201cPor tres d\u00e9cadas, este Tribunal se ha encargado de proveer los blindajes necesarios para llevar a cabo los procesos que nos condujeron a la transici\u00f3n democr\u00e1tica. Ello ha permitido que Chihuahua sea siempre punta de lanza y ejemplo en la democratizaci\u00f3n del pa\u00eds\u201d, expres\u00f3 Maru Campos.<\/p>\n\n\n\n<p class=\"wp-block-paragraph\">Adem\u00e1s reconoci\u00f3 la labor realizada por la magistrada Roxana Garc\u00eda, primera mujer en presidir el TEE.<\/p>\n\n\n\n<p class=\"wp-block-paragraph\">\u201cActualmente enfrentamos una serie de complejos retos provenientes del exterior; por lo tanto, ya no hay margen para la divisi\u00f3n interna. Justamente, la protecci\u00f3n de nuestra soberan\u00eda requiere de la superaci\u00f3n de las diferencias, y el abandono de toda divisi\u00f3n\u201d, manifest\u00f3 la Gobernadora en su mensaje.<\/p>\n\n\n\n<p class=\"wp-block-paragraph\">Como parte del compromiso para trabajar en conjunto, Maru Campos refrend\u00f3 la voluntad de su administraci\u00f3n para acompa\u00f1ar al organismo en proyectos a futuro, que incluyen la ampliaci\u00f3n de las instalaciones, mejoras al sistema operativo y lineamientos en beneficio de las y los chihuahuenses.<\/p>\n\n\n\n<p class=\"wp-block-paragraph\">En el evento se cont\u00f3 con la presencia de Augusto Hern\u00e1ndez, en representaci\u00f3n de la Secretar\u00eda Ejecutiva del INE; Carmen Ur\u00edas, coordinadora Nacional de Comunicaci\u00f3n Social del Instituto Nacional Electoral; los consejeros de la judicatura federal Sergio Javier Molina y Eva Ver\u00f3nica de Gyv\u00e9s Z\u00e1rate, as\u00ed como autoridades locales.<\/p>\n","protected":false},"excerpt":{"rendered":"<p>Chihuahua, Chih.- Ante los retos que enfrentan actualmente M\u00e9xico y Chihuahua, la gobernadora Maru Campos hizo un llamado a la unidad entre los diversos entes y organizaciones p\u00fablicas, para fortalecer las instituciones democr\u00e1ticas, la soberan\u00eda y la representaci\u00f3n ciudadana. En el marco de la toma de protesta de Hugo Molina Mart\u00ednez como nuevo presidente del [&hellip;]<\/p>\n","protected":false},"author":6,"featured_media":53007,"comment_status":"open","ping_status":"open","sticky":false,"template":"","format":"standard","meta":{"_acf_changed":false,"_monsterinsights_skip_tracking":false,"slim_seo":{"title":"Maru Campos llama a la unidad para fortalecer las instituciones democr\u00e1ticas - Opini\u00f3n P\u00fablica","description":"Chihuahua, Chih .- Ante los retos que enfrentan actualmente M\u00e9xico y Chihuahua, la gobernadora Maru Campos hizo un llamado a la unidad entre los diversos entes"},"footnotes":""},"categories":[11],"tags":[],"class_list":["post-53004","post","type-post","status-publish","format-standard","has-post-thumbnail","hentry","category-tendencias"],"acf":[],"_links":{"self":[{"href":"https:\/\/www.opinionpublica.tv\/portada\/wp-json\/wp\/v2\/posts\/53004","targetHints":{"allow":["GET"]}}],"collection":[{"href":"https:\/\/www.opinionpublica.tv\/portada\/wp-json\/wp\/v2\/posts"}],"about":[{"href":"https:\/\/www.opinionpublica.tv\/portada\/wp-json\/wp\/v2\/types\/post"}],"author":[{"embeddable":true,"href":"https:\/\/www.opinionpublica.tv\/portada\/wp-json\/wp\/v2\/users\/6"}],"replies":[{"embeddable":true,"href":"https:\/\/www.opinionpublica.tv\/portada\/wp-json\/wp\/v2\/comments?post=53004"}],"version-history":[{"count":2,"href":"https:\/\/www.opinionpublica.tv\/portada\/wp-json\/wp\/v2\/posts\/53004\/revisions"}],"predecessor-version":[{"id":53008,"href":"https:\/\/www.opinionpublica.tv\/portada\/wp-json\/wp\/v2\/posts\/53004\/revisions\/53008"}],"wp:featuredmedia":[{"embeddable":true,"href":"https:\/\/www.opinionpublica.tv\/portada\/wp-json\/wp\/v2\/media\/53007"}],"wp:attachment":[{"href":"https:\/\/www.opinionpublica.tv\/portada\/wp-json\/wp\/v2\/media?parent=53004"}],"wp:term":[{"taxonomy":"category","embeddable":true,"href":"https:\/\/www.opinionpublica.tv\/portada\/wp-json\/wp\/v2\/categories?post=53004"},{"taxonomy":"post_tag","embeddable":true,"href":"https:\/\/www.opinionpublica.tv\/portada\/wp-json\/wp\/v2\/tags?post=53004"}],"curies":[{"name":"wp","href":"https:\/\/api.w.org\/{rel}","templated":true}]}}