{"id":52963,"date":"2025-02-07T00:01:00","date_gmt":"2025-02-07T07:01:00","guid":{"rendered":"https:\/\/www.opinionpublica.tv\/portada\/?p=52963"},"modified":"2025-02-06T23:28:26","modified_gmt":"2025-02-07T06:28:26","slug":"superan-los-mil-millones-de-pesos-la-recaudacion-del-impuesto-predial-durante-enero","status":"publish","type":"post","link":"https:\/\/www.opinionpublica.tv\/portada\/superan-los-mil-millones-de-pesos-la-recaudacion-del-impuesto-predial-durante-enero\/","title":{"rendered":"Superan los mil millones de pesos la recaudaci\u00f3n del Impuesto Predial en enero"},"content":{"rendered":"\n<figure class=\"wp-block-image size-large\"><img fetchpriority=\"high\" decoding=\"async\" width=\"1024\" height=\"682\" src=\"https:\/\/www.opinionpublica.tv\/portada\/wp-content\/uploads\/2025\/02\/Superan-los-mil-millones-de-pesos-la-recaudacion-del-Impuesto-Predial-en-enero-1024x682.jpeg\" alt=\"Superan Los Mil Millones De Pesos La Recaudacio\u0301n Del Impuesto Predial En Enero\" class=\"wp-image-52967\" srcset=\"https:\/\/www.opinionpublica.tv\/portada\/wp-content\/uploads\/2025\/02\/Superan-los-mil-millones-de-pesos-la-recaudacion-del-Impuesto-Predial-en-enero-1024x682.jpeg 1024w, https:\/\/www.opinionpublica.tv\/portada\/wp-content\/uploads\/2025\/02\/Superan-los-mil-millones-de-pesos-la-recaudacion-del-Impuesto-Predial-en-enero-300x200.jpeg 300w, https:\/\/www.opinionpublica.tv\/portada\/wp-content\/uploads\/2025\/02\/Superan-los-mil-millones-de-pesos-la-recaudacion-del-Impuesto-Predial-en-enero-768x511.jpeg 768w, https:\/\/www.opinionpublica.tv\/portada\/wp-content\/uploads\/2025\/02\/Superan-los-mil-millones-de-pesos-la-recaudacion-del-Impuesto-Predial-en-enero.jpeg 1280w\" sizes=\"(max-width: 1024px) 100vw, 1024px\" \/><\/figure>\n\n\n\n<p class=\"wp-block-paragraph\"><em>Ciudad Ju\u00e1rez, Chih<\/em>.- Por segundo a\u00f1o consecutivo se super\u00f3 la cifra de 1,000 millones de pesos en la recaudaci\u00f3n del Impuesto Predial durante el mes de enero, dio a conocer Carlos Israel N\u00e1jera Pay\u00e1n, coordinador general de Comunicaci\u00f3n Social.<\/p>\n\n\n\n<p class=\"wp-block-paragraph\">El funcionario destac\u00f3 que del 1 al 31 de enero se recaudaron 1,289 millones 648,133 pesos, lo que representan un total de 236 mil 393 contribuyentes.<\/p>\n\n\n\n<p class=\"wp-block-paragraph\">El funcionario agradeci\u00f3 a los juarenses la contribuci\u00f3n que realizaron durante el primer mes del a\u00f1o, quienes aprovecharon hasta el 15% de descuento otorgado por Tesorer\u00eda Municipal por Pronto Pago y Contribuyente Cumplido.<\/p>\n\n\n\n<p class=\"wp-block-paragraph\">Del total de cuentas pagadas, 222 mil 153 corresponden a contribuyentes cumplidos, 10 mil 568 a contribuyentes morosos que se pusieron al d\u00eda y 3 mil 672 personas que llegaron a un acuerdo de pago a fin de proteger su patrimonio.<\/p>\n\n\n\n<p class=\"wp-block-paragraph\">N\u00e1jera Pay\u00e1n invit\u00f3 a la poblaci\u00f3n que a\u00fan adeuda el Impuesto Predial a que realice su pago y aproveche durante el presente mes el 10% de descuento que se otorga por Pronto Pago y Contribuyente Cumplido, es decir a quienes no presentan alg\u00fan adeudo de a\u00f1os anteriores.<\/p>\n\n\n\n<p class=\"wp-block-paragraph\">Indic\u00f3 que durante el mes de marzo se aplicar\u00e1 un descuento del 5% por Pronto Pago y Contribuyente Cumplido.<\/p>\n\n\n\n<p class=\"wp-block-paragraph\">Expres\u00f3 que la poblaci\u00f3n tiene diferentes opciones de pago como las cajas del Gobierno Municipal, los m\u00f3dulos instalados en centros comerciales, instituciones bancarias y en las tiendas de conveniencia OXXO y Del Rio. Tambi\u00e9n pueden ingresar a www.juarez.gob.mx o bajar la aplicaci\u00f3n telef\u00f3nica Ju\u00e1rez Conectado.<\/p>\n","protected":false},"excerpt":{"rendered":"<p>Ciudad Ju\u00e1rez, Chih.- Por segundo a\u00f1o consecutivo se super\u00f3 la cifra de 1,000 millones de pesos en la recaudaci\u00f3n del Impuesto Predial durante el mes de enero, dio a conocer Carlos Israel N\u00e1jera Pay\u00e1n, coordinador general de Comunicaci\u00f3n Social. El funcionario destac\u00f3 que del 1 al 31 de enero se recaudaron 1,289 millones 648,133 pesos, [&hellip;]<\/p>\n","protected":false},"author":6,"featured_media":52967,"comment_status":"open","ping_status":"open","sticky":false,"template":"","format":"standard","meta":{"_acf_changed":false,"_monsterinsights_skip_tracking":false,"slim_seo":{"title":"Superan los mil millones de pesos la recaudaci\u00f3n del Impuesto Predial en enero - Opini\u00f3n P\u00fablica","description":"Ciudad Ju\u00e1rez, Chih .- Por segundo a\u00f1o consecutivo se super\u00f3 la cifra de 1,000 millones de pesos en la recaudaci\u00f3n del Impuesto Predial durante el mes de enero,"},"footnotes":""},"categories":[41],"tags":[],"class_list":["post-52963","post","type-post","status-publish","format-standard","has-post-thumbnail","hentry","category-juarez"],"acf":[],"_links":{"self":[{"href":"https:\/\/www.opinionpublica.tv\/portada\/wp-json\/wp\/v2\/posts\/52963","targetHints":{"allow":["GET"]}}],"collection":[{"href":"https:\/\/www.opinionpublica.tv\/portada\/wp-json\/wp\/v2\/posts"}],"about":[{"href":"https:\/\/www.opinionpublica.tv\/portada\/wp-json\/wp\/v2\/types\/post"}],"author":[{"embeddable":true,"href":"https:\/\/www.opinionpublica.tv\/portada\/wp-json\/wp\/v2\/users\/6"}],"replies":[{"embeddable":true,"href":"https:\/\/www.opinionpublica.tv\/portada\/wp-json\/wp\/v2\/comments?post=52963"}],"version-history":[{"count":3,"href":"https:\/\/www.opinionpublica.tv\/portada\/wp-json\/wp\/v2\/posts\/52963\/revisions"}],"predecessor-version":[{"id":52968,"href":"https:\/\/www.opinionpublica.tv\/portada\/wp-json\/wp\/v2\/posts\/52963\/revisions\/52968"}],"wp:featuredmedia":[{"embeddable":true,"href":"https:\/\/www.opinionpublica.tv\/portada\/wp-json\/wp\/v2\/media\/52967"}],"wp:attachment":[{"href":"https:\/\/www.opinionpublica.tv\/portada\/wp-json\/wp\/v2\/media?parent=52963"}],"wp:term":[{"taxonomy":"category","embeddable":true,"href":"https:\/\/www.opinionpublica.tv\/portada\/wp-json\/wp\/v2\/categories?post=52963"},{"taxonomy":"post_tag","embeddable":true,"href":"https:\/\/www.opinionpublica.tv\/portada\/wp-json\/wp\/v2\/tags?post=52963"}],"curies":[{"name":"wp","href":"https:\/\/api.w.org\/{rel}","templated":true}]}}