{"id":52953,"date":"2025-02-07T00:01:00","date_gmt":"2025-02-07T07:01:00","guid":{"rendered":"https:\/\/www.opinionpublica.tv\/portada\/?p=52953"},"modified":"2025-02-06T23:22:03","modified_gmt":"2025-02-07T06:22:03","slug":"tiene-chihuahua-unidades-basicas-de-rehabilitacion-en-todos-sus-municipios","status":"publish","type":"post","link":"https:\/\/www.opinionpublica.tv\/portada\/tiene-chihuahua-unidades-basicas-de-rehabilitacion-en-todos-sus-municipios\/","title":{"rendered":"Tiene Chihuahua Unidades B\u00e1sicas de Rehabilitaci\u00f3n en todos sus municipios"},"content":{"rendered":"\n<figure class=\"wp-block-image size-large\"><img fetchpriority=\"high\" decoding=\"async\" width=\"1024\" height=\"683\" src=\"https:\/\/www.opinionpublica.tv\/portada\/wp-content\/uploads\/2025\/02\/Tiene-Chihuahua-Unidades-Basicas-de-Rehabilitacion-en-todos-sus-municipios-1024x683.jpeg\" alt=\"Tiene Chihuahua Unidades Ba\u0301sicas De Rehabilitacio\u0301n En Todos Sus Municipios\" class=\"wp-image-52956\" srcset=\"https:\/\/www.opinionpublica.tv\/portada\/wp-content\/uploads\/2025\/02\/Tiene-Chihuahua-Unidades-Basicas-de-Rehabilitacion-en-todos-sus-municipios-1024x683.jpeg 1024w, https:\/\/www.opinionpublica.tv\/portada\/wp-content\/uploads\/2025\/02\/Tiene-Chihuahua-Unidades-Basicas-de-Rehabilitacion-en-todos-sus-municipios-300x200.jpeg 300w, https:\/\/www.opinionpublica.tv\/portada\/wp-content\/uploads\/2025\/02\/Tiene-Chihuahua-Unidades-Basicas-de-Rehabilitacion-en-todos-sus-municipios-768x512.jpeg 768w, https:\/\/www.opinionpublica.tv\/portada\/wp-content\/uploads\/2025\/02\/Tiene-Chihuahua-Unidades-Basicas-de-Rehabilitacion-en-todos-sus-municipios-1536x1024.jpeg 1536w, https:\/\/www.opinionpublica.tv\/portada\/wp-content\/uploads\/2025\/02\/Tiene-Chihuahua-Unidades-Basicas-de-Rehabilitacion-en-todos-sus-municipios.jpeg 1600w\" sizes=\"(max-width: 1024px) 100vw, 1024px\" \/><\/figure>\n\n\n\n<p class=\"wp-block-paragraph\"><em>Chihuahua, Chih<\/em>.- El DIF Estatal dio a conocer que Chihuahua se destaca como referente y el \u00fanico estado del pa\u00eds, en contar con Unidades B\u00e1sicas de Rehabilitaci\u00f3n (UBR) en sus 67 municipios, espacios donde se brindan servicios especializados y de calidad, a pacientes vulnerables con alguna condici\u00f3n f\u00edsica o neurol\u00f3gica.<\/p>\n\n\n\n<p class=\"wp-block-paragraph\">Gracias a esta cobertura total, a trav\u00e9s de los 76 centros distribuidos en la entidad se beneficia mensualmente a m\u00e1s de 3 mil 500 personas, con atenci\u00f3n terap\u00e9utica integral que busca mejorar de manera directa la calidad de vida de las y los usuarios.<\/p>\n\n\n\n<p class=\"wp-block-paragraph\">La dependencia provee de todos los suministros que requieren las UBR para su funcionamiento, como equipos de compresas calientes, de terapia combinada (electroterapia y ultrasonido terap\u00e9utico), mesas de tratamiento terap\u00e9uticas, unidades de equipos de parafina, para la atenci\u00f3n directa en las \u00e1reas de electroterapia, mecanoterapia y termoterapia.<\/p>\n\n\n\n<p class=\"wp-block-paragraph\">Lo anterior representa una inversi\u00f3n por parte del Gobierno del Estado de casi 200 mil pesos por Unidad, que buscan asegurar los recursos suficientes para que cada persona reciba la atenci\u00f3n requerida.<\/p>\n\n\n\n<p class=\"wp-block-paragraph\">En tanto, los municipios se encargan de la operaci\u00f3n de los centros, un espacio donde funcionen y del personal adecuado, as\u00ed como de las capacitaciones para profesionalizaci\u00f3n que se desarrollan dos veces al a\u00f1o, a fin de garantizar que todos los empleados est\u00e9n actualizados en conocimientos y habilidades.<\/p>\n\n\n\n<p class=\"wp-block-paragraph\">Para solicitar informaci\u00f3n, o inscribirse y obtener este beneficio, comunicarse al tel\u00e9fono 614-429-33-00, extensiones 22388 y 22389, de lunes a viernes de 8:00 am a 3:30 pm.<\/p>\n\n\n\n<p class=\"wp-block-paragraph\">En la ciudad de Chihuahua, se puede acudir al Centro de Rehabilitaci\u00f3n y Educaci\u00f3n Especial (CREE), ubicado en la calle Quinta y Samaniego de la colonia Santa Rosa, mientras que en Ciudad Ju\u00e1rez, en el Centro de Rehabilitaci\u00f3n Integral F\u00edsica (CRIF), en calle Fierro n\u00famero 300, colonia Arroyo Colorado.<\/p>\n","protected":false},"excerpt":{"rendered":"<p>Chihuahua, Chih.- El DIF Estatal dio a conocer que Chihuahua se destaca como referente y el \u00fanico estado del pa\u00eds, en contar con Unidades B\u00e1sicas de Rehabilitaci\u00f3n (UBR) en sus 67 municipios, espacios donde se brindan servicios especializados y de calidad, a pacientes vulnerables con alguna condici\u00f3n f\u00edsica o neurol\u00f3gica. Gracias a esta cobertura total, [&hellip;]<\/p>\n","protected":false},"author":6,"featured_media":52956,"comment_status":"open","ping_status":"open","sticky":false,"template":"","format":"standard","meta":{"_acf_changed":false,"_monsterinsights_skip_tracking":false,"slim_seo":{"title":"Tiene Chihuahua Unidades B\u00e1sicas de Rehabilitaci\u00f3n en todos sus municipios - Opini\u00f3n P\u00fablica","description":"Chihuahua, Chih .- El DIF Estatal dio a conocer que Chihuahua se destaca como referente y el \u00fanico estado del pa\u00eds, en contar con Unidades B\u00e1sicas de Rehabilita"},"footnotes":""},"categories":[11],"tags":[],"class_list":["post-52953","post","type-post","status-publish","format-standard","has-post-thumbnail","hentry","category-tendencias"],"acf":[],"_links":{"self":[{"href":"https:\/\/www.opinionpublica.tv\/portada\/wp-json\/wp\/v2\/posts\/52953","targetHints":{"allow":["GET"]}}],"collection":[{"href":"https:\/\/www.opinionpublica.tv\/portada\/wp-json\/wp\/v2\/posts"}],"about":[{"href":"https:\/\/www.opinionpublica.tv\/portada\/wp-json\/wp\/v2\/types\/post"}],"author":[{"embeddable":true,"href":"https:\/\/www.opinionpublica.tv\/portada\/wp-json\/wp\/v2\/users\/6"}],"replies":[{"embeddable":true,"href":"https:\/\/www.opinionpublica.tv\/portada\/wp-json\/wp\/v2\/comments?post=52953"}],"version-history":[{"count":2,"href":"https:\/\/www.opinionpublica.tv\/portada\/wp-json\/wp\/v2\/posts\/52953\/revisions"}],"predecessor-version":[{"id":52957,"href":"https:\/\/www.opinionpublica.tv\/portada\/wp-json\/wp\/v2\/posts\/52953\/revisions\/52957"}],"wp:featuredmedia":[{"embeddable":true,"href":"https:\/\/www.opinionpublica.tv\/portada\/wp-json\/wp\/v2\/media\/52956"}],"wp:attachment":[{"href":"https:\/\/www.opinionpublica.tv\/portada\/wp-json\/wp\/v2\/media?parent=52953"}],"wp:term":[{"taxonomy":"category","embeddable":true,"href":"https:\/\/www.opinionpublica.tv\/portada\/wp-json\/wp\/v2\/categories?post=52953"},{"taxonomy":"post_tag","embeddable":true,"href":"https:\/\/www.opinionpublica.tv\/portada\/wp-json\/wp\/v2\/tags?post=52953"}],"curies":[{"name":"wp","href":"https:\/\/api.w.org\/{rel}","templated":true}]}}