{"id":52948,"date":"2025-02-07T00:01:00","date_gmt":"2025-02-07T07:01:00","guid":{"rendered":"https:\/\/www.opinionpublica.tv\/portada\/?p=52948"},"modified":"2025-02-06T23:17:46","modified_gmt":"2025-02-07T06:17:46","slug":"vortice","status":"publish","type":"post","link":"https:\/\/www.opinionpublica.tv\/portada\/vortice\/","title":{"rendered":"V\u00f3rtice"},"content":{"rendered":"\n<h4 class=\"wp-block-heading\">Ra\u00fal Ruiz<\/h4>\n\n\n\n<p class=\"wp-block-paragraph\">___________________________<\/p>\n\n\n\n<p class=\"wp-block-paragraph\">Hay un v\u00f3rtice, que est\u00e1 devorando todo lo que hasta hoy conocemos.<\/p>\n\n\n\n<p class=\"wp-block-paragraph\">Un remolino tipo \u00abhoyo negro\u00bb que engulle todo.<\/p>\n\n\n\n<p class=\"wp-block-paragraph\">Tradiciones, valores, ra\u00edces ancestrales. Todo. Incluyendo&#8230; la historia.<\/p>\n\n\n\n<p class=\"wp-block-paragraph\">Primero se tragar\u00e1 a los Estados Unidos, cuarteadura, que ya est\u00e1 sufriendo el pueblo norteamericano.<\/p>\n\n\n\n<p class=\"wp-block-paragraph\">La ca\u00edda del imperio gringo tiene d\u00e9cadas cuesta abajo.<\/p>\n\n\n\n<p class=\"wp-block-paragraph\">Pero se resiste a desmoronarse por completo.<\/p>\n\n\n\n<p class=\"wp-block-paragraph\">El poder\u00edo b\u00e9lico lo sostiene.<\/p>\n\n\n\n<p class=\"wp-block-paragraph\">Gran parte de su gente, solo rumia por las calles, pulula sin sentido por la vida. Enviciados.<\/p>\n\n\n\n<p class=\"wp-block-paragraph\">Hoy, lastimosamente se encuentra vulnerable ante el mundo, que s\u00f3lo espera un \u00faltimo resbal\u00f3n provocado por su actual l\u00edder pol\u00edtico, para devorarlo como capirotada en semana santa.<\/p>\n\n\n\n<p class=\"wp-block-paragraph\">La ret\u00f3rica de Donald Trump ultra derechista, nacionalista, populista y a menudo controvesial, envolvi\u00f3 a sus electores, y creyeron en su \u00abAmerica First\u00bb:<\/p>\n\n\n\n<p class=\"wp-block-paragraph\">(Am\u00e9rica Primero), para enfatizar su enfoque en priorizar los intereses de Estados Unidos sobre los de otros pa\u00edses, est\u00e1 transformando la existencia de los gringos, y todo lo que toca.<\/p>\n\n\n\n<p class=\"wp-block-paragraph\">Su ataque a las instituciones multilaterales y los tratados comerciales internacionales, present\u00e1ndolos como una amenaza a la independencia nacional.<\/p>\n\n\n\n<p class=\"wp-block-paragraph\">Su postura extrema contra la inmigraci\u00f3n, describi\u00e9ndola como una fuente de inseguridad y desestabilizaci\u00f3n econ\u00f3mica.<\/p>\n\n\n\n<p class=\"wp-block-paragraph\">Su falso proteccionismo econ\u00f3mico que promueve pol\u00edticas que seg\u00fan \u00e9l favorecer\u00e1n la producci\u00f3n y el consumo interno.<\/p>\n\n\n\n<p class=\"wp-block-paragraph\">Pero seg\u00fan los especialistas se ha pegado un tiro en el pie.<\/p>\n\n\n\n<p class=\"wp-block-paragraph\">Pues con su capricho de imponer leoninos aranceles a sus socios comerciales, lo \u00fanico que producir\u00e1 es alza en los precios a los productos que consume el pueblo norteamericano.<\/p>\n\n\n\n<p class=\"wp-block-paragraph\">Su ligaz\u00f3n con la oligarqu\u00eda norteamericana comienza a ser un problema dif\u00edcil de contener.<\/p>\n\n\n\n<p class=\"wp-block-paragraph\">Nunca como hoy, en los Estados Unidos se hab\u00eda podido concentrar el poder pol\u00edtico y econ\u00f3mico en manos de un peque\u00f1o grupo de personas muy ricas y poderosas.<\/p>\n\n\n\n<p class=\"wp-block-paragraph\">Este fen\u00f3meno ha sido objeto de cr\u00edticas y preocupaciones, ya que est\u00e1 influyendo significativamente en las decisiones gubernamentales y en la pol\u00edtica nacional norteamericana.<\/p>\n\n\n\n<p class=\"wp-block-paragraph\">Principalmente con Elon Musk, quien invirti\u00f3 abiertamente 250 millones de d\u00f3lares en su campa\u00f1a y de manera subterfugia al parecer, tambi\u00e9n un par de miles de millones que son imposibles de comprobar.<\/p>\n\n\n\n<p class=\"wp-block-paragraph\">El gobierno de Donald Trump&nbsp; en manos de la oligarqu\u00eda es la principal herramienta de horadaci\u00f3n contra el pa\u00eds de las barras y las estrellas.<\/p>\n\n\n\n<p class=\"wp-block-paragraph\">Algunos puntos clave sobre la oligarqu\u00eda en Estados Unidos incluyen:<\/p>\n\n\n\n<p class=\"wp-block-paragraph\">&#8211; Influencia en las Elecciones: Los multimillonarios pudieron financiar su campa\u00f1a pol\u00edtica y tuvieron un impacto considerable en los resultados electorales.<\/p>\n\n\n\n<p class=\"wp-block-paragraph\">&#8211; Control de Medios: Grandes conglomerados de medios de comunicaci\u00f3n est\u00e1n en manos de unas pocas personas, lo que ha podido afectar la diversidad de opiniones y la objetividad de la informaci\u00f3n.<\/p>\n\n\n\n<p class=\"wp-block-paragraph\">&#8211; Cabildeo: Las empresas y los individuos ricos pueden gastar grandes sumas de dinero en cabildeo para influir en la legislaci\u00f3n y las pol\u00edticas p\u00fablicas a su favor.<\/p>\n\n\n\n<p class=\"wp-block-paragraph\">&#8211; Desigualdad Econ\u00f3mica: La riqueza acumulada en manos de unos pocos exacerba la desigualdad econ\u00f3mica y social en el pa\u00eds.<\/p>\n\n\n\n<p class=\"wp-block-paragraph\">Cegado por el poder, Donald Trump, proclama 42 \u00f3rdenes ejecutivas, que seg\u00fan mi particular \u00f3ptica, ir\u00e1n disolvi\u00e9ndose conforme transcurra el tiempo.<\/p>\n\n\n\n<p class=\"wp-block-paragraph\">Veamos.<\/p>\n\n\n\n<p class=\"wp-block-paragraph\">Para justificar estos ordenamientos, hace una&#8230; Declaraci\u00f3n de emergencia nacional en la frontera sur.<\/p>\n\n\n\n<p class=\"wp-block-paragraph\">Y con ello, designa como organizaciones terroristas a los c\u00e1rteles mexicanos de la droga.<\/p>\n\n\n\n<p class=\"wp-block-paragraph\">No s\u00f3lo eso, ayer mismo, exige la eliminaci\u00f3n del c\u00e1rtel de Sinaloa y el c\u00e1rtel Jalisco Nueva Generaci\u00f3n.<\/p>\n\n\n\n<p class=\"wp-block-paragraph\">Como si fuera tan f\u00e1cil.<\/p>\n\n\n\n<p class=\"wp-block-paragraph\">Supone que la estridencia que est\u00e1 a punto de producirse, opacar\u00e1 el descontento de sus compatriotas, quienes ya est\u00e1n tomando sus providencias contra sus estrafalarias \u00f3rdenes ejecutivas, como las de:<\/p>\n\n\n\n<p class=\"wp-block-paragraph\">1. Poner fin a la ciudadan\u00eda por derecho de nacimiento para los hijos de inmigrantes ilegales.<\/p>\n\n\n\n<p class=\"wp-block-paragraph\">2. Implementaci\u00f3n del \u201cAnexo F\u201d para empleados federales.<\/p>\n\n\n\n<p class=\"wp-block-paragraph\">3. Indulto a personas condenadas en relaci\u00f3n con los acontecimientos del 6 de enero.<\/p>\n\n\n\n<p class=\"wp-block-paragraph\">4. Suspensi\u00f3n de la financiaci\u00f3n federal para servicios de aborto.<\/p>\n\n\n\n<p class=\"wp-block-paragraph\">5. Eliminar los programas de Diversidad, Equidad e Inclusi\u00f3n (DEI) en las agencias federales.<\/p>\n\n\n\n<p class=\"wp-block-paragraph\">6. Restablecimiento de la prohibici\u00f3n del servicio militar para personas transg\u00e9nero.<\/p>\n\n\n\n<p class=\"wp-block-paragraph\">7. Prohibir a las mujeres transg\u00e9nero participar en deportes femeninos<\/p>\n\n\n\n<p class=\"wp-block-paragraph\">8. Eliminaci\u00f3n de la financiaci\u00f3n federal para los programas DEI.<\/p>\n\n\n\n<p class=\"wp-block-paragraph\">9. Restablecer la prohibici\u00f3n musulmana.<\/p>\n\n\n\n<p class=\"wp-block-paragraph\">10. Poner fin a la ciudadan\u00eda por derecho de nacimiento.<\/p>\n\n\n\n<p class=\"wp-block-paragraph\">11. Prohibici\u00f3n de la teor\u00eda cr\u00edtica de la raza en las agencias federales.<\/p>\n\n\n\n<p class=\"wp-block-paragraph\">Y otras m\u00e1s.<\/p>\n\n\n\n<p class=\"wp-block-paragraph\">Pero, concentr\u00e9monos en el tema de la nominaci\u00f3n de organizaciones terroristas a los c\u00e1rteles mexicanos de la droga y su plan de extirpaci\u00f3n.<\/p>\n\n\n\n<p class=\"wp-block-paragraph\">Asustar a la presidenta de M\u00e9xico, con el petate del muerto es una suposici\u00f3n muy infantil.<\/p>\n\n\n\n<p class=\"wp-block-paragraph\">En los primeros golpes de tanteo, la comunidad internacional aplaudi\u00f3 la defensa de la soberan\u00eda mexicana por parte de la presidenta Sheinbaum, y provoc\u00f3 una explosi\u00f3n de mexicanismo no s\u00f3lo en M\u00e9xico, sino en la Uni\u00f3n Americana.<\/p>\n\n\n\n<p class=\"wp-block-paragraph\">Hay algunos anti patriotas que se resistieron a la ola, pero el punto es&#8230; \u00bfC\u00f3mo convencer al mundo que el capricho de Trump no est\u00e1 bien armado?<\/p>\n\n\n\n<p class=\"wp-block-paragraph\">Sembrar el rumor de que el ex presidente L\u00f3pez Obrador no s\u00f3lo protegi\u00f3 a los criminales de la droga bajo su pol\u00edtica de: \u00abAbrazos, no balazos\u00bb, sino que es Capo de tutti Capi, es un argumento muy pobre. S\u00f3lo lo comprar\u00eda un productor para pel\u00edcula de bajo presupuesto.<\/p>\n\n\n\n<p class=\"wp-block-paragraph\">Como la serie de churros SHARKNADOS.<\/p>\n\n\n\n<p class=\"wp-block-paragraph\">Arremeter contra la figura pol\u00edtica mexicana m\u00e1s ic\u00f3nica del siglo, sin tocar a los anteriores ex presidentes desde Carlos Salinas de Gortari, Zedillo, Fox, Calder\u00f3n y Pe\u00f1a nieto, es rid\u00edculo.<\/p>\n\n\n\n<p class=\"wp-block-paragraph\">\u00bfIntentar\u00e1n embarrar a Claudia Sheinbaum como a Noriega? Seee.<\/p>\n\n\n\n<p class=\"wp-block-paragraph\">Quiero ver c\u00f3mo le van a hacer.<\/p>\n\n\n\n<p class=\"wp-block-paragraph\">1. \u00bfProvocar una guerra intestina entre mexicanos?<\/p>\n\n\n\n<p class=\"wp-block-paragraph\">2. \u00bfIncursi\u00f3n de los marines?<\/p>\n\n\n\n<p class=\"wp-block-paragraph\">Aventarse un tiro contra los c\u00e1rteles as\u00ed nom\u00e1s a la brava, no es \u00a1ench\u00edlame otra gordita, Petra!<\/p>\n\n\n\n<p class=\"wp-block-paragraph\">No es una operaci\u00f3n de fin de semana.<\/p>\n\n\n\n<p class=\"wp-block-paragraph\">Y no es que uno quiera defender a los criminales, porque definitivamente son una lacra social que nos agravia y nos denigra.<\/p>\n\n\n\n<p class=\"wp-block-paragraph\">Lo que encabrona es que se quiera trastocar la soberan\u00eda nacional, con el viejo truco ese de que los gringos son los adalides del bien y la libertad.<\/p>\n\n\n\n<p class=\"wp-block-paragraph\">Ahora que, viendo los toros desde la barrera, quiero ver c\u00f3mo los someten.<\/p>\n\n\n\n<p class=\"wp-block-paragraph\">Porque los &#8216;cadetes del narcoimperio&#8217;, no son mancos, y traen poder de fuego de \u00faltima generaci\u00f3n.<\/p>\n\n\n\n<p class=\"wp-block-paragraph\">Esta guerra a punto de estallar es diferente a la que se libra en Ucrania,&nbsp; o en el Medio Oriente.<\/p>\n\n\n\n<p class=\"wp-block-paragraph\">Los c\u00e1rteles de la droga no son Hamas, sus tent\u00e1culos horadan terrenos m\u00e1s profundos.<\/p>\n\n\n\n<p class=\"wp-block-paragraph\">Trabajan en varias pistas como el circo Atayde Hermanos.<\/p>\n\n\n\n<p class=\"wp-block-paragraph\">Tratar de identificarlos como terroristas es un error.<\/p>\n\n\n\n<p class=\"wp-block-paragraph\">Aunque ya est\u00e1n listas las fuerzas gringas para una invasi\u00f3n v\u00eda a\u00e9rea y naval, pienso que Trump y sus estrategas deben releer a Sun Tzu.<\/p>\n\n\n\n<p class=\"wp-block-paragraph\">Estaremos pendientes de las reacciones en la Ma\u00f1anera del Pueblo.<\/p>\n\n\n\n<p class=\"wp-block-paragraph\">Qu\u00e9 nervios.<\/p>\n","protected":false},"excerpt":{"rendered":"<p>Ra\u00fal Ruiz ___________________________ Hay un v\u00f3rtice, que est\u00e1 devorando todo lo que hasta hoy conocemos. Un remolino tipo \u00abhoyo negro\u00bb que engulle todo. Tradiciones, valores, ra\u00edces ancestrales. Todo. Incluyendo&#8230; la historia. Primero se tragar\u00e1 a los Estados Unidos, cuarteadura, que ya est\u00e1 sufriendo el pueblo norteamericano. La ca\u00edda del imperio gringo tiene d\u00e9cadas cuesta abajo. [&hellip;]<\/p>\n","protected":false},"author":6,"featured_media":43347,"comment_status":"open","ping_status":"open","sticky":false,"template":"","format":"standard","meta":{"_acf_changed":false,"_monsterinsights_skip_tracking":false,"slim_seo":{"title":"V\u00f3rtice - Opini\u00f3n P\u00fablica","description":"Ra\u00fal Ruiz ___________________________ Hay un v\u00f3rtice, que est\u00e1 devorando todo lo que hasta hoy conocemos. Un remolino tipo \"hoyo negro\" que engulle todo. Tradic"},"footnotes":""},"categories":[21],"tags":[593],"class_list":["post-52948","post","type-post","status-publish","format-standard","has-post-thumbnail","hentry","category-cartapacio","tag-cartapacio"],"acf":[],"_links":{"self":[{"href":"https:\/\/www.opinionpublica.tv\/portada\/wp-json\/wp\/v2\/posts\/52948","targetHints":{"allow":["GET"]}}],"collection":[{"href":"https:\/\/www.opinionpublica.tv\/portada\/wp-json\/wp\/v2\/posts"}],"about":[{"href":"https:\/\/www.opinionpublica.tv\/portada\/wp-json\/wp\/v2\/types\/post"}],"author":[{"embeddable":true,"href":"https:\/\/www.opinionpublica.tv\/portada\/wp-json\/wp\/v2\/users\/6"}],"replies":[{"embeddable":true,"href":"https:\/\/www.opinionpublica.tv\/portada\/wp-json\/wp\/v2\/comments?post=52948"}],"version-history":[{"count":3,"href":"https:\/\/www.opinionpublica.tv\/portada\/wp-json\/wp\/v2\/posts\/52948\/revisions"}],"predecessor-version":[{"id":52952,"href":"https:\/\/www.opinionpublica.tv\/portada\/wp-json\/wp\/v2\/posts\/52948\/revisions\/52952"}],"wp:featuredmedia":[{"embeddable":true,"href":"https:\/\/www.opinionpublica.tv\/portada\/wp-json\/wp\/v2\/media\/43347"}],"wp:attachment":[{"href":"https:\/\/www.opinionpublica.tv\/portada\/wp-json\/wp\/v2\/media?parent=52948"}],"wp:term":[{"taxonomy":"category","embeddable":true,"href":"https:\/\/www.opinionpublica.tv\/portada\/wp-json\/wp\/v2\/categories?post=52948"},{"taxonomy":"post_tag","embeddable":true,"href":"https:\/\/www.opinionpublica.tv\/portada\/wp-json\/wp\/v2\/tags?post=52948"}],"curies":[{"name":"wp","href":"https:\/\/api.w.org\/{rel}","templated":true}]}}