{"id":52919,"date":"2025-02-07T00:01:00","date_gmt":"2025-02-07T07:01:00","guid":{"rendered":"https:\/\/www.opinionpublica.tv\/portada\/?p=52919"},"modified":"2025-02-06T22:54:07","modified_gmt":"2025-02-07T05:54:07","slug":"rechaza-suprema-corte-resultados-de-la-tombola-del-senado-para-eleccion-judicial","status":"publish","type":"post","link":"https:\/\/www.opinionpublica.tv\/portada\/rechaza-suprema-corte-resultados-de-la-tombola-del-senado-para-eleccion-judicial\/","title":{"rendered":"Rechaza la Suprema Corte resultados de la t\u00f3mbola del Senado para elecci\u00f3n judicial"},"content":{"rendered":"\n<figure class=\"wp-block-image size-full\"><img fetchpriority=\"high\" decoding=\"async\" width=\"800\" height=\"600\" src=\"https:\/\/www.opinionpublica.tv\/portada\/wp-content\/uploads\/2025\/02\/Rechaza-la-Suprema-Corte-resultados-de-la-tombola-del-Senado-para-eleccion-judicial.webp\" alt=\"Rechaza La Suprema Corte Resultados De La To\u0301mbola Del Senado Para Eleccio\u0301n Judicial\" class=\"wp-image-52922\" srcset=\"https:\/\/www.opinionpublica.tv\/portada\/wp-content\/uploads\/2025\/02\/Rechaza-la-Suprema-Corte-resultados-de-la-tombola-del-Senado-para-eleccion-judicial.webp 800w, https:\/\/www.opinionpublica.tv\/portada\/wp-content\/uploads\/2025\/02\/Rechaza-la-Suprema-Corte-resultados-de-la-tombola-del-Senado-para-eleccion-judicial-300x225.webp 300w, https:\/\/www.opinionpublica.tv\/portada\/wp-content\/uploads\/2025\/02\/Rechaza-la-Suprema-Corte-resultados-de-la-tombola-del-Senado-para-eleccion-judicial-768x576.webp 768w\" sizes=\"(max-width: 800px) 100vw, 800px\" \/><\/figure>\n\n\n\n<p class=\"wp-block-paragraph\"><em>Ciudad de M\u00e9xico<\/em>.- El Pleno de la Suprema Corte de Justicia de la Naci\u00f3n (SCJN), en la sesi\u00f3n privada de este jueves, rechaz\u00f3 las candidaturas a personas juzgadoras que resultaron de la t\u00f3mbola realizada por el Senado por orden del Tribunal Electoral del Poder Judicial de la Federaci\u00f3n (TEPJF).<\/p>\n\n\n\n<p class=\"wp-block-paragraph\">Fuentes del M\u00e1ximo Tribunal informaron que s\u00f3lo votaron por aprobar el listado las ministras a favor de la Reforma Electoral, y aspirantes a repetir en el cargo, Yasm\u00edn Esquivel Mossa, Loretta Ortiz Ahlf y Lenia Batres Guadarrama.<\/p>\n\n\n\n<p class=\"wp-block-paragraph\">El ministro Juan Luis Gonz\u00e1lez Alc\u00e1ntara Carranc\u00e1 manifest\u00f3 su intenci\u00f3n de votarlas, pero candidatura por candidatura y no en paquete como se hab\u00eda resuelto.<\/p>\n\n\n\n<p class=\"wp-block-paragraph\">A la sesi\u00f3n no se presentaron la ministra Margar\u00eda R\u00edos Farjat, quien est\u00e1 en periodo de vacaciones por quedarse el fin de a\u00f1o pasado a los trabajos de la Comisi\u00f3n de Receso, y el ministro Javier Laynez Potisek, quien acudi\u00f3 a un evento en representaci\u00f3n de la Corte.<\/p>\n\n\n\n<p class=\"wp-block-paragraph\">Debido a que no se contaban con los ocho votos necesarios para su aprobaci\u00f3n, el paquete de candidaturas se rechaz\u00f3 y, ahora, ser\u00e1 el Senado quien nuevamente d\u00e9 una soluci\u00f3n, haciendo uso de sus facultades para resolver imprevistos.<\/p>\n\n\n\n<p class=\"wp-block-paragraph\">El TEPJF orden\u00f3 al Senado hacer la selecci\u00f3n de candidatos, luego de que el Comit\u00e9 de Evaluaci\u00f3n del PJF; primero, acat\u00f3 dos suspensiones definitivas de jueces de Michoac\u00e1n y Jalisco, ante amparos tramitados por jueces federales.<\/p>\n\n\n\n<p class=\"wp-block-paragraph\">Posteriormente, los cinco integrantes de este comit\u00e9 presentaron su renuncia, al considerar que no exist\u00edan las condiciones jur\u00eddicas necesarias para realizar su trabajo.<\/p>\n\n\n\n<p class=\"wp-block-paragraph\">Mediante el procedimiento de insaculaci\u00f3n o t\u00f3mbola, el Senado seleccion\u00f3 a los candidatos del Comit\u00e9 de Evaluaci\u00f3n del PJF, en pasado 30 de enero, y la SCJN s\u00f3lo ten\u00eda que ratificar los resultados. (Exc\u00e9lsior)<\/p>\n","protected":false},"excerpt":{"rendered":"<p>Ciudad de M\u00e9xico.- El Pleno de la Suprema Corte de Justicia de la Naci\u00f3n (SCJN), en la sesi\u00f3n privada de este jueves, rechaz\u00f3 las candidaturas a personas juzgadoras que resultaron de la t\u00f3mbola realizada por el Senado por orden del Tribunal Electoral del Poder Judicial de la Federaci\u00f3n (TEPJF). Fuentes del M\u00e1ximo Tribunal informaron que [&hellip;]<\/p>\n","protected":false},"author":6,"featured_media":52922,"comment_status":"open","ping_status":"open","sticky":false,"template":"","format":"standard","meta":{"_acf_changed":false,"_monsterinsights_skip_tracking":false,"slim_seo":{"title":"Rechaza la Suprema Corte resultados de la t\u00f3mbola del Senado para elecci\u00f3n judicial - Opini\u00f3n P\u00fablica","description":"Ciudad de M\u00e9xico .- El Pleno de la Suprema Corte de Justicia de la Naci\u00f3n (SCJN), en la sesi\u00f3n privada de este jueves, rechaz\u00f3 las candidaturas a personas juzga"},"footnotes":""},"categories":[4],"tags":[],"class_list":["post-52919","post","type-post","status-publish","format-standard","has-post-thumbnail","hentry","category-pulsopolitico"],"acf":[],"_links":{"self":[{"href":"https:\/\/www.opinionpublica.tv\/portada\/wp-json\/wp\/v2\/posts\/52919","targetHints":{"allow":["GET"]}}],"collection":[{"href":"https:\/\/www.opinionpublica.tv\/portada\/wp-json\/wp\/v2\/posts"}],"about":[{"href":"https:\/\/www.opinionpublica.tv\/portada\/wp-json\/wp\/v2\/types\/post"}],"author":[{"embeddable":true,"href":"https:\/\/www.opinionpublica.tv\/portada\/wp-json\/wp\/v2\/users\/6"}],"replies":[{"embeddable":true,"href":"https:\/\/www.opinionpublica.tv\/portada\/wp-json\/wp\/v2\/comments?post=52919"}],"version-history":[{"count":2,"href":"https:\/\/www.opinionpublica.tv\/portada\/wp-json\/wp\/v2\/posts\/52919\/revisions"}],"predecessor-version":[{"id":52923,"href":"https:\/\/www.opinionpublica.tv\/portada\/wp-json\/wp\/v2\/posts\/52919\/revisions\/52923"}],"wp:featuredmedia":[{"embeddable":true,"href":"https:\/\/www.opinionpublica.tv\/portada\/wp-json\/wp\/v2\/media\/52922"}],"wp:attachment":[{"href":"https:\/\/www.opinionpublica.tv\/portada\/wp-json\/wp\/v2\/media?parent=52919"}],"wp:term":[{"taxonomy":"category","embeddable":true,"href":"https:\/\/www.opinionpublica.tv\/portada\/wp-json\/wp\/v2\/categories?post=52919"},{"taxonomy":"post_tag","embeddable":true,"href":"https:\/\/www.opinionpublica.tv\/portada\/wp-json\/wp\/v2\/tags?post=52919"}],"curies":[{"name":"wp","href":"https:\/\/api.w.org\/{rel}","templated":true}]}}