{"id":52864,"date":"2025-02-07T00:01:00","date_gmt":"2025-02-07T07:01:00","guid":{"rendered":"https:\/\/www.opinionpublica.tv\/portada\/?p=52864"},"modified":"2025-02-05T20:30:20","modified_gmt":"2025-02-06T03:30:20","slug":"52864-2","status":"publish","type":"post","link":"https:\/\/www.opinionpublica.tv\/portada\/52864-2\/","title":{"rendered":"Efem\u00e9rides 7 de febrero"},"content":{"rendered":"\n<p class=\"wp-block-paragraph\"><em>Un d\u00eda 7 de febrero, pero de 1984, el astronauta de la NASA, Bruce McCandles, se convierte en la primera persona en flotar sin atadura en el espacio al alejarse del transbordador Challenger mediante su mochila propulsada<\/em>.<\/p>\n\n\n\n<figure class=\"wp-block-image size-full\"><img fetchpriority=\"high\" decoding=\"async\" width=\"640\" height=\"345\" src=\"https:\/\/www.opinionpublica.tv\/portada\/wp-content\/uploads\/2025\/02\/1984-el-astronauta-de-la-NASA-Bruce-McCandles-se-convierte-en-la-primera-persona-en-flotar-sin-atadura-en-el-espacio-al-alejarse-del-transbordador-Challenger.jpg\" alt=\"1984, El Astronauta De La Nasa, Bruce Mccandles, Se Convierte En La Primera Persona En Flotar Sin Atadura En El Espacio Al Alejarse Del Transbordador Challenger\" class=\"wp-image-52865\" srcset=\"https:\/\/www.opinionpublica.tv\/portada\/wp-content\/uploads\/2025\/02\/1984-el-astronauta-de-la-NASA-Bruce-McCandles-se-convierte-en-la-primera-persona-en-flotar-sin-atadura-en-el-espacio-al-alejarse-del-transbordador-Challenger.jpg 640w, https:\/\/www.opinionpublica.tv\/portada\/wp-content\/uploads\/2025\/02\/1984-el-astronauta-de-la-NASA-Bruce-McCandles-se-convierte-en-la-primera-persona-en-flotar-sin-atadura-en-el-espacio-al-alejarse-del-transbordador-Challenger-300x162.jpg 300w\" sizes=\"(max-width: 640px) 100vw, 640px\" \/><\/figure>\n\n\n\n<p class=\"wp-block-paragraph\"><strong>Otras efem\u00e9rides<\/strong><\/p>\n\n\n\n<p class=\"wp-block-paragraph\">1602.- El pirata brit\u00e1nico William Parker toma al asalto la ciudad de San Felipe de Portobelo (Panam\u00e1).<\/p>\n\n\n\n<p class=\"wp-block-paragraph\">1826.- El Congreso argentino nombra a Bernandino Rivadavia primer jefe de Estado de la Rep\u00fablica.<\/p>\n\n\n\n<p class=\"wp-block-paragraph\">1848.- Doroteo Vasconcelos toma posesi\u00f3n de la presidencia de El Salvador.<\/p>\n\n\n\n<p class=\"wp-block-paragraph\">1950.- EEUU y Gran Breta\u00f1a reconocen los tres estados asociados de Indochina amparados por Francia y Bao Dai, el \u00faltimo emperador de Vietnam.<\/p>\n\n\n\n<p class=\"wp-block-paragraph\">1962.- Entra en vigor el embargo total de Estados Unidos sobre Cuba, decretado por el presidente Kennedy cuatro d\u00edas antes en contra del r\u00e9gimen de Fidel Castro.<\/p>\n\n\n\n<p class=\"wp-block-paragraph\">1965.- La aviaci\u00f3n de Estados Unidos lanza sobre Vietnam el primer bombardeo de napalm.<\/p>\n\n\n\n<p class=\"wp-block-paragraph\">1971.- En Suiza, un refer\u00e9ndum aprueba, por mayor\u00eda de dos tercios, el derecho al voto a la mujer a escala nacional.<\/p>\n\n\n\n<p class=\"wp-block-paragraph\">1974.- La isla de Granada logra la independencia de Gran Breta\u00f1a.<\/p>\n\n\n\n<p class=\"wp-block-paragraph\">1979.- El coronel Chadli Benyedid es elegido presidente de la Rep\u00fablica de Argelia tras la muerte de Huari Bumedien.<\/p>\n\n\n\n<p class=\"wp-block-paragraph\">1986.- Una revuelta popular derroca al presidente de Hait\u00ed, el dictador Jean-Claude Duvalier, quien huye del pa\u00eds.<\/p>\n\n\n\n<p class=\"wp-block-paragraph\">1990.- El pleno del comit\u00e9 central del PCUS aprueba, con un solo voto en contra, la renuncia a su ejercicio exclusivo del poder en la URSS.<\/p>\n\n\n\n<p class=\"wp-block-paragraph\">1991.- Jean Bertrand Aristide toma posesi\u00f3n como nuevo presidente de Hait\u00ed.<\/p>\n\n\n\n<p class=\"wp-block-paragraph\">1992.- Se firma el Tratado de Maastricht en la ciudad holandesa del mismo nombre.<\/p>\n\n\n\n<p class=\"wp-block-paragraph\">1997.- El Congreso de Ecuador destituye al jefe del Estado, Abdal\u00e1 Bucaram, por \u00abincapacidad mental\u00bb para gobernar y declara vacante la presidencia de la Rep\u00fablica.<\/p>\n\n\n\n<p class=\"wp-block-paragraph\">1999.- Muere el rey Husein de Jordania; su hijo primog\u00e9nito, Abdal\u00e1, jura como cuarto monarca del reino hachem\u00ed.<\/p>\n\n\n\n<p class=\"wp-block-paragraph\">2001.- Espa\u00f1a y Corea del Norte formalizan el establecimiento de relaciones diplom\u00e1ticas por primera vez en la historia.<\/p>\n\n\n\n<p class=\"wp-block-paragraph\">2005.- La brit\u00e1nica Ellen MacArthur establece el r\u00e9cord de la vuelta al mundo en solitario en un velero, que realiza en 71 d\u00edas y 14 horas a bordo de un trimar\u00e1n.<\/p>\n\n\n\n<p class=\"wp-block-paragraph\">2008.- El transbordador estadounidense Atlantis despega hacia la Estaci\u00f3n Espacial Internacional con el laboratorio europeo \u00abColombus\u00bb.<\/p>\n\n\n\n<p class=\"wp-block-paragraph\">2009.- El presidente de Bolivia, Evo Morales, promulga la nueva Constituci\u00f3n del pa\u00eds.<\/p>\n\n\n\n<p class=\"wp-block-paragraph\">2014.- Investigadores chilenos descubren restos \u00f3seos de un tipo de plesiosaurio, reptil marino que habit\u00f3 en el Biob\u00edo hace 65 millones de a\u00f1os.<\/p>\n\n\n\n<p class=\"wp-block-paragraph\">2016.- Corea del Norte lanza un cohete de largo alcance y pone en \u00f3rbita un sat\u00e9lite.<\/p>\n\n\n\n<p class=\"wp-block-paragraph\">2017.- El Gobierno de Colombia y la guerrilla del Ej\u00e9rcito Nacional de Liberaci\u00f3n (ELN) abren en Quito una mesa de negociaciones que busca poner fin al conflicto armado.<\/p>\n\n\n\n<p class=\"wp-block-paragraph\">2019.- El presidente de Rusia, Vlad\u00edmir Putin, promulga una ley que despenaliza la violencia dom\u00e9stica, siempre que el agresor no sea reincidente.<\/p>\n\n\n\n<p class=\"wp-block-paragraph\">2022.- La Oficina de las Naciones Unidas contra la Droga y el Delito (UNODC, sigla en ingl\u00e9s) anuncia la instalaci\u00f3n en Colombia de su sede regional, para la supervisi\u00f3n y coordinaci\u00f3n de las operaciones contra el narcotr\u00e1fico y delitos en Argentina, Chile, Bolivia, Ecuador y Uruguay.<\/p>\n\n\n\n<p class=\"wp-block-paragraph\"><strong>Nacimientos<\/strong><\/p>\n\n\n\n<p class=\"wp-block-paragraph\">1812.- Charles Dickens, novelista ingl\u00e9s.<\/p>\n\n\n\n<p class=\"wp-block-paragraph\">1833.- Ricardo Palma, poeta, historiador y pol\u00edtico peruano.<\/p>\n\n\n\n<p class=\"wp-block-paragraph\">1834.- Estanislao del Campo, escritor y pol\u00edtico argentino.<\/p>\n\n\n\n<p class=\"wp-block-paragraph\">1909.- Helder Pessoa C\u00e1mara, obispo brasile\u00f1o defensor de los derechos humanos.<\/p>\n\n\n\n<p class=\"wp-block-paragraph\">1927.- Marie Juliette Greco, cantante francesa.<\/p>\n\n\n\n<p class=\"wp-block-paragraph\">1985.- Deborah Ann Woll, actriz estadounidense.<\/p>\n\n\n\n<p class=\"wp-block-paragraph\"><strong>Defunciones<\/strong><\/p>\n\n\n\n<p class=\"wp-block-paragraph\">1837.- Gustavo IV Adolfo, rey de Suecia.<\/p>\n\n\n\n<p class=\"wp-block-paragraph\">1985.- Matt Monro, cantante brit\u00e1nico.<\/p>\n\n\n\n<p class=\"wp-block-paragraph\">1979.- Josef Mengele, \u00abel \u00e1ngel de la muerte\u00bb, m\u00e9dico nazi alem\u00e1n.<\/p>\n\n\n\n<p class=\"wp-block-paragraph\">1987.- Claudio Villa, cantante italiano.<\/p>\n\n\n\n<p class=\"wp-block-paragraph\">2003.- Augusto Monterroso, escritor de origen hondure\u00f1o y nacionalidad guatemalteca.<\/p>\n\n\n\n<p class=\"wp-block-paragraph\">2017.- Tzvetan Tdorov, ling\u00fcista, fil\u00f3sofo y te\u00f3rico literario b\u00falgaro. 2019.- Rosamunde Pilcher, escritora brit\u00e1nica.<\/p>\n","protected":false},"excerpt":{"rendered":"<p>Un d\u00eda 7 de febrero, pero de 1984, el astronauta de la NASA, Bruce McCandles, se convierte en la primera persona en flotar sin atadura en el espacio al alejarse del transbordador Challenger mediante su mochila propulsada. Otras efem\u00e9rides 1602.- El pirata brit\u00e1nico William Parker toma al asalto la ciudad de San Felipe de Portobelo [&hellip;]<\/p>\n","protected":false},"author":6,"featured_media":52865,"comment_status":"open","ping_status":"open","sticky":false,"template":"","format":"standard","meta":{"_acf_changed":false,"_monsterinsights_skip_tracking":false,"slim_seo":{"title":"Efem\u00e9rides 7 de febrero - Opini\u00f3n P\u00fablica","description":"Un d\u00eda 7 de febrero, pero de 1984, el astronauta de la NASA, Bruce McCandles, se convierte en la primera persona en flotar sin atadura en el espacio al alejarse"},"footnotes":""},"categories":[27],"tags":[],"class_list":["post-52864","post","type-post","status-publish","format-standard","has-post-thumbnail","hentry","category-un-dia-como-hoy"],"acf":[],"_links":{"self":[{"href":"https:\/\/www.opinionpublica.tv\/portada\/wp-json\/wp\/v2\/posts\/52864","targetHints":{"allow":["GET"]}}],"collection":[{"href":"https:\/\/www.opinionpublica.tv\/portada\/wp-json\/wp\/v2\/posts"}],"about":[{"href":"https:\/\/www.opinionpublica.tv\/portada\/wp-json\/wp\/v2\/types\/post"}],"author":[{"embeddable":true,"href":"https:\/\/www.opinionpublica.tv\/portada\/wp-json\/wp\/v2\/users\/6"}],"replies":[{"embeddable":true,"href":"https:\/\/www.opinionpublica.tv\/portada\/wp-json\/wp\/v2\/comments?post=52864"}],"version-history":[{"count":2,"href":"https:\/\/www.opinionpublica.tv\/portada\/wp-json\/wp\/v2\/posts\/52864\/revisions"}],"predecessor-version":[{"id":52867,"href":"https:\/\/www.opinionpublica.tv\/portada\/wp-json\/wp\/v2\/posts\/52864\/revisions\/52867"}],"wp:featuredmedia":[{"embeddable":true,"href":"https:\/\/www.opinionpublica.tv\/portada\/wp-json\/wp\/v2\/media\/52865"}],"wp:attachment":[{"href":"https:\/\/www.opinionpublica.tv\/portada\/wp-json\/wp\/v2\/media?parent=52864"}],"wp:term":[{"taxonomy":"category","embeddable":true,"href":"https:\/\/www.opinionpublica.tv\/portada\/wp-json\/wp\/v2\/categories?post=52864"},{"taxonomy":"post_tag","embeddable":true,"href":"https:\/\/www.opinionpublica.tv\/portada\/wp-json\/wp\/v2\/tags?post=52864"}],"curies":[{"name":"wp","href":"https:\/\/api.w.org\/{rel}","templated":true}]}}