{"id":52845,"date":"2025-02-05T07:12:13","date_gmt":"2025-02-05T14:12:13","guid":{"rendered":"https:\/\/www.opinionpublica.tv\/portada\/?p=52845"},"modified":"2025-02-05T07:12:28","modified_gmt":"2025-02-05T14:12:28","slug":"salidos-de-la-supraconsciencia","status":"publish","type":"post","link":"https:\/\/www.opinionpublica.tv\/portada\/salidos-de-la-supraconsciencia\/","title":{"rendered":"Salidos de la supraconsciencia"},"content":{"rendered":"\n<h4 class=\"wp-block-heading\">Ra\u00fal Ruiz<\/h4>\n\n\n\n<p>___________________________<\/p>\n\n\n\n<p>Mientras algunos analistas, para plantear escenarios futuros, se gu\u00edan por la corazonada, por la intuici\u00f3n, la sospecha y el presentimiento; otros, como yo, manejamos herramientas como la teor\u00eda del caos, y la ciencia de la prospectiva.<\/p>\n\n\n\n<p>Cuando la circunstancia pol\u00edtica no es totalmente clara, acudimos a una &#8216;brujer\u00eda&#8217; que nos da im\u00e1genes fugaces, transitorias, que quiz\u00e1s m\u00e1s adelante cobren visi\u00f3n real y puedan ser observadas bajo la lupa de la Ciencia de la Prospectiva.<\/p>\n\n\n\n<p>Es un ejercicio de mayor valor que el \u00abp\u00e1lpito\u00bb o la suposici\u00f3n.<\/p>\n\n\n\n<p>Generado desde la supraconsciencia.<\/p>\n\n\n\n<p>No se vayan, no tardo mucho en explicar.<\/p>\n\n\n\n<p>La supraconsciencia, es un estado de conciencia superior o expandida que va m\u00e1s all\u00e1 de la percepci\u00f3n ordinaria y la mente racional.<\/p>\n\n\n\n<p>Aunque parezca demasiado trivial por su cercan\u00eda con experiencias espirituales o m\u00edsticas, puede decirse que provocando este estado, las personas pueden experimentar una sensaci\u00f3n de unidad con el cosmos, y adquirir una percepci\u00f3n aguda de la verdad, o una comprensi\u00f3n intuitiva muy cercana a la realidad.<\/p>\n\n\n\n<p>Algunas caracter\u00edsticas de la supraconsciencia incluyen:<\/p>\n\n\n\n<p>-Claridad mental: Una mente libre de pensamientos confusos y distractores.<\/p>\n\n\n\n<p>&#8211; Percepci\u00f3n ampliada: Un sentido agudo de la realidad y una mayor empat\u00eda hacia los dem\u00e1s.<\/p>\n\n\n\n<p>&#8211; Inspiraci\u00f3n creativa: Flujo de ideas innovadoras y soluciones creativas a problemas.<\/p>\n\n\n\n<p>La supraconsciencia es un concepto presente en varias tradiciones filos\u00f3ficas y religiosas, como el yoga, la meditaci\u00f3n, y el misticismo.<\/p>\n\n\n\n<p>Pero la t\u00e9cnica de concentraci\u00f3n asegura pensamientos s\u00f3lidos y provoca an\u00e1lisis alejados de la frivolidad.<\/p>\n\n\n\n<p>As\u00ed que, mientras surgen SE\u00d1ALES, m\u00e1s s\u00f3lidas para asegurar estas elucubraciones en el arranque hacia el 27, podemos a\u00f1adir algunos jugadores pol\u00edticos, que comienzan a asomar la cabecita, antes de levantar la mano.<\/p>\n\n\n\n<p>Salidos de la supraconsciencia, apunte usted a estos personajes, y luego los acomodamos de acuerdo a sus intenciones personales, capacidades, habilidades, y posibilidades:<\/p>\n\n\n\n<p>C\u00e9sar J\u00e1uregui.<\/p>\n\n\n\n<p>Gilberto Loya<\/p>\n\n\n\n<p>Mayra Ch\u00e1vez<\/p>\n\n\n\n<p>Roc\u00edo Saenz<\/p>\n\n\n\n<p>Alex P\u00e9rez Escalante<\/p>\n\n\n\n<p>Sergio Nev\u00e1rez<\/p>\n\n\n\n<p>Lizzy Guzm\u00e1n<\/p>\n\n\n\n<p>Pedro Torres<\/p>\n\n\n\n<p>Neto Guevara<\/p>\n\n\n\n<p>Fernando Chac\u00f3n<\/p>\n\n\n\n<p>Marco Rinc\u00f3n<\/p>\n\n\n\n<p>Sergio Acosta<\/p>\n\n\n\n<p>Mireya Porras<\/p>\n\n\n\n<p>Y otros m\u00e1s que ir\u00e1n saliendo de esta matrix.<\/p>\n\n\n\n<p>Mientras esto va cobrando visi\u00f3n, lea ESCENARIOS 27&#8230;El Arranque.<\/p>\n\n\n\n<p>Mi m\u00e1s reciente libro sobre este apasionante tema de lo pol\u00edtico electoral en el estado de Chihuahua.<\/p>\n\n\n\n<p>De venta, en hotel GAMMA, \u00a1mi segundo hogar!<\/p>\n","protected":false},"excerpt":{"rendered":"<p>Ra\u00fal Ruiz ___________________________ Mientras algunos analistas, para plantear escenarios futuros, se gu\u00edan por la corazonada, por la intuici\u00f3n, la sospecha y el presentimiento; otros, como yo, manejamos herramientas como la teor\u00eda del caos, y la ciencia de la prospectiva. Cuando la circunstancia pol\u00edtica no es totalmente clara, acudimos a una &#8216;brujer\u00eda&#8217; que nos da im\u00e1genes [&hellip;]<\/p>\n","protected":false},"author":6,"featured_media":43347,"comment_status":"open","ping_status":"open","sticky":false,"template":"","format":"standard","meta":{"_acf_changed":false,"_monsterinsights_skip_tracking":false,"_monsterinsights_sitenote_active":false,"_monsterinsights_sitenote_note":"","_monsterinsights_sitenote_category":0,"slim_seo":{"title":"Salidos de la supraconsciencia - Opini\u00f3n P\u00fablica","description":"Ra\u00fal Ruiz ___________________________ Mientras algunos analistas, para plantear escenarios futuros, se gu\u00edan por la corazonada, por la intuici\u00f3n, la sospecha y"},"footnotes":""},"categories":[21],"tags":[593],"class_list":["post-52845","post","type-post","status-publish","format-standard","has-post-thumbnail","hentry","category-cartapacio","tag-cartapacio"],"acf":[],"_links":{"self":[{"href":"https:\/\/www.opinionpublica.tv\/portada\/wp-json\/wp\/v2\/posts\/52845","targetHints":{"allow":["GET"]}}],"collection":[{"href":"https:\/\/www.opinionpublica.tv\/portada\/wp-json\/wp\/v2\/posts"}],"about":[{"href":"https:\/\/www.opinionpublica.tv\/portada\/wp-json\/wp\/v2\/types\/post"}],"author":[{"embeddable":true,"href":"https:\/\/www.opinionpublica.tv\/portada\/wp-json\/wp\/v2\/users\/6"}],"replies":[{"embeddable":true,"href":"https:\/\/www.opinionpublica.tv\/portada\/wp-json\/wp\/v2\/comments?post=52845"}],"version-history":[{"count":2,"href":"https:\/\/www.opinionpublica.tv\/portada\/wp-json\/wp\/v2\/posts\/52845\/revisions"}],"predecessor-version":[{"id":52847,"href":"https:\/\/www.opinionpublica.tv\/portada\/wp-json\/wp\/v2\/posts\/52845\/revisions\/52847"}],"wp:featuredmedia":[{"embeddable":true,"href":"https:\/\/www.opinionpublica.tv\/portada\/wp-json\/wp\/v2\/media\/43347"}],"wp:attachment":[{"href":"https:\/\/www.opinionpublica.tv\/portada\/wp-json\/wp\/v2\/media?parent=52845"}],"wp:term":[{"taxonomy":"category","embeddable":true,"href":"https:\/\/www.opinionpublica.tv\/portada\/wp-json\/wp\/v2\/categories?post=52845"},{"taxonomy":"post_tag","embeddable":true,"href":"https:\/\/www.opinionpublica.tv\/portada\/wp-json\/wp\/v2\/tags?post=52845"}],"curies":[{"name":"wp","href":"https:\/\/api.w.org\/{rel}","templated":true}]}}