{"id":52838,"date":"2025-02-05T00:01:00","date_gmt":"2025-02-05T07:01:00","guid":{"rendered":"https:\/\/www.opinionpublica.tv\/portada\/?p=52838"},"modified":"2025-02-04T21:56:30","modified_gmt":"2025-02-05T04:56:30","slug":"presentan-avances-en-erradicacion-de-tuberculosis-bovina-en-cumbre-binacional-en-eu","status":"publish","type":"post","link":"https:\/\/www.opinionpublica.tv\/portada\/presentan-avances-en-erradicacion-de-tuberculosis-bovina-en-cumbre-binacional-en-eu\/","title":{"rendered":"Presentan avances contra la tuberculosis bovina durante cumbre binacional en EU"},"content":{"rendered":"\n<figure class=\"wp-block-image size-large\"><img fetchpriority=\"high\" decoding=\"async\" width=\"1024\" height=\"768\" src=\"https:\/\/www.opinionpublica.tv\/portada\/wp-content\/uploads\/2025\/02\/Presentan-avances-contra-la-tuberculosis-bovina-en-cumbre-binacional-en-EU-1024x768.jpeg\" alt=\"Presentan Avances Contra La Tuberculosis Bovina En Cumbre Binacional En Eu\" class=\"wp-image-52842\" srcset=\"https:\/\/www.opinionpublica.tv\/portada\/wp-content\/uploads\/2025\/02\/Presentan-avances-contra-la-tuberculosis-bovina-en-cumbre-binacional-en-EU-1024x768.jpeg 1024w, https:\/\/www.opinionpublica.tv\/portada\/wp-content\/uploads\/2025\/02\/Presentan-avances-contra-la-tuberculosis-bovina-en-cumbre-binacional-en-EU-300x225.jpeg 300w, https:\/\/www.opinionpublica.tv\/portada\/wp-content\/uploads\/2025\/02\/Presentan-avances-contra-la-tuberculosis-bovina-en-cumbre-binacional-en-EU-768x576.jpeg 768w, https:\/\/www.opinionpublica.tv\/portada\/wp-content\/uploads\/2025\/02\/Presentan-avances-contra-la-tuberculosis-bovina-en-cumbre-binacional-en-EU-1536x1152.jpeg 1536w, https:\/\/www.opinionpublica.tv\/portada\/wp-content\/uploads\/2025\/02\/Presentan-avances-contra-la-tuberculosis-bovina-en-cumbre-binacional-en-EU.jpeg 1600w\" sizes=\"(max-width: 1024px) 100vw, 1024px\" \/><\/figure>\n\n\n\n<p><em>San Antonio, Texas<\/em>.- Como parte de las acciones para fortalecer la sanidad ganadera y mantener la exportaci\u00f3n de ganado en condiciones \u00f3ptimas, la Secretar\u00eda de Desarrollo Rural (SDR) present\u00f3 un informe de avances durante la Reuni\u00f3n Binacional de Tuberculosis Bovina en San Antonio, Texas.<\/p>\n\n\n\n<p>Este encuentro, que se realiza anualmente en Estados Unidos, re\u00fane a los estados fronterizos con el objetivo de evaluar y compartir estrategias para el control de la enfermedad, as\u00ed como para mantener la certificaci\u00f3n que permite la exportaci\u00f3n de ejemplares.<\/p>\n\n\n\n<p>La comitiva de Chihuahua estuvo encabezada por el titular de la SDR, Mauro Parada, quien expuso el estatus de las observaciones emitidas por el Servicio de Inspecci\u00f3n de Sanidad Animal y Vegetal (APHIS, por sus siglas en ingl\u00e9s) y el Departamento de Agricultura de los Estados Unidos (USDA).<\/p>\n\n\n\n<p>Durante la presentaci\u00f3n, se destac\u00f3 el eficiente manejo del programa de erradicaci\u00f3n de tuberculosis bovina en el estado, mismo que por instrucciones de la gobernadora Maru Campos se ha reforzado.<\/p>\n\n\n\n<p>Lo anterior, como parte de la supervisi\u00f3n sanitaria del hato ganadero, con medidas rigurosas que garantizan la calidad del producto pecuario y la seguridad en la exportaci\u00f3n de ganado chihuahuense.<\/p>\n\n\n\n<p>La reuni\u00f3n celebrada del 1 al 3 de febrero, fungi\u00f3 como un espacio de intercambio de experiencias y buenas pr\u00e1cticas, donde se compartieron procedimientos para mejorar los diagn\u00f3sticos y optimizar las estrategias de control.<\/p>\n\n\n\n<p>Este fin de semana se anunci\u00f3 la reactivaci\u00f3n de la exportaci\u00f3n de ganado en pie por el puerto de la Cuarentenaria de San Ger\u00f3nimo\/Santa Teresa, resultado de semanas de esfuerzos y coordinaci\u00f3n entre autoridades federales, estatales, organismos auxiliares, productores y la Uni\u00f3n Ganadera Regional de Chihuahua.<\/p>\n","protected":false},"excerpt":{"rendered":"<p>San Antonio, Texas.- Como parte de las acciones para fortalecer la sanidad ganadera y mantener la exportaci\u00f3n de ganado en condiciones \u00f3ptimas, la Secretar\u00eda de Desarrollo Rural (SDR) present\u00f3 un informe de avances durante la Reuni\u00f3n Binacional de Tuberculosis Bovina en San Antonio, Texas. Este encuentro, que se realiza anualmente en Estados Unidos, re\u00fane a [&hellip;]<\/p>\n","protected":false},"author":6,"featured_media":52842,"comment_status":"open","ping_status":"open","sticky":false,"template":"","format":"standard","meta":{"_acf_changed":false,"_monsterinsights_skip_tracking":false,"_monsterinsights_sitenote_active":false,"_monsterinsights_sitenote_note":"","_monsterinsights_sitenote_category":0,"slim_seo":{"title":"Presentan avances contra la tuberculosis bovina durante cumbre binacional en EU - Opini\u00f3n P\u00fablica","description":"San Antonio, Texas .- Como parte de las acciones para fortalecer la sanidad ganadera y mantener la exportaci\u00f3n de ganado en condiciones \u00f3ptimas, la Secretar\u00eda d"},"footnotes":""},"categories":[11],"tags":[],"class_list":["post-52838","post","type-post","status-publish","format-standard","has-post-thumbnail","hentry","category-tendencias"],"acf":[],"_links":{"self":[{"href":"https:\/\/www.opinionpublica.tv\/portada\/wp-json\/wp\/v2\/posts\/52838","targetHints":{"allow":["GET"]}}],"collection":[{"href":"https:\/\/www.opinionpublica.tv\/portada\/wp-json\/wp\/v2\/posts"}],"about":[{"href":"https:\/\/www.opinionpublica.tv\/portada\/wp-json\/wp\/v2\/types\/post"}],"author":[{"embeddable":true,"href":"https:\/\/www.opinionpublica.tv\/portada\/wp-json\/wp\/v2\/users\/6"}],"replies":[{"embeddable":true,"href":"https:\/\/www.opinionpublica.tv\/portada\/wp-json\/wp\/v2\/comments?post=52838"}],"version-history":[{"count":4,"href":"https:\/\/www.opinionpublica.tv\/portada\/wp-json\/wp\/v2\/posts\/52838\/revisions"}],"predecessor-version":[{"id":52844,"href":"https:\/\/www.opinionpublica.tv\/portada\/wp-json\/wp\/v2\/posts\/52838\/revisions\/52844"}],"wp:featuredmedia":[{"embeddable":true,"href":"https:\/\/www.opinionpublica.tv\/portada\/wp-json\/wp\/v2\/media\/52842"}],"wp:attachment":[{"href":"https:\/\/www.opinionpublica.tv\/portada\/wp-json\/wp\/v2\/media?parent=52838"}],"wp:term":[{"taxonomy":"category","embeddable":true,"href":"https:\/\/www.opinionpublica.tv\/portada\/wp-json\/wp\/v2\/categories?post=52838"},{"taxonomy":"post_tag","embeddable":true,"href":"https:\/\/www.opinionpublica.tv\/portada\/wp-json\/wp\/v2\/tags?post=52838"}],"curies":[{"name":"wp","href":"https:\/\/api.w.org\/{rel}","templated":true}]}}