{"id":52832,"date":"2025-02-05T00:01:00","date_gmt":"2025-02-05T07:01:00","guid":{"rendered":"https:\/\/www.opinionpublica.tv\/portada\/?p=52832"},"modified":"2025-02-04T21:51:19","modified_gmt":"2025-02-05T04:51:19","slug":"pronostican-temperaturas-calidas-para-el-resto-de-la-semana-en-la-entidad","status":"publish","type":"post","link":"https:\/\/www.opinionpublica.tv\/portada\/pronostican-temperaturas-calidas-para-el-resto-de-la-semana-en-la-entidad\/","title":{"rendered":"Pronostican temperaturas c\u00e1lidas para el resto de la semana en la entidad"},"content":{"rendered":"\n<figure class=\"wp-block-image size-large\"><img fetchpriority=\"high\" decoding=\"async\" width=\"1024\" height=\"576\" src=\"https:\/\/www.opinionpublica.tv\/portada\/wp-content\/uploads\/2025\/02\/Pronostican-temperaturas-calidas-para-el-resto-de-la-semana-en-la-entidad-1-1024x576.webp\" alt=\"Pronostican Temperaturas Ca\u0301lidas Para El Resto De La Semana En La Entidad\" class=\"wp-image-52836\" srcset=\"https:\/\/www.opinionpublica.tv\/portada\/wp-content\/uploads\/2025\/02\/Pronostican-temperaturas-calidas-para-el-resto-de-la-semana-en-la-entidad-1-1024x576.webp 1024w, https:\/\/www.opinionpublica.tv\/portada\/wp-content\/uploads\/2025\/02\/Pronostican-temperaturas-calidas-para-el-resto-de-la-semana-en-la-entidad-1-300x169.webp 300w, https:\/\/www.opinionpublica.tv\/portada\/wp-content\/uploads\/2025\/02\/Pronostican-temperaturas-calidas-para-el-resto-de-la-semana-en-la-entidad-1-768x432.webp 768w, https:\/\/www.opinionpublica.tv\/portada\/wp-content\/uploads\/2025\/02\/Pronostican-temperaturas-calidas-para-el-resto-de-la-semana-en-la-entidad-1.webp 1200w\" sizes=\"(max-width: 1024px) 100vw, 1024px\" \/><\/figure>\n\n\n\n<p><em>Chihuahua, Chih<\/em>.- La Coordinaci\u00f3n Estatal de Protecci\u00f3n Civil (CEPC) dio a conocer que para el resto de esta semana se esperan temperaturas c\u00e1lidas a calurosas por la tarde con amaneceres fr\u00edos a frescos, debido a la presencia de una l\u00ednea seca sobre la entidad.<\/p>\n\n\n\n<p>La CEPC indic\u00f3 que se prev\u00e9n vientos moderados con r\u00e1fagas que pueden superar los 35 km\/h en partes de Ascensi\u00f3n, Janos, Casas Grandes, Madera, Ignacio Zaragoza y G\u00f3mez Far\u00edas.<\/p>\n\n\n\n<p>Adem\u00e1s, se pronostican m\u00e1ximas de 28 a 30 grados cent\u00edgrados para este mi\u00e9rcoles en Chihuahua, Camargo, Jim\u00e9nez, Janos y Ju\u00e1rez. Para la zona serrana se espera un ambiente templado con valores que rondar\u00e1n los 20 \u00b0C.<\/p>\n\n\n\n<p>Para el jueves 6 se anticipa la entrada del frente fr\u00edo n\u00famero 26 al extremo noroeste del pa\u00eds, lo que favorecer\u00e1 un ambiente de fr\u00edo a fresco por la ma\u00f1ana y de c\u00e1lido a caluroso por la tarde. Se prev\u00e9n temperaturas muy fr\u00edas con heladas en la Sierra Tarahumara y cielo despejado, con rachas que pueden superar los 45 km\/h en las localidades de Ascensi\u00f3n y Janos.<\/p>\n\n\n\n<p>Las temperaturas pronosticadas para el jueves son (m\u00e1x\/min \u00b0C): Chihuahua 30\/10, Ju\u00e1rez 26\/7, Janos 27\/4, Madera 21\/0, Tem\u00f3sachic 23\/-2, Cuauht\u00e9moc 25\/4, Ojinaga 31\/10, Delicias 31\/9, Camargo 30\/8, Jim\u00e9nez 29\/7, Parral 28\/7, Creel 21\/-3, Ch\u00ednipas 33\/12, Guachochi 21\/-2, El Vergel 20\/-3.<\/p>\n\n\n\n<p>Mientras tanto, para el viernes 7 las rachas de viento se mantendr\u00e1n en los 45 km\/h en Ascensi\u00f3n, Janos, Cusihuiriachi, Cuauht\u00e9moc, Riva Palacio y Majalca.<\/p>\n\n\n\n<p>Las temperaturas esperadas para este d\u00eda son (m\u00e1x\/min \u00b0C): Chihuahua 30\/10, Ju\u00e1rez 26\/9, Janos 27\/6, Madera 22\/3, Tem\u00f3sachic 24\/1, Cuauht\u00e9moc 26\/5, Ojinaga 32\/11, Delicias 32\/9, Camargo 31\/9, Jim\u00e9nez 29\/9, Parral 28\/8, Creel 21\/-1, Ch\u00ednipas 34\/13, Guachochi 22\/0, El Vergel 21\/-1.<\/p>\n","protected":false},"excerpt":{"rendered":"<p>Chihuahua, Chih.- La Coordinaci\u00f3n Estatal de Protecci\u00f3n Civil (CEPC) dio a conocer que para el resto de esta semana se esperan temperaturas c\u00e1lidas a calurosas por la tarde con amaneceres fr\u00edos a frescos, debido a la presencia de una l\u00ednea seca sobre la entidad. La CEPC indic\u00f3 que se prev\u00e9n vientos moderados con r\u00e1fagas que [&hellip;]<\/p>\n","protected":false},"author":6,"featured_media":52836,"comment_status":"open","ping_status":"open","sticky":false,"template":"","format":"standard","meta":{"_acf_changed":false,"_monsterinsights_skip_tracking":false,"_monsterinsights_sitenote_active":false,"_monsterinsights_sitenote_note":"","_monsterinsights_sitenote_category":0,"slim_seo":{"title":"Pronostican temperaturas c\u00e1lidas para el resto de la semana en la entidad - Opini\u00f3n P\u00fablica","description":"Chihuahua, Chih .- La Coordinaci\u00f3n Estatal de Protecci\u00f3n Civil (CEPC) dio a conocer que para el resto de esta semana se esperan temperaturas c\u00e1lidas a calurosas"},"footnotes":""},"categories":[11],"tags":[],"class_list":["post-52832","post","type-post","status-publish","format-standard","has-post-thumbnail","hentry","category-tendencias"],"acf":[],"_links":{"self":[{"href":"https:\/\/www.opinionpublica.tv\/portada\/wp-json\/wp\/v2\/posts\/52832","targetHints":{"allow":["GET"]}}],"collection":[{"href":"https:\/\/www.opinionpublica.tv\/portada\/wp-json\/wp\/v2\/posts"}],"about":[{"href":"https:\/\/www.opinionpublica.tv\/portada\/wp-json\/wp\/v2\/types\/post"}],"author":[{"embeddable":true,"href":"https:\/\/www.opinionpublica.tv\/portada\/wp-json\/wp\/v2\/users\/6"}],"replies":[{"embeddable":true,"href":"https:\/\/www.opinionpublica.tv\/portada\/wp-json\/wp\/v2\/comments?post=52832"}],"version-history":[{"count":2,"href":"https:\/\/www.opinionpublica.tv\/portada\/wp-json\/wp\/v2\/posts\/52832\/revisions"}],"predecessor-version":[{"id":52837,"href":"https:\/\/www.opinionpublica.tv\/portada\/wp-json\/wp\/v2\/posts\/52832\/revisions\/52837"}],"wp:featuredmedia":[{"embeddable":true,"href":"https:\/\/www.opinionpublica.tv\/portada\/wp-json\/wp\/v2\/media\/52836"}],"wp:attachment":[{"href":"https:\/\/www.opinionpublica.tv\/portada\/wp-json\/wp\/v2\/media?parent=52832"}],"wp:term":[{"taxonomy":"category","embeddable":true,"href":"https:\/\/www.opinionpublica.tv\/portada\/wp-json\/wp\/v2\/categories?post=52832"},{"taxonomy":"post_tag","embeddable":true,"href":"https:\/\/www.opinionpublica.tv\/portada\/wp-json\/wp\/v2\/tags?post=52832"}],"curies":[{"name":"wp","href":"https:\/\/api.w.org\/{rel}","templated":true}]}}