{"id":52824,"date":"2025-02-05T00:01:00","date_gmt":"2025-02-05T07:01:00","guid":{"rendered":"https:\/\/www.opinionpublica.tv\/portada\/?p=52824"},"modified":"2025-02-04T21:42:42","modified_gmt":"2025-02-05T04:42:42","slug":"suman-460-aspirantes-interesados-para-ingresar-a-la-academia-municipal-de-policia","status":"publish","type":"post","link":"https:\/\/www.opinionpublica.tv\/portada\/suman-460-aspirantes-interesados-para-ingresar-a-la-academia-municipal-de-policia\/","title":{"rendered":"Se registran 460 aspirantes interesados para ingresar a la Academia Municipal de Polic\u00eda"},"content":{"rendered":"\n<figure class=\"wp-block-image size-large\"><img fetchpriority=\"high\" decoding=\"async\" width=\"1024\" height=\"682\" src=\"https:\/\/www.opinionpublica.tv\/portada\/wp-content\/uploads\/2025\/02\/Se-registran-460-aspirantes-interesados-para-ingresar-a-la-Academia-Municipal-de-Policia-1024x682.jpeg\" alt=\"Se Registran 460 Aspirantes Interesados Para Ingresar A La Academia Municipal De Polici\u0301a\" class=\"wp-image-52830\" srcset=\"https:\/\/www.opinionpublica.tv\/portada\/wp-content\/uploads\/2025\/02\/Se-registran-460-aspirantes-interesados-para-ingresar-a-la-Academia-Municipal-de-Policia-1024x682.jpeg 1024w, https:\/\/www.opinionpublica.tv\/portada\/wp-content\/uploads\/2025\/02\/Se-registran-460-aspirantes-interesados-para-ingresar-a-la-Academia-Municipal-de-Policia-300x200.jpeg 300w, https:\/\/www.opinionpublica.tv\/portada\/wp-content\/uploads\/2025\/02\/Se-registran-460-aspirantes-interesados-para-ingresar-a-la-Academia-Municipal-de-Policia-768x512.jpeg 768w, https:\/\/www.opinionpublica.tv\/portada\/wp-content\/uploads\/2025\/02\/Se-registran-460-aspirantes-interesados-para-ingresar-a-la-Academia-Municipal-de-Policia-1536x1023.jpeg 1536w, https:\/\/www.opinionpublica.tv\/portada\/wp-content\/uploads\/2025\/02\/Se-registran-460-aspirantes-interesados-para-ingresar-a-la-Academia-Municipal-de-Policia.jpeg 1600w\" sizes=\"(max-width: 1024px) 100vw, 1024px\" \/><\/figure>\n\n\n\n<p><em>Ciudad Ju\u00e1rez, Chih<\/em>.- Durante la segunda semana del lanzamiento de la convocatoria para inscribirse en el proceso de selecci\u00f3n como aspirante a la Academia Municipal de Polic\u00eda, se cuentan ya con 460 expedientes de personas interesadas que han entregado la papeler\u00eda correspondiente e iniciado con el proceso de selecci\u00f3n.<\/p>\n\n\n\n<p>La respuesta de las y los ciudadanos ha sido favorable y se sigue recibiendo documentaci\u00f3n en las instalaciones de la Academia Municipal de Polic\u00eda, ubicada en la calle Federico de la Vega s\/n, en la colonia Sendero de San Isidro, en un horario de 08:00 a 18:00 horas.<\/p>\n\n\n\n<p>Tambi\u00e9n se cuenta con un m\u00f3dulo permanente de reclutamiento en la plaza comercial ubicada en avenida de Las Torres y Palacio de Mitla, adicionalmente se instalar\u00e1n m\u00f3dulos en las diferentes tiendas Smart, principalmente en los de mayor afluencia, as\u00ed como en comercios de segundas como las de la lucero y la Ponciano.<\/p>\n\n\n\n<p>La SSPM exhorta a los hombres y mujeres con vocaci\u00f3n de servicio a formar parte de las filas de la corporaci\u00f3n y trabajar en beneficio de la comunidad juarense, quien necesite alguna informaci\u00f3n se puede comunicar al tel\u00e9fono 6567370000 ext. 71600 o 6567370450.<\/p>\n","protected":false},"excerpt":{"rendered":"<p>Ciudad Ju\u00e1rez, Chih.- Durante la segunda semana del lanzamiento de la convocatoria para inscribirse en el proceso de selecci\u00f3n como aspirante a la Academia Municipal de Polic\u00eda, se cuentan ya con 460 expedientes de personas interesadas que han entregado la papeler\u00eda correspondiente e iniciado con el proceso de selecci\u00f3n. La respuesta de las y los [&hellip;]<\/p>\n","protected":false},"author":6,"featured_media":52830,"comment_status":"open","ping_status":"open","sticky":false,"template":"","format":"standard","meta":{"_acf_changed":false,"_monsterinsights_skip_tracking":false,"_monsterinsights_sitenote_active":false,"_monsterinsights_sitenote_note":"","_monsterinsights_sitenote_category":0,"slim_seo":{"title":"Se registran 460 aspirantes interesados para ingresar a la Academia Municipal de Polic\u00eda - Opini\u00f3n P\u00fablica","description":"Ciudad Ju\u00e1rez, Chih .- Durante la segunda semana del lanzamiento de la convocatoria para inscribirse en el proceso de selecci\u00f3n como aspirante a la Academia Mun"},"footnotes":""},"categories":[41],"tags":[],"class_list":["post-52824","post","type-post","status-publish","format-standard","has-post-thumbnail","hentry","category-juarez"],"acf":[],"_links":{"self":[{"href":"https:\/\/www.opinionpublica.tv\/portada\/wp-json\/wp\/v2\/posts\/52824","targetHints":{"allow":["GET"]}}],"collection":[{"href":"https:\/\/www.opinionpublica.tv\/portada\/wp-json\/wp\/v2\/posts"}],"about":[{"href":"https:\/\/www.opinionpublica.tv\/portada\/wp-json\/wp\/v2\/types\/post"}],"author":[{"embeddable":true,"href":"https:\/\/www.opinionpublica.tv\/portada\/wp-json\/wp\/v2\/users\/6"}],"replies":[{"embeddable":true,"href":"https:\/\/www.opinionpublica.tv\/portada\/wp-json\/wp\/v2\/comments?post=52824"}],"version-history":[{"count":4,"href":"https:\/\/www.opinionpublica.tv\/portada\/wp-json\/wp\/v2\/posts\/52824\/revisions"}],"predecessor-version":[{"id":52831,"href":"https:\/\/www.opinionpublica.tv\/portada\/wp-json\/wp\/v2\/posts\/52824\/revisions\/52831"}],"wp:featuredmedia":[{"embeddable":true,"href":"https:\/\/www.opinionpublica.tv\/portada\/wp-json\/wp\/v2\/media\/52830"}],"wp:attachment":[{"href":"https:\/\/www.opinionpublica.tv\/portada\/wp-json\/wp\/v2\/media?parent=52824"}],"wp:term":[{"taxonomy":"category","embeddable":true,"href":"https:\/\/www.opinionpublica.tv\/portada\/wp-json\/wp\/v2\/categories?post=52824"},{"taxonomy":"post_tag","embeddable":true,"href":"https:\/\/www.opinionpublica.tv\/portada\/wp-json\/wp\/v2\/tags?post=52824"}],"curies":[{"name":"wp","href":"https:\/\/api.w.org\/{rel}","templated":true}]}}