{"id":52807,"date":"2025-02-05T00:01:00","date_gmt":"2025-02-05T07:01:00","guid":{"rendered":"https:\/\/www.opinionpublica.tv\/portada\/?p=52807"},"modified":"2025-02-04T21:21:16","modified_gmt":"2025-02-05T04:21:16","slug":"empresarios-respaldan-propuesta-de-apoyar-productos-nacionales-y-posicionar-lo-hecho-en-mexico","status":"publish","type":"post","link":"https:\/\/www.opinionpublica.tv\/portada\/empresarios-respaldan-propuesta-de-apoyar-productos-nacionales-y-posicionar-lo-hecho-en-mexico\/","title":{"rendered":"Empresarios respaldan propuesta de apoyar los productos nacionales y posicionar lo \u00abHecho en M\u00e9xico\u00bb"},"content":{"rendered":"\n<figure class=\"wp-block-image size-full\"><img fetchpriority=\"high\" decoding=\"async\" width=\"1600\" height=\"899\" src=\"https:\/\/www.opinionpublica.tv\/portada\/wp-content\/uploads\/2025\/02\/Empresarios-respaldan-propuesta-de-apoyar-los-productos-nacionales-y-posicionar-lo-22Hecho-en-Mexico22.avif\" alt=\"Empresarios Respaldan Propuesta De Apoyar Los Productos Nacionales Y Posicionar Lo %22hecho En Me\u0301xico%22\" class=\"wp-image-52810\"\/><\/figure>\n\n\n\n<p><em>Ciudad de M\u00e9xico<\/em>.- El sector privado en su conjunto respalda a la presidenta Claudia Sheinbaum en el impulso del Plan M\u00e9xico para elevar el contenido nacional y disminuir la dependencia de las importaciones de otros pa\u00edses, as\u00ed como para acompa\u00f1arla en el di\u00e1logo y colaboraci\u00f3n con su socio, Estados Unidos, dijo Francisco Cervantes, presidente del Consejo Coordinador Empresarial (CCE).<\/p>\n\n\n\n<p>\u201cLe venimos a dar el respaldo absoluto del sector empresarial\u201d, se\u00f1al\u00f3 al salir de la reuni\u00f3n que sostuvieron casi 300 presidentes y directores de empresas con la jefa del Ejecutivo en Palacio Nacional.<\/p>\n\n\n\n<p>El di\u00e1logo que la presidenta Claudia Sheinbaum ha establecido con el presidente Donald Trump tiene una agenda y, ah\u00ed, elevar el contenido nacional juega un papel fundamental para fortalecer a las pymes, \u201cla gran plataforma de contribuci\u00f3n y empleo\u201d, agreg\u00f3.<\/p>\n\n\n\n<p>24 horas despu\u00e9s de la llamada que sostuvieron la jefa del Ejecutivo de M\u00e9xico y el presidente de Estados Unidos, se reunieron empresarios con ella y su equipo econ\u00f3mico para acordar la estrategia que impulsar\u00e1 al \u2018Plan M\u00e9xico\u2019.<\/p>\n\n\n\n<p>El secretario de Econom\u00eda, Marcelo Ebrard, realiz\u00f3 un llamado urgente al sector privado para activar el \u2018Plan M\u00e9xico\u2019, en cada uno de sus sectores estrat\u00e9gicos, una vez que el di\u00e1logo con Estados Unidos ser\u00e1 sector por sector; por lo cual, la participaci\u00f3n de los empresarios para integrar propuestas de valor para las negociaciones ser\u00e1 de gran importancia, les dijo.<\/p>\n\n\n\n<p>\u2018Porque est\u00e1 bien hecho\u2019<\/p>\n\n\n\n<p>Asimismo, se llevar\u00e1 a cabo el relanzamiento del programa \u2018Hecho en M\u00e9xico\u2019, iniciativa para posicionar la calidad y competitividad de los productos nacionales en el escenario global, cuya campa\u00f1a arrancar\u00e1 el 3 de marzo de 2025.<\/p>\n\n\n\n<p>Como parte de la reuni\u00f3n se discutieron estrategias para fortalecer las cadenas productivas locales y fomentar la industrializaci\u00f3n en diversas regiones del pa\u00eds, dijo Octavio de la Torre, presidente de la Confederaci\u00f3n de C\u00e1maras Nacionales de Comercio, Servicios y Turismo (Concanaco Servytur).<\/p>\n\n\n\n<p>El l\u00edder del sector terciario expres\u00f3 el compromiso del sector empresarial en colaborar con las pol\u00edticas p\u00fablicas encaminadas a impulsar la producci\u00f3n nacional, promover la innovaci\u00f3n y fortalecer el comercio interno.<\/p>\n\n\n\n<p>\u201cEl sector empresarial, de la mano del gobierno, debe seguir trabajando para lograr una econom\u00eda s\u00f3lida y resiliente que permita a M\u00e9xico aprovechar las oportunidades comerciales globales y reducir la vulnerabilidad frente a medidas externas\u201d, se\u00f1al\u00f3 al t\u00e9rmino de la reuni\u00f3n en un comunicado.<\/p>\n\n\n\n<p>\u201cComo Confederaci\u00f3n hemos trabajado intensamente en el fomento de nuestras comunidades y los productos nacionales a trav\u00e9s de nuestra iniciativa \u2018M\u00e9xico Muy Mexicano\u2019, que busca acercarnos y enaltecer nuestras ra\u00edces mexicanas, y enorgullecernos de lo que producimos a lo largo y ancho del pa\u00eds\u201d, se\u00f1al\u00f3 el presidente de la Confederaci\u00f3n que representa a 5.2 millones de empresas y negocios familiares.<\/p>\n\n\n\n<p><em>Con informaci\u00f3n de El Financiero<\/em>.<\/p>\n","protected":false},"excerpt":{"rendered":"<p>Ciudad de M\u00e9xico.- El sector privado en su conjunto respalda a la presidenta Claudia Sheinbaum en el impulso del Plan M\u00e9xico para elevar el contenido nacional y disminuir la dependencia de las importaciones de otros pa\u00edses, as\u00ed como para acompa\u00f1arla en el di\u00e1logo y colaboraci\u00f3n con su socio, Estados Unidos, dijo Francisco Cervantes, presidente del [&hellip;]<\/p>\n","protected":false},"author":6,"featured_media":52810,"comment_status":"open","ping_status":"open","sticky":false,"template":"","format":"standard","meta":{"_acf_changed":false,"_monsterinsights_skip_tracking":false,"_monsterinsights_sitenote_active":false,"_monsterinsights_sitenote_note":"","_monsterinsights_sitenote_category":0,"slim_seo":{"title":"Empresarios respaldan propuesta de apoyar los productos nacionales y posicionar lo \"Hecho en M\u00e9xico\" - Opini\u00f3n P\u00fablica","description":"Ciudad de M\u00e9xico .- El sector privado en su conjunto respalda a la presidenta Claudia Sheinbaum en el impulso del Plan M\u00e9xico para elevar el contenido nacional"},"footnotes":""},"categories":[3],"tags":[],"class_list":["post-52807","post","type-post","status-publish","format-standard","has-post-thumbnail","hentry","category-principal"],"acf":[],"_links":{"self":[{"href":"https:\/\/www.opinionpublica.tv\/portada\/wp-json\/wp\/v2\/posts\/52807","targetHints":{"allow":["GET"]}}],"collection":[{"href":"https:\/\/www.opinionpublica.tv\/portada\/wp-json\/wp\/v2\/posts"}],"about":[{"href":"https:\/\/www.opinionpublica.tv\/portada\/wp-json\/wp\/v2\/types\/post"}],"author":[{"embeddable":true,"href":"https:\/\/www.opinionpublica.tv\/portada\/wp-json\/wp\/v2\/users\/6"}],"replies":[{"embeddable":true,"href":"https:\/\/www.opinionpublica.tv\/portada\/wp-json\/wp\/v2\/comments?post=52807"}],"version-history":[{"count":2,"href":"https:\/\/www.opinionpublica.tv\/portada\/wp-json\/wp\/v2\/posts\/52807\/revisions"}],"predecessor-version":[{"id":52811,"href":"https:\/\/www.opinionpublica.tv\/portada\/wp-json\/wp\/v2\/posts\/52807\/revisions\/52811"}],"wp:featuredmedia":[{"embeddable":true,"href":"https:\/\/www.opinionpublica.tv\/portada\/wp-json\/wp\/v2\/media\/52810"}],"wp:attachment":[{"href":"https:\/\/www.opinionpublica.tv\/portada\/wp-json\/wp\/v2\/media?parent=52807"}],"wp:term":[{"taxonomy":"category","embeddable":true,"href":"https:\/\/www.opinionpublica.tv\/portada\/wp-json\/wp\/v2\/categories?post=52807"},{"taxonomy":"post_tag","embeddable":true,"href":"https:\/\/www.opinionpublica.tv\/portada\/wp-json\/wp\/v2\/tags?post=52807"}],"curies":[{"name":"wp","href":"https:\/\/api.w.org\/{rel}","templated":true}]}}