{"id":52801,"date":"2025-02-05T00:01:00","date_gmt":"2025-02-05T07:01:00","guid":{"rendered":"https:\/\/www.opinionpublica.tv\/portada\/?p=52801"},"modified":"2025-02-04T21:13:50","modified_gmt":"2025-02-05T04:13:50","slug":"ganamos-un-mes-aceleremos-plan-mexico-pide-sheinbaum-a-sector-privado","status":"publish","type":"post","link":"https:\/\/www.opinionpublica.tv\/portada\/ganamos-un-mes-aceleremos-plan-mexico-pide-sheinbaum-a-sector-privado\/","title":{"rendered":"\u00abAceleremos Plan M\u00e9xico, ganamos un mes\u00bb, le pide Sheinbaum al sector privado"},"content":{"rendered":"\n<figure class=\"wp-block-image size-full\"><img fetchpriority=\"high\" decoding=\"async\" width=\"1100\" height=\"666\" src=\"https:\/\/www.opinionpublica.tv\/portada\/wp-content\/uploads\/2025\/02\/22Aceleremos-Plan-Mexico-ganamos-un-mes22-le-pide-Sheinbaum-al-sector-privado.avif\" alt=\"%22aceleremos Plan Me\u0301xico, Ganamos Un Mes%22, Le Pide Sheinbaum Al Sector Privado\" class=\"wp-image-52805\"\/><\/figure>\n\n\n\n<p>Tras agradecer el respaldo del sector empresarial frente a las tensiones con Estados Unidos, la Presidenta Claudia Sheinbaum asegur\u00f3 que el Pa\u00eds gan\u00f3 tiempo para acelerar la implementaci\u00f3n del \u00abPlan M\u00e9xico\u00bb y convencer a Donald Trump sobre la importancia de permanecer como socios comerciales.<\/p>\n\n\n\n<p>Desde Palacio Nacional, la Mandataria pidi\u00f3 a los representantes del sector empresarial trabajar juntos y seguir aportando al Pa\u00eds, incluso si existen desacuerdos.<\/p>\n\n\n\n<p>\u00abQuiero darles las gracias, gracias de verdad, porque esos comunicados (de respaldo) nos dieron una enorme fortaleza. \u00bfQu\u00e9 ganamos ahora? Pues esa pausa, ese mes y por supuesto el di\u00e1logo, que era finalmente lo que nosotros est\u00e1bamos buscando, convencer al Gobierno de los Estados Unidos, al Presidente Trump, que lo mejor siempre es dialogar con su socio comercial\u00bb, dijo.<\/p>\n\n\n\n<p>\u00ab\u00bfQu\u00e9 tenemos que convencer primero? Que somos la regi\u00f3n con el mayor potencial comercial del mundo. Los llamo el d\u00eda de a seguir trabajando juntos y a seguir fortaleciendo este Plan M\u00e9xico donde todos tenemos algo que aportar. Habr\u00e1 cosas en las que no estamos de acuerdo y tampoco pasa nada, para eso es la democracia, pero vamos hacia adelante y m\u00e1s en un momento tan importante donde no necesita M\u00e9xico\u00bb.<\/p>\n\n\n\n<p>Previamente, el Secretario de Econom\u00eda, Marcelo Ebrard, comunic\u00f3 a los empresarios las instrucciones de la Jefa del Ejecutivo para acelerar la aplicaci\u00f3n del Plan M\u00e9xico y el relanzamiento de la marca \u00abHecho en M\u00e9xico\u00bb.<\/p>\n\n\n\n<p>\u00abAhorita tenemos prisa, tenemos un mes y cada d\u00eda que pasa, cuenta. Vamos a meterle con todo.<\/p>\n\n\n\n<p>\u00abAprovechemos esa ventana al mil por ciento, ya la abri\u00f3 la Presidenta, ahora nosotros vamos hasta el fondo como decimos, hasta la cocina, a eso los invito\u00bb, se\u00f1al\u00f3.<\/p>\n\n\n\n<p>\u00abMe pidi\u00f3 la Presidenta que les invitara para acelerar el paso en lo que tiene que ver con el Plan M\u00e9xico. Acelerar muchas medidas para aumentar nuestro contenido nacional, que nuestra plataforma productiva crezca r\u00e1pidamente, aumentar la inversi\u00f3n, que lo aceleremos. Y me instruy\u00f3 a que, en primer lugar, empez\u00e1ramos por recuperar el orgullo de lo &#8216;Hecho en M\u00e9xico'\u00bb.<\/p>\n\n\n\n<p>Tras advertir que la relaci\u00f3n comercial con Estados Unidos ya no es lo que era, Ebrard explic\u00f3 que se debe replantear el m\u00e9todo de trabajo frente a la inminente revisi\u00f3n del T-MEC, para trabajar a detalle en cada uno de los sectores involucrados.<\/p>\n\n\n\n<p>\u00abLes invitamos ya no necesariamente en el modelo antiguo o anterior del &#8216;cuarto de junto&#8217;, sino que vamos a tener que hacer un trabajo sector por sector\u00bb, expres\u00f3.<\/p>\n\n\n\n<p>Durante el encuentro, en el Sal\u00f3n Tesorer\u00eda, Sheinbaum relat\u00f3 a los empresarios c\u00f3mo vivi\u00f3 los \u00faltimos d\u00edas, ante el amago de Trump, de imponer aranceles del 25 por ciento a los productos mexicanos.<\/p>\n\n\n\n<p>Afirm\u00f3 que, cuando lleg\u00f3 el momento de la comunicaci\u00f3n telef\u00f3nica con el republicano, se encontraba serena y con la convicci\u00f3n de que \u00abla soberan\u00eda no se negocia\u00bb.<\/p>\n\n\n\n<p>La morenista admiti\u00f3 que, a\u00fan cuando se valor\u00f3 la posibilidad de responder con la aplicaci\u00f3n rec\u00edproca de aranceles, al final se privilegi\u00f3 la ruta del di\u00e1logo.<\/p>\n\n\n\n<p>\u00abSab\u00eda que quer\u00eda encontrar una salida. Aunque era una de las posibilidades (decidimos) nosotros no poner aranceles, porque dijimos: la primera opci\u00f3n siempre es el di\u00e1logo, por encima de todo y lo que tenemos que buscar por parte del Gobierno de los Estados Unidos es di\u00e1logo\u00bb, manifest\u00f3.<\/p>\n\n\n\n<p>\u00abEn mi mente lo que hab\u00eda era: encontremos la pausa para las tarifas y el di\u00e1logo y la soberan\u00eda\u00bb. (Reforma)<\/p>\n","protected":false},"excerpt":{"rendered":"<p>Tras agradecer el respaldo del sector empresarial frente a las tensiones con Estados Unidos, la Presidenta Claudia Sheinbaum asegur\u00f3 que el Pa\u00eds gan\u00f3 tiempo para acelerar la implementaci\u00f3n del \u00abPlan M\u00e9xico\u00bb y convencer a Donald Trump sobre la importancia de permanecer como socios comerciales. Desde Palacio Nacional, la Mandataria pidi\u00f3 a los representantes del sector [&hellip;]<\/p>\n","protected":false},"author":6,"featured_media":52805,"comment_status":"open","ping_status":"open","sticky":false,"template":"","format":"standard","meta":{"_acf_changed":false,"_monsterinsights_skip_tracking":false,"_monsterinsights_sitenote_active":false,"_monsterinsights_sitenote_note":"","_monsterinsights_sitenote_category":0,"slim_seo":{"title":"\"Aceleremos Plan M\u00e9xico, ganamos un mes\", le pide Sheinbaum al sector privado - Opini\u00f3n P\u00fablica","description":"Tras agradecer el respaldo del sector empresarial frente a las tensiones con Estados Unidos, la Presidenta Claudia Sheinbaum asegur\u00f3 que el Pa\u00eds gan\u00f3 tiempo par"},"footnotes":""},"categories":[4],"tags":[],"class_list":["post-52801","post","type-post","status-publish","format-standard","has-post-thumbnail","hentry","category-pulsopolitico"],"acf":[],"_links":{"self":[{"href":"https:\/\/www.opinionpublica.tv\/portada\/wp-json\/wp\/v2\/posts\/52801","targetHints":{"allow":["GET"]}}],"collection":[{"href":"https:\/\/www.opinionpublica.tv\/portada\/wp-json\/wp\/v2\/posts"}],"about":[{"href":"https:\/\/www.opinionpublica.tv\/portada\/wp-json\/wp\/v2\/types\/post"}],"author":[{"embeddable":true,"href":"https:\/\/www.opinionpublica.tv\/portada\/wp-json\/wp\/v2\/users\/6"}],"replies":[{"embeddable":true,"href":"https:\/\/www.opinionpublica.tv\/portada\/wp-json\/wp\/v2\/comments?post=52801"}],"version-history":[{"count":4,"href":"https:\/\/www.opinionpublica.tv\/portada\/wp-json\/wp\/v2\/posts\/52801\/revisions"}],"predecessor-version":[{"id":52806,"href":"https:\/\/www.opinionpublica.tv\/portada\/wp-json\/wp\/v2\/posts\/52801\/revisions\/52806"}],"wp:featuredmedia":[{"embeddable":true,"href":"https:\/\/www.opinionpublica.tv\/portada\/wp-json\/wp\/v2\/media\/52805"}],"wp:attachment":[{"href":"https:\/\/www.opinionpublica.tv\/portada\/wp-json\/wp\/v2\/media?parent=52801"}],"wp:term":[{"taxonomy":"category","embeddable":true,"href":"https:\/\/www.opinionpublica.tv\/portada\/wp-json\/wp\/v2\/categories?post=52801"},{"taxonomy":"post_tag","embeddable":true,"href":"https:\/\/www.opinionpublica.tv\/portada\/wp-json\/wp\/v2\/tags?post=52801"}],"curies":[{"name":"wp","href":"https:\/\/api.w.org\/{rel}","templated":true}]}}