{"id":52795,"date":"2025-02-05T00:01:00","date_gmt":"2025-02-05T07:01:00","guid":{"rendered":"https:\/\/www.opinionpublica.tv\/portada\/?p=52795"},"modified":"2025-02-04T21:02:18","modified_gmt":"2025-02-05T04:02:18","slug":"el-peso-mexicano-resurge-tras-aplazamiento-de-los-aranceles-de-donald-trump","status":"publish","type":"post","link":"https:\/\/www.opinionpublica.tv\/portada\/el-peso-mexicano-resurge-tras-aplazamiento-de-los-aranceles-de-donald-trump\/","title":{"rendered":"El peso mexicano resurge tras aplazamiento de los aranceles decretados por Donald Trump"},"content":{"rendered":"\n<figure class=\"wp-block-image size-full\"><img fetchpriority=\"high\" decoding=\"async\" width=\"1100\" height=\"666\" src=\"https:\/\/www.opinionpublica.tv\/portada\/wp-content\/uploads\/2025\/02\/El-peso-mexicano-resurge-tras-aplazamiento-de-los-aranceles-decretados-por-Donald-Trump.avif\" alt=\"El Peso Mexicano Resurge Tras Aplazamiento De Los Aranceles Decretados Por Donald Trump\" class=\"wp-image-52799\"\/><\/figure>\n\n\n\n<p>La divisa mexicana en los mercados internacionales se ubic\u00f3 en 20.41 pesos por d\u00f3lar, una apreciaci\u00f3n de 3.61% o 76 centavos respecto al domingo pasado, cuando la paridad se dispar\u00f3 arriba de 21 unidades tras la confirmaci\u00f3n de que Estados Unidos aplazar\u00eda la aplicaci\u00f3n de un arancel de 25% a las exportaciones mexicanas.<\/p>\n\n\n\n<p>As\u00ed, la divisa mexicana termin\u00f3 como la moneda m\u00e1s apreciada entre los principales cruces con el d\u00f3lar estadounidense, seguida por el peso colombiano, con ganancia de 1.4%; rand sudafricano, y sol peruano, 1.2%.<\/p>\n\n\n\n<p>La apreciaci\u00f3n del peso se debi\u00f3 al acuerdo entre Claudia Sheinbaum y Donald Trump para aplazar un mes el arancel de 25%.<\/p>\n\n\n\n<p>Los mercados accionarios en Estados Unidos cayeron en reacci\u00f3n a la puesta en marcha de los aranceles programada por la administraci\u00f3n Trump, aunque los principales indicadores redujeron las p\u00e9rdidas m\u00e1s pesadas despu\u00e9s de su llamada con la presidenta Claudia Sheinbaum.<\/p>\n\n\n\n<p>El Nasdaq Composite cerr\u00f3 con ca\u00edda de -1.2%, recuperando parte de sus p\u00e9rdidas registradas al inicio de la sesi\u00f3n, mientras el S&amp;P 500 baj\u00f3 -0.76% y el Dow Jones cay\u00f3 -0.28%.<\/p>\n\n\n\n<p>La Bolsa Mexicana de Valores no oper\u00f3 el lunes por el feriado del aniversario de la Constituci\u00f3n de 1917, y ser\u00e1 hasta hoy cuando se refleje el impacto del tema arancelario.<\/p>\n\n\n\n<p>La amenaza persiste<\/p>\n\n\n\n<p>\u201cLa presi\u00f3n que hubo por parte de las asociaciones de manufactureros, de productores regionales, de empresarios en los estados fronterizos de Estados Unidos como Texas y Arizona, gener\u00f3 un buen ambiente para que el di\u00e1logo de Sheinbaum con Trump, y de Ram\u00edrez de la O con inversionistas, se tradujeran en una ganancia de tiempo para M\u00e9xico\u201d, coment\u00f3 Sof\u00eda Ram\u00edrez directora del grupo de an\u00e1lisis M\u00e9xico, \u00bfc\u00f3mo vamos?.<\/p>\n\n\n\n<p>En su opini\u00f3n, la aplicaci\u00f3n de los aranceles era la peor noticia no s\u00f3lo para M\u00e9xico, sino tambi\u00e9n para los consumidores estadounidenses, quienes a fin de cuentas pagar\u00edan el costo de la medida por una mayor inflaci\u00f3n.<\/p>\n\n\n\n<p>Es evidente que Trump est\u00e1 usando la amenaza arancelaria como un mecanismo de presi\u00f3n en las negociaciones para alcanzar sus objetivos, dijo.<\/p>\n\n\n\n<p>\u201cTal vez lo que quiere Estados Unidos no es un bloqueo de relaciones, sino m\u00e1s bien una regulaci\u00f3n de la entrada y la salida de productos para poder sustentar su balanza comercial y mejorar su producto interno bruto\u201d, coment\u00f3 Felipe Mendoza, analista de mercados financieros de ATFX LATAM.<\/p>\n\n\n\n<p>\u201cMuchos analistas econ\u00f3micos, financieros y pol\u00edticos de Estados Unidos coinciden en que es muy mala idea poner contra la pared con aranceles a tus socios y aliados, porque estamos plantados en la misma regi\u00f3n de Norteam\u00e9rica en momentos en que la geopol\u00edtica demanda una integraci\u00f3n regional, una resiliencia en las cadenas de suministro, porque todav\u00eda no acaban de componerse a 100% tras la pandemia\u201d, destac\u00f3 Ram\u00edrez.<\/p>\n\n\n\n<p>\u201cPese al acuerdo, no hemos salido de la amenaza ni saldremos en los pr\u00f3ximos cuatro a\u00f1os. Habr\u00e1 que estar muy atentos en caso de que se reactiven las narrativas pol\u00edticas de Estados Unidos, amenazas que impactan la integraci\u00f3n regional, como son justamente los aranceles, e insisto, queda muy pendiente en la negociaci\u00f3n la materia migratoria\u201d, advirti\u00f3.<\/p>\n\n\n\n<p>Mucho trabajo por hacer<\/p>\n\n\n\n<p>Organismos empresariales coincidieron en que pese al acuerdo al que llegaron M\u00e9xico y Estados Unidos para diferir la aplicaci\u00f3n de aranceles, no hay que cantar victoria, pues es indispensable trabajar en diversificar las exportaciones del pa\u00eds, en fortalecer la planta productiva, crear condiciones para atraer inversiones e impulsar un mayor crecimiento econ\u00f3mico.<\/p>\n\n\n\n<p>\u201cEste entorno [de amenazas] no es positivo, no da certeza ni seguridad\u201d, dijo el presidente de la Confederaci\u00f3n Patronal de la Rep\u00fablica Mexicana (Coparmex), Juan Jos\u00e9 Sierra.<\/p>\n\n\n\n<p>Por ello, es indispensable el di\u00e1logo con Estados Unidos para construir acuerdos en beneficio de ambos pa\u00edses.<\/p>\n\n\n\n<p>\u201cSe logr\u00f3 la pausa, pero no hay que echar las campanas al vuelo. En M\u00e9xico tenemos que trabajar muy fuerte (\u2026), darnos a la tarea de fortalecer a la industria nacional, ver nuevos horizontes y diversificar mercados, porque tenemos una dependencia muy fuerte a Estados Unidos\u201d, dijo la presidenta de la C\u00e1mara Nacional de la Industria de Transformaci\u00f3n (Canacintra), Esperanza Ortega.<\/p>\n\n\n\n<p>El presidente de la Confederaci\u00f3n de C\u00e1maras Nacionales de Comercio, Servicios y Turismo (Concanaco Servytur), Octavio de la Torre, dijo que hay \u201cdesaf\u00edos urgentes que requieren atenci\u00f3n inmediata y soluciones concretas\u201d.<\/p>\n\n\n\n<p>Agreg\u00f3 que \u201cel uso del comercio como herramienta de negociaci\u00f3n no s\u00f3lo es una estrategia err\u00f3nea, sino que representa un golpe directo a la econom\u00eda de ambas naciones\u201d.<\/p>\n\n\n\n<p>En su cuenta de X, el exsecretario de Econom\u00eda, Ildefonso Guajardo, dijo que \u201cTrump, el disruptivo m\u00e1s predecible, est\u00e1 de vuelta. Acost\u00fambrense de nuevo a cuatro a\u00f1os de incertidumbre. Bienvenidos a la monta\u00f1a rusa, donde todo puede cambiar con un post\u201d. (El Universal)<\/p>\n","protected":false},"excerpt":{"rendered":"<p>La divisa mexicana en los mercados internacionales se ubic\u00f3 en 20.41 pesos por d\u00f3lar, una apreciaci\u00f3n de 3.61% o 76 centavos respecto al domingo pasado, cuando la paridad se dispar\u00f3 arriba de 21 unidades tras la confirmaci\u00f3n de que Estados Unidos aplazar\u00eda la aplicaci\u00f3n de un arancel de 25% a las exportaciones mexicanas. As\u00ed, la [&hellip;]<\/p>\n","protected":false},"author":6,"featured_media":52799,"comment_status":"open","ping_status":"open","sticky":false,"template":"","format":"standard","meta":{"_acf_changed":false,"_monsterinsights_skip_tracking":false,"_monsterinsights_sitenote_active":false,"_monsterinsights_sitenote_note":"","_monsterinsights_sitenote_category":0,"slim_seo":{"title":"El peso mexicano resurge tras aplazamiento de los aranceles decretados por Donald Trump - Opini\u00f3n P\u00fablica","description":"La divisa mexicana en los mercados internacionales se ubic\u00f3 en 20.41 pesos por d\u00f3lar, una apreciaci\u00f3n de 3.61% o 76 centavos respecto al domingo pasado, cuando"},"footnotes":""},"categories":[4],"tags":[],"class_list":["post-52795","post","type-post","status-publish","format-standard","has-post-thumbnail","hentry","category-pulsopolitico"],"acf":[],"_links":{"self":[{"href":"https:\/\/www.opinionpublica.tv\/portada\/wp-json\/wp\/v2\/posts\/52795","targetHints":{"allow":["GET"]}}],"collection":[{"href":"https:\/\/www.opinionpublica.tv\/portada\/wp-json\/wp\/v2\/posts"}],"about":[{"href":"https:\/\/www.opinionpublica.tv\/portada\/wp-json\/wp\/v2\/types\/post"}],"author":[{"embeddable":true,"href":"https:\/\/www.opinionpublica.tv\/portada\/wp-json\/wp\/v2\/users\/6"}],"replies":[{"embeddable":true,"href":"https:\/\/www.opinionpublica.tv\/portada\/wp-json\/wp\/v2\/comments?post=52795"}],"version-history":[{"count":3,"href":"https:\/\/www.opinionpublica.tv\/portada\/wp-json\/wp\/v2\/posts\/52795\/revisions"}],"predecessor-version":[{"id":52800,"href":"https:\/\/www.opinionpublica.tv\/portada\/wp-json\/wp\/v2\/posts\/52795\/revisions\/52800"}],"wp:featuredmedia":[{"embeddable":true,"href":"https:\/\/www.opinionpublica.tv\/portada\/wp-json\/wp\/v2\/media\/52799"}],"wp:attachment":[{"href":"https:\/\/www.opinionpublica.tv\/portada\/wp-json\/wp\/v2\/media?parent=52795"}],"wp:term":[{"taxonomy":"category","embeddable":true,"href":"https:\/\/www.opinionpublica.tv\/portada\/wp-json\/wp\/v2\/categories?post=52795"},{"taxonomy":"post_tag","embeddable":true,"href":"https:\/\/www.opinionpublica.tv\/portada\/wp-json\/wp\/v2\/tags?post=52795"}],"curies":[{"name":"wp","href":"https:\/\/api.w.org\/{rel}","templated":true}]}}