{"id":52652,"date":"2025-02-02T00:01:00","date_gmt":"2025-02-02T07:01:00","guid":{"rendered":"https:\/\/www.opinionpublica.tv\/portada\/?p=52652"},"modified":"2025-02-01T20:11:27","modified_gmt":"2025-02-02T03:11:27","slug":"reactivan-exportacion-de-ganado-en-pie-por-el-puerto-san-geronimo-santa-teresa","status":"publish","type":"post","link":"https:\/\/www.opinionpublica.tv\/portada\/reactivan-exportacion-de-ganado-en-pie-por-el-puerto-san-geronimo-santa-teresa\/","title":{"rendered":"Reactivan exportaci\u00f3n de ganado por el Puerto San Ger\u00f3nimo &#8211; Santa Teresa"},"content":{"rendered":"\n<figure class=\"wp-block-image size-large\"><img fetchpriority=\"high\" decoding=\"async\" width=\"1024\" height=\"682\" src=\"https:\/\/www.opinionpublica.tv\/portada\/wp-content\/uploads\/2025\/02\/Reactivan-exportacion-de-ganado-por-el-Puerto-San-Geronimo-Santa-Teresa-1024x682.jpeg\" alt=\"Reactivan Exportacio\u0301n De Ganado Por El Puerto San Gero\u0301nimo Santa Teresa\" class=\"wp-image-52656\" srcset=\"https:\/\/www.opinionpublica.tv\/portada\/wp-content\/uploads\/2025\/02\/Reactivan-exportacion-de-ganado-por-el-Puerto-San-Geronimo-Santa-Teresa-1024x682.jpeg 1024w, https:\/\/www.opinionpublica.tv\/portada\/wp-content\/uploads\/2025\/02\/Reactivan-exportacion-de-ganado-por-el-Puerto-San-Geronimo-Santa-Teresa-300x200.jpeg 300w, https:\/\/www.opinionpublica.tv\/portada\/wp-content\/uploads\/2025\/02\/Reactivan-exportacion-de-ganado-por-el-Puerto-San-Geronimo-Santa-Teresa-768x512.jpeg 768w, https:\/\/www.opinionpublica.tv\/portada\/wp-content\/uploads\/2025\/02\/Reactivan-exportacion-de-ganado-por-el-Puerto-San-Geronimo-Santa-Teresa-1536x1023.jpeg 1536w, https:\/\/www.opinionpublica.tv\/portada\/wp-content\/uploads\/2025\/02\/Reactivan-exportacion-de-ganado-por-el-Puerto-San-Geronimo-Santa-Teresa.jpeg 1600w\" sizes=\"(max-width: 1024px) 100vw, 1024px\" \/><\/figure>\n\n\n\n<p class=\"wp-block-paragraph\"><em>Ciudad Ju\u00e1rez, Chih<\/em>.- El Gobierno del Estado, a trav\u00e9s de la Secretar\u00eda de Desarrollo Rural, inform\u00f3 que ya fue reactivada la exportaci\u00f3n de ganado en pie por el puerto de la Cuarentenaria de San Ger\u00f3nimo-Santa Teresa.<\/p>\n\n\n\n<p class=\"wp-block-paragraph\">Este logro ha sido confirmado por los gobiernos de M\u00e9xico y Estados Unidos, a trav\u00e9s de un comunicado conjunto del Servicio de Inspecci\u00f3n Sanitaria de Animales y Plantas (APHIS), el Departamento de Agricultura de Estados Unidos y la Secretar\u00eda de Agricultura y Desarrollo Rural (SADeR) de M\u00e9xico.<\/p>\n\n\n\n<p class=\"wp-block-paragraph\">La reactivaci\u00f3n permitir\u00e1 el reinicio del flujo de cerca de 200 mil cabezas de ganado, lo que representa un beneficio significativo para los ganaderos del estado de Chihuahua.<\/p>\n\n\n\n<p class=\"wp-block-paragraph\">Este avance es resultado de semanas de esfuerzos y coordinaci\u00f3n entre autoridades federales, estatales, organismos auxiliares, as\u00ed como la colaboraci\u00f3n de productores y la Uni\u00f3n Ganadera Regional de Chihuahua.<\/p>\n\n\n\n<p class=\"wp-block-paragraph\">Las mejoras en infraestructura y en el personal, que permitir\u00e1n dar cumplimiento a los protocolos sanitarios establecidos, son fundamentales para atender el tema del Ganado Bovino en Grandes (GBG).<\/p>\n\n\n\n<p class=\"wp-block-paragraph\">A esto se suman las buenas pr\u00e1cticas de sanidad y trazabilidad pecuaria que permitir\u00e1n que el ganado acceda a mercados exigentes, como el de Estados Unidos.<\/p>\n\n\n\n<p class=\"wp-block-paragraph\">Se espera que durante esta semana se realice el primer cruce de ganado y, en las pr\u00f3ximas semanas, se regularice el volumen de animales que cruza por este puerto.<\/p>\n\n\n\n<p class=\"wp-block-paragraph\">Este logro es el resultado de un esfuerzo conjunto entre el Gobierno Estatal, la Federaci\u00f3n y el Gobierno de los Estados Unidos, con el objetivo de garantizar la sanidad y la calidad del ganado mexicano.<\/p>\n\n\n\n<p class=\"wp-block-paragraph\">Asimismo, se contin\u00faa trabajando para reactivar los puertos de Ojinaga y Palomas en las pr\u00f3ximas semanas.<\/p>\n\n\n\n<p class=\"wp-block-paragraph\">El Gobierno del Estado hace un llamado a todos los ganaderos a seguir las buenas pr\u00e1cticas pecuarias establecidas, para asegurar que este flujo comercial se mantenga de manera constante y segura.<\/p>\n\n\n\n<p class=\"wp-block-paragraph\">La gobernadora Maru Campos ha estado y continuar\u00e1 al pendiente del campo y, en particular, de los ganaderos de Chihuahua, para seguir trabajando en el fortalecimiento de la competitividad del sector ganadero.<\/p>\n","protected":false},"excerpt":{"rendered":"<p>Ciudad Ju\u00e1rez, Chih.- El Gobierno del Estado, a trav\u00e9s de la Secretar\u00eda de Desarrollo Rural, inform\u00f3 que ya fue reactivada la exportaci\u00f3n de ganado en pie por el puerto de la Cuarentenaria de San Ger\u00f3nimo-Santa Teresa. Este logro ha sido confirmado por los gobiernos de M\u00e9xico y Estados Unidos, a trav\u00e9s de un comunicado conjunto [&hellip;]<\/p>\n","protected":false},"author":6,"featured_media":52656,"comment_status":"open","ping_status":"open","sticky":false,"template":"","format":"standard","meta":{"_acf_changed":false,"_monsterinsights_skip_tracking":false,"slim_seo":{"title":"Reactivan exportaci\u00f3n de ganado por el Puerto San Ger\u00f3nimo - Santa Teresa - Opini\u00f3n P\u00fablica","description":"Ciudad Ju\u00e1rez, Chih .- El Gobierno del Estado, a trav\u00e9s de la Secretar\u00eda de Desarrollo Rural, inform\u00f3 que ya fue reactivada la exportaci\u00f3n de ganado en pie por"},"footnotes":""},"categories":[11],"tags":[],"class_list":["post-52652","post","type-post","status-publish","format-standard","has-post-thumbnail","hentry","category-tendencias"],"acf":[],"_links":{"self":[{"href":"https:\/\/www.opinionpublica.tv\/portada\/wp-json\/wp\/v2\/posts\/52652","targetHints":{"allow":["GET"]}}],"collection":[{"href":"https:\/\/www.opinionpublica.tv\/portada\/wp-json\/wp\/v2\/posts"}],"about":[{"href":"https:\/\/www.opinionpublica.tv\/portada\/wp-json\/wp\/v2\/types\/post"}],"author":[{"embeddable":true,"href":"https:\/\/www.opinionpublica.tv\/portada\/wp-json\/wp\/v2\/users\/6"}],"replies":[{"embeddable":true,"href":"https:\/\/www.opinionpublica.tv\/portada\/wp-json\/wp\/v2\/comments?post=52652"}],"version-history":[{"count":3,"href":"https:\/\/www.opinionpublica.tv\/portada\/wp-json\/wp\/v2\/posts\/52652\/revisions"}],"predecessor-version":[{"id":52657,"href":"https:\/\/www.opinionpublica.tv\/portada\/wp-json\/wp\/v2\/posts\/52652\/revisions\/52657"}],"wp:featuredmedia":[{"embeddable":true,"href":"https:\/\/www.opinionpublica.tv\/portada\/wp-json\/wp\/v2\/media\/52656"}],"wp:attachment":[{"href":"https:\/\/www.opinionpublica.tv\/portada\/wp-json\/wp\/v2\/media?parent=52652"}],"wp:term":[{"taxonomy":"category","embeddable":true,"href":"https:\/\/www.opinionpublica.tv\/portada\/wp-json\/wp\/v2\/categories?post=52652"},{"taxonomy":"post_tag","embeddable":true,"href":"https:\/\/www.opinionpublica.tv\/portada\/wp-json\/wp\/v2\/tags?post=52652"}],"curies":[{"name":"wp","href":"https:\/\/api.w.org\/{rel}","templated":true}]}}