{"id":52646,"date":"2025-02-02T00:01:00","date_gmt":"2025-02-02T07:01:00","guid":{"rendered":"https:\/\/www.opinionpublica.tv\/portada\/?p=52646"},"modified":"2025-02-01T20:06:43","modified_gmt":"2025-02-02T03:06:43","slug":"respalda-perez-cuellar-el-documental-rebels-sobre-arte-urbano-en-ciudad-juarez","status":"publish","type":"post","link":"https:\/\/www.opinionpublica.tv\/portada\/respalda-perez-cuellar-el-documental-rebels-sobre-arte-urbano-en-ciudad-juarez\/","title":{"rendered":"Respalda Cruz P\u00e9rez Cu\u00e9llar el documental \u00abRebels\u00bb sobre arte urbano en Ciudad Ju\u00e1rez"},"content":{"rendered":"\n<figure class=\"wp-block-image size-large\"><img fetchpriority=\"high\" decoding=\"async\" width=\"1024\" height=\"682\" src=\"https:\/\/www.opinionpublica.tv\/portada\/wp-content\/uploads\/2025\/02\/Respalda-Cruz-Perez-Cuellar-el-documental-22Rebels22-sobre-arte-urbano-en-Ciudad-Juarez-1024x682.jpeg\" alt=\"Respalda Cruz Pe\u0301rez Cue\u0301llar El Documental %22rebels%22 Sobre Arte Urbano En Ciudad Jua\u0301rez\" class=\"wp-image-52650\" srcset=\"https:\/\/www.opinionpublica.tv\/portada\/wp-content\/uploads\/2025\/02\/Respalda-Cruz-Perez-Cuellar-el-documental-22Rebels22-sobre-arte-urbano-en-Ciudad-Juarez-1024x682.jpeg 1024w, https:\/\/www.opinionpublica.tv\/portada\/wp-content\/uploads\/2025\/02\/Respalda-Cruz-Perez-Cuellar-el-documental-22Rebels22-sobre-arte-urbano-en-Ciudad-Juarez-300x200.jpeg 300w, https:\/\/www.opinionpublica.tv\/portada\/wp-content\/uploads\/2025\/02\/Respalda-Cruz-Perez-Cuellar-el-documental-22Rebels22-sobre-arte-urbano-en-Ciudad-Juarez-768x512.jpeg 768w, https:\/\/www.opinionpublica.tv\/portada\/wp-content\/uploads\/2025\/02\/Respalda-Cruz-Perez-Cuellar-el-documental-22Rebels22-sobre-arte-urbano-en-Ciudad-Juarez-1536x1023.jpeg 1536w, https:\/\/www.opinionpublica.tv\/portada\/wp-content\/uploads\/2025\/02\/Respalda-Cruz-Perez-Cuellar-el-documental-22Rebels22-sobre-arte-urbano-en-Ciudad-Juarez.jpeg 1600w\" sizes=\"(max-width: 1024px) 100vw, 1024px\" \/><\/figure>\n\n\n\n<p class=\"wp-block-paragraph\"><em>Ciudad Ju\u00e1rez, Chih<\/em>.- El presidente municipal Cruz P\u00e9rez Cu\u00e9llar expres\u00f3 su apoyo al proyecto \u00abRebels\u00bb, un documental dirigido por el artista urbano Gerardo Medina Reyes, conocido como Freeman, que busca dar visibilidad al arte urbano y su impacto positivo en la juventud.<\/p>\n\n\n\n<p class=\"wp-block-paragraph\">Durante su participaci\u00f3n en la producci\u00f3n, P\u00e9rez Cu\u00e9llar destac\u00f3 la importancia de estos proyectos para brindar a los j\u00f3venes herramientas de expresi\u00f3n que los alejen de caminos perjudiciales. Subray\u00f3 que el arte urbano, en disciplinas como la m\u00fasica, el baile y la producci\u00f3n, puede ser una alternativa para que los ni\u00f1os y adolescentes se enfoquen en actividades creativas y constructivas.<\/p>\n\n\n\n<p class=\"wp-block-paragraph\">Freeman, director del documental, resalt\u00f3 que esta es la primera ocasi\u00f3n en que el gobierno municipal apoya a un colectivo de arte urbano, lo que representa un compromiso para seguir llevando este mensaje a m\u00e1s j\u00f3venes en Ciudad Ju\u00e1rez. La finalidad del documental es ser proyectado en escuelas, permitiendo que ni\u00f1os y adolescentes conozcan nuevas formas de expresi\u00f3n art\u00edstica y encuentren en ellas una v\u00eda para desarrollarse personal y profesionalmente.<\/p>\n\n\n\n<p class=\"wp-block-paragraph\">El presidente municipal salud\u00f3 a los artistas e integrantes del colectivo, reiterando su respaldo a este tipo de iniciativas que buscan generar un impacto positivo en la comunidad y fortalecer el talento local.<\/p>\n","protected":false},"excerpt":{"rendered":"<p>Ciudad Ju\u00e1rez, Chih.- El presidente municipal Cruz P\u00e9rez Cu\u00e9llar expres\u00f3 su apoyo al proyecto \u00abRebels\u00bb, un documental dirigido por el artista urbano Gerardo Medina Reyes, conocido como Freeman, que busca dar visibilidad al arte urbano y su impacto positivo en la juventud. Durante su participaci\u00f3n en la producci\u00f3n, P\u00e9rez Cu\u00e9llar destac\u00f3 la importancia de estos [&hellip;]<\/p>\n","protected":false},"author":6,"featured_media":52650,"comment_status":"open","ping_status":"open","sticky":false,"template":"","format":"standard","meta":{"_acf_changed":false,"_monsterinsights_skip_tracking":false,"slim_seo":{"title":"Respalda Cruz P\u00e9rez Cu\u00e9llar el documental \"Rebels\" sobre arte urbano en Ciudad Ju\u00e1rez - Opini\u00f3n P\u00fablica","description":"Ciudad Ju\u00e1rez, Chih .- El presidente municipal Cruz P\u00e9rez Cu\u00e9llar expres\u00f3 su apoyo al proyecto \"Rebels\", un documental dirigido por el artista urbano Gerardo Me"},"footnotes":""},"categories":[41],"tags":[],"class_list":["post-52646","post","type-post","status-publish","format-standard","has-post-thumbnail","hentry","category-juarez"],"acf":[],"_links":{"self":[{"href":"https:\/\/www.opinionpublica.tv\/portada\/wp-json\/wp\/v2\/posts\/52646","targetHints":{"allow":["GET"]}}],"collection":[{"href":"https:\/\/www.opinionpublica.tv\/portada\/wp-json\/wp\/v2\/posts"}],"about":[{"href":"https:\/\/www.opinionpublica.tv\/portada\/wp-json\/wp\/v2\/types\/post"}],"author":[{"embeddable":true,"href":"https:\/\/www.opinionpublica.tv\/portada\/wp-json\/wp\/v2\/users\/6"}],"replies":[{"embeddable":true,"href":"https:\/\/www.opinionpublica.tv\/portada\/wp-json\/wp\/v2\/comments?post=52646"}],"version-history":[{"count":4,"href":"https:\/\/www.opinionpublica.tv\/portada\/wp-json\/wp\/v2\/posts\/52646\/revisions"}],"predecessor-version":[{"id":52651,"href":"https:\/\/www.opinionpublica.tv\/portada\/wp-json\/wp\/v2\/posts\/52646\/revisions\/52651"}],"wp:featuredmedia":[{"embeddable":true,"href":"https:\/\/www.opinionpublica.tv\/portada\/wp-json\/wp\/v2\/media\/52650"}],"wp:attachment":[{"href":"https:\/\/www.opinionpublica.tv\/portada\/wp-json\/wp\/v2\/media?parent=52646"}],"wp:term":[{"taxonomy":"category","embeddable":true,"href":"https:\/\/www.opinionpublica.tv\/portada\/wp-json\/wp\/v2\/categories?post=52646"},{"taxonomy":"post_tag","embeddable":true,"href":"https:\/\/www.opinionpublica.tv\/portada\/wp-json\/wp\/v2\/tags?post=52646"}],"curies":[{"name":"wp","href":"https:\/\/api.w.org\/{rel}","templated":true}]}}