{"id":52626,"date":"2025-02-02T00:01:00","date_gmt":"2025-02-02T07:01:00","guid":{"rendered":"https:\/\/www.opinionpublica.tv\/portada\/?p=52626"},"modified":"2025-02-01T19:51:11","modified_gmt":"2025-02-02T02:51:11","slug":"escritora-reina-castro-participa-en-relevante-encuentro-de-poetas-en-colombia","status":"publish","type":"post","link":"https:\/\/www.opinionpublica.tv\/portada\/escritora-reina-castro-participa-en-relevante-encuentro-de-poetas-en-colombia\/","title":{"rendered":"Escritora chihuahuense Reina Castro participa con poetas en Colombia"},"content":{"rendered":"\n<figure class=\"wp-block-image size-large\"><img fetchpriority=\"high\" decoding=\"async\" width=\"1024\" height=\"768\" src=\"https:\/\/www.opinionpublica.tv\/portada\/wp-content\/uploads\/2025\/02\/Escritora-chihuahuense-Reina-Castro-participa-con-poetas-en-Colombia-1024x768.jpeg\" alt=\"Escritora Chihuahuense Reina Castro Participa Con Poetas En Colombia\" class=\"wp-image-52633\" srcset=\"https:\/\/www.opinionpublica.tv\/portada\/wp-content\/uploads\/2025\/02\/Escritora-chihuahuense-Reina-Castro-participa-con-poetas-en-Colombia-1024x768.jpeg 1024w, https:\/\/www.opinionpublica.tv\/portada\/wp-content\/uploads\/2025\/02\/Escritora-chihuahuense-Reina-Castro-participa-con-poetas-en-Colombia-300x225.jpeg 300w, https:\/\/www.opinionpublica.tv\/portada\/wp-content\/uploads\/2025\/02\/Escritora-chihuahuense-Reina-Castro-participa-con-poetas-en-Colombia-768x576.jpeg 768w, https:\/\/www.opinionpublica.tv\/portada\/wp-content\/uploads\/2025\/02\/Escritora-chihuahuense-Reina-Castro-participa-con-poetas-en-Colombia.jpeg 1280w\" sizes=\"(max-width: 1024px) 100vw, 1024px\" \/><\/figure>\n\n\n\n<p class=\"wp-block-paragraph\">Reina Castro, escritora y poeta de Nuevo Casas Grandes y residente en Ciudad Ju\u00e1rez, Chihuahua, represent\u00f3 dignamente a M\u00e9xico en el Primer Encuentro de Poetas en el Golfo de Morrosquillo, siendo invitada por Movimiento Poetas del Mundo, el cual dirige su fundador, el escritor y poeta chileno, Luis Arias Manzo, con m\u00e1s de 9500 miembros de 143 pa\u00edses; as\u00ed como por la Fundaci\u00f3n Cultural y Literaria Golfo de Morrosquillo, dirigida por el maestro, escritor y poeta, Francisco Atencia G\u00f3mez.<\/p>\n\n\n\n<p class=\"wp-block-paragraph\">El encuentro cultural fue realizado del 18 al 25 de enero, con grandiosos escenarios, tales como: Casa de la Cultura de Santiago de Tol\u00fa, una escuela primaria y una preparatoria en el mismo lugar; Centro Cultural de Sincelejo, Sucre; Casa, ahora convertida en museo, de Gabriel Garc\u00eda M\u00e1rquez, en Aracataca, as\u00ed como en la Casa del Telegrafista del mismo lugar, el cual tambi\u00e9n es un museo dedicado completamente a Gabriel Garc\u00eda M\u00e1rquez, Premio Nobel de Literatura, orgullo de Colombia. Asistieron a una exposici\u00f3n de artes pl\u00e1sticas, en la cual, a Reina Castro le obsequi\u00f3 un hermoso cuadro un artista de Tol\u00fa. En la ciudad de Cartagena visitaron el Centro Hist\u00f3rico, llegando hasta la emblem\u00e1tica casa del mencionado escritor colombiano, as\u00ed como de otros artistas y personajes famosos de aquel pa\u00eds.<\/p>\n\n\n\n<p class=\"wp-block-paragraph\">\u201cMe sent\u00ed cobijada por la hermosa gente de Colombia, son c\u00e1lidos, amigables, alegres, en una palabra, \u00a1fascinantes! Convivir con colegas de diferentes pa\u00edses enriquece sobremanera mi vida y mi escritura. Estoy profundamente agradecida con Dios y con los coordinadores de dicho encuentro por hacerlo posible\u201d. Coment\u00f3 la tambi\u00e9n editora chihuahuense, quien fue la \u00fanica entrevistada de los poetas participantes, por un medio de comunicaci\u00f3n colombiano llamado El Meridiano, y tambi\u00e9n la \u00fanica en recibir una gran ovaci\u00f3n por parte de las alumnas del colegio visitado, por lo cual, la docente que hizo entrega de los reconocimientos a los poetas, mencion\u00f3: \u201cElla se las gan\u00f3 a todas\u201d, refiri\u00e9ndose a Reina Castro.<\/p>\n\n\n\n<figure class=\"wp-block-image size-large\"><img decoding=\"async\" width=\"1024\" height=\"461\" src=\"https:\/\/www.opinionpublica.tv\/portada\/wp-content\/uploads\/2025\/02\/Reyna-Castro-Colombia-2-1024x461.jpeg\" alt=\"Reyna Castro Colombia 2\" class=\"wp-image-52634\" srcset=\"https:\/\/www.opinionpublica.tv\/portada\/wp-content\/uploads\/2025\/02\/Reyna-Castro-Colombia-2-1024x461.jpeg 1024w, https:\/\/www.opinionpublica.tv\/portada\/wp-content\/uploads\/2025\/02\/Reyna-Castro-Colombia-2-300x135.jpeg 300w, https:\/\/www.opinionpublica.tv\/portada\/wp-content\/uploads\/2025\/02\/Reyna-Castro-Colombia-2-768x346.jpeg 768w, https:\/\/www.opinionpublica.tv\/portada\/wp-content\/uploads\/2025\/02\/Reyna-Castro-Colombia-2.jpeg 1280w\" sizes=\"(max-width: 1024px) 100vw, 1024px\" \/><\/figure>\n\n\n\n<p class=\"wp-block-paragraph\">A este Primer Encuentro de Poetas en el Golfo de Morrosquillo se dieron cita los poetas:<\/p>\n\n\n\n<p class=\"wp-block-paragraph\">Luis Arias Manzo y David Altamirano Hern\u00e1ndez de Chile; Julia Pineda Pe\u00f1a y Reina Castro Hern\u00e1ndez de M\u00e9xico; Gricelda Mart\u00ednez Serrano de Bolivia; Eugenia Gallegos Rodas de Ecuador; Oscar Ren\u00e9 Ben\u00edtez de El Salvador, y residente en California, USA; Francisco Atencia G\u00f3mez y Edgar P\u00e1ramo Blanquicett \u201cPoeta Cartagena\u201d, de Colombia.<\/p>\n\n\n\n<p class=\"wp-block-paragraph\">Cabe mencionar que la misi\u00f3n de Movimiento Poetas del Mundo es llevar la poes\u00eda como instrumento de cambio a los territorios, concientizar al mundo de la crisis clim\u00e1tica y c\u00f3mo defender el planeta.<\/p>\n\n\n\n<p class=\"wp-block-paragraph\">El encuentro termin\u00f3 en Cartagena, desde donde se despidieron los compa\u00f1eros poetas para partir cada uno a su pa\u00eds, con una cena de clausura en un restaurante exclusivo, la cual estuvo muy emotiva.<\/p>\n\n\n\n<p class=\"wp-block-paragraph\">Se anunci\u00f3 en dicho evento que, el pr\u00f3ximo destino es Francia, durante el mes de mayo pr\u00f3ximo. Tanto a \u00e9ste como a otro en Cuba, ya fue convocada nuestra digna representante mexicana, Reina Castro; quien hace un llamado a las autoridades municipales y estatales para apoyar a sus escritores, ya que van con los gastos pagados por su cuenta, haciendo grandes sacrificios y, en algunos casos, realizando actividades y con donativos de amigos que apoyan la cultura; algo que deber\u00eda ser prioridad de los gobiernos, ya que realmente nos representan con orgullo, talento, pasi\u00f3n y honor.<\/p>\n","protected":false},"excerpt":{"rendered":"<p>Reina Castro, escritora y poeta de Nuevo Casas Grandes y residente en Ciudad Ju\u00e1rez, Chihuahua, represent\u00f3 dignamente a M\u00e9xico en el Primer Encuentro de Poetas en el Golfo de Morrosquillo, siendo invitada por Movimiento Poetas del Mundo, el cual dirige su fundador, el escritor y poeta chileno, Luis Arias Manzo, con m\u00e1s de 9500 miembros [&hellip;]<\/p>\n","protected":false},"author":6,"featured_media":52633,"comment_status":"open","ping_status":"open","sticky":false,"template":"","format":"standard","meta":{"_acf_changed":false,"_monsterinsights_skip_tracking":false,"slim_seo":{"title":"Escritora chihuahuense Reina Castro participa con poetas en Colombia - Opini\u00f3n P\u00fablica","description":"Reina Castro, escritora y poeta de Nuevo Casas Grandes y residente en Ciudad Ju\u00e1rez, Chihuahua, represent\u00f3 dignamente a M\u00e9xico en el Primer Encuentro de Poetas"},"footnotes":""},"categories":[11],"tags":[],"class_list":["post-52626","post","type-post","status-publish","format-standard","has-post-thumbnail","hentry","category-tendencias"],"acf":[],"_links":{"self":[{"href":"https:\/\/www.opinionpublica.tv\/portada\/wp-json\/wp\/v2\/posts\/52626","targetHints":{"allow":["GET"]}}],"collection":[{"href":"https:\/\/www.opinionpublica.tv\/portada\/wp-json\/wp\/v2\/posts"}],"about":[{"href":"https:\/\/www.opinionpublica.tv\/portada\/wp-json\/wp\/v2\/types\/post"}],"author":[{"embeddable":true,"href":"https:\/\/www.opinionpublica.tv\/portada\/wp-json\/wp\/v2\/users\/6"}],"replies":[{"embeddable":true,"href":"https:\/\/www.opinionpublica.tv\/portada\/wp-json\/wp\/v2\/comments?post=52626"}],"version-history":[{"count":6,"href":"https:\/\/www.opinionpublica.tv\/portada\/wp-json\/wp\/v2\/posts\/52626\/revisions"}],"predecessor-version":[{"id":52636,"href":"https:\/\/www.opinionpublica.tv\/portada\/wp-json\/wp\/v2\/posts\/52626\/revisions\/52636"}],"wp:featuredmedia":[{"embeddable":true,"href":"https:\/\/www.opinionpublica.tv\/portada\/wp-json\/wp\/v2\/media\/52633"}],"wp:attachment":[{"href":"https:\/\/www.opinionpublica.tv\/portada\/wp-json\/wp\/v2\/media?parent=52626"}],"wp:term":[{"taxonomy":"category","embeddable":true,"href":"https:\/\/www.opinionpublica.tv\/portada\/wp-json\/wp\/v2\/categories?post=52626"},{"taxonomy":"post_tag","embeddable":true,"href":"https:\/\/www.opinionpublica.tv\/portada\/wp-json\/wp\/v2\/tags?post=52626"}],"curies":[{"name":"wp","href":"https:\/\/api.w.org\/{rel}","templated":true}]}}