{"id":52610,"date":"2025-02-02T00:01:00","date_gmt":"2025-02-02T07:01:00","guid":{"rendered":"https:\/\/www.opinionpublica.tv\/portada\/?p=52610"},"modified":"2025-02-01T19:24:30","modified_gmt":"2025-02-02T02:24:30","slug":"efemerides-2-de-febrero-6","status":"publish","type":"post","link":"https:\/\/www.opinionpublica.tv\/portada\/efemerides-2-de-febrero-6\/","title":{"rendered":"Efem\u00e9rides 2 de febrero"},"content":{"rendered":"\n<p class=\"wp-block-paragraph\"><em>Un d\u00eda 2 de febrero como hoy, pero de 1974, en la provincia central china de Shaanxi, unos agricultores encuentran parte de un guerrero de arcilla cocida roja, un hecho que llev\u00f3 al descubrimiento del ej\u00e9rcito de terracota de Xi\u00b4an, declarado Patrimonio de la Humanidad por la Unesco y considerado la octava maravilla del mundo, es uno de los hallazgos arqueol\u00f3gicos m\u00e1s deslumbrantes del siglo XX.<\/em><\/p>\n\n\n\n<figure class=\"wp-block-image size-large\"><img fetchpriority=\"high\" decoding=\"async\" width=\"1024\" height=\"768\" src=\"https:\/\/www.opinionpublica.tv\/portada\/wp-content\/uploads\/2025\/02\/ejercito-de-terracota-1024x768.jpg\" alt=\"Eje\u0301rcito De Terracota\" class=\"wp-image-52611\" srcset=\"https:\/\/www.opinionpublica.tv\/portada\/wp-content\/uploads\/2025\/02\/ejercito-de-terracota-1024x768.jpg 1024w, https:\/\/www.opinionpublica.tv\/portada\/wp-content\/uploads\/2025\/02\/ejercito-de-terracota-300x225.jpg 300w, https:\/\/www.opinionpublica.tv\/portada\/wp-content\/uploads\/2025\/02\/ejercito-de-terracota-768x576.jpg 768w, https:\/\/www.opinionpublica.tv\/portada\/wp-content\/uploads\/2025\/02\/ejercito-de-terracota-1536x1152.jpg 1536w, https:\/\/www.opinionpublica.tv\/portada\/wp-content\/uploads\/2025\/02\/ejercito-de-terracota.jpg 1600w\" sizes=\"(max-width: 1024px) 100vw, 1024px\" \/><\/figure>\n\n\n\n<p class=\"wp-block-paragraph\"><strong>Otras efem\u00e9rides<\/strong><\/p>\n\n\n\n<p class=\"wp-block-paragraph\">1536.- Pedro de Mendoza funda en la costa del Plata el Puerto de Santa Mar\u00eda del Buen Aire, primera ubicaci\u00f3n de la ciudad argentina de Buenos Aires.<\/p>\n\n\n\n<p class=\"wp-block-paragraph\">1653.- Se promulga el estatuto municipal de Nueva \u00c1msterdam, m\u00e1s tarde denominada Nueva York.<\/p>\n\n\n\n<p class=\"wp-block-paragraph\">1825.- El Gobierno brit\u00e1nico firma con el de Buenos Aires un tratado por el que las Provincias Unidas del R\u00edo de la Plata se comprometen a cooperar para abolir la trata de esclavos.<\/p>\n\n\n\n<p class=\"wp-block-paragraph\">1841.- El Salvador se constituye en Rep\u00fablica unitaria e independiente.<\/p>\n\n\n\n<p class=\"wp-block-paragraph\">1848.- Firma del Tratado de Guadalupe Hidalgo, que pone fin a la guerra entre EE.UU y M\u00e9xico. Este \u00faltimo cede a Estados Unidos California, Arizona, Texas y Nuevo M\u00e9xico.<\/p>\n\n\n\n<p class=\"wp-block-paragraph\">1887.- En Pensilvania, se celebra oficialmente el primer D\u00eda de la Marmota.<\/p>\n\n\n\n<p class=\"wp-block-paragraph\">1913.- Se inaugura en Nueva York la Grand Central Terminal, la estaci\u00f3n ferroviaria mayor del mundo de la \u00e9poca.<\/p>\n\n\n\n<p class=\"wp-block-paragraph\">1914.- Charles Chaplin debuta en el cine con la comedia \u00abMaking a Living\u00bb.<\/p>\n\n\n\n<p class=\"wp-block-paragraph\">1922.- Se publica la novela \u00abUlises\u00bb del escritor irland\u00e9s James Joyce.<\/p>\n\n\n\n<p class=\"wp-block-paragraph\">1932.- Estreno mundial en Los \u00c1ngeles de \u00abEl expreso de Shangai\u00bb, dirigida por Josef von Stenberg y protagonizada por Marlene Dietrich.<\/p>\n\n\n\n<p class=\"wp-block-paragraph\">1933.- Concluye la guerra civil de Nicaragua con un tratado de paz firmado por Augusto C\u00e9sar Sandino, jefe de las fuerzas revolucionarias, y el presidente nicarag\u00fcense Sacasa.<\/p>\n\n\n\n<p class=\"wp-block-paragraph\">1935.- El estadounidense, Leonard Keeler, utiliza por primera vez el pol\u00edgrafo tambi\u00e9n conocido como \u00abEl detector de mentiras\u00bb.<\/p>\n\n\n\n<p class=\"wp-block-paragraph\">1943.- Finaliza la batalla de Stalingrado con la victoria de la Uni\u00f3n Sovi\u00e9tica frente a Fuerzas del Eje (encabezada por la Alemania naz)i. Fue uno de los enfrentamientos b\u00e9licos m\u00e1s sangrientos de la II Guerra Mundial.<\/p>\n\n\n\n<p class=\"wp-block-paragraph\">1959.- Indira Gandhi, es elegida presidenta del Partido del Congreso de la India.<\/p>\n\n\n\n<p class=\"wp-block-paragraph\">1963.- En Biblian (Ecuador) mueren m\u00e1s de 100 ni\u00f1os al derrumbarse un edificio escolar.<\/p>\n\n\n\n<p class=\"wp-block-paragraph\">1979.- El bajista de Sex Pistols Sid Vicious muere de una sobredosis de hero\u00edna en Nueva York.<\/p>\n\n\n\n<p class=\"wp-block-paragraph\">1981.- Ecuador y Per\u00fa acuerdan un alto el fuego en su conflicto fronterizo, en una reuni\u00f3n de la OEA.<\/p>\n\n\n\n<p class=\"wp-block-paragraph\">1982.- Las tropas del presidente sirio Hafez al-Assad entran en Hama para sofocar un levantamiento de los Hermanos Musulmanes, en una masacre que finaliz\u00f3 el 28 y se sald\u00f3 con 20.000 muertos.<\/p>\n\n\n\n<p class=\"wp-block-paragraph\">1984.- El m\u00e1ximo dirigente del grupo guerrillero colombiano M-19, Jaime Bateman Cay\u00f3n, aparece muerto en las cercan\u00edas del municipio paname\u00f1o de San Blas, despu\u00e9s de estar desaparecido nueve meses tras un accidente a\u00e9reo.<\/p>\n\n\n\n<p class=\"wp-block-paragraph\">1986.- Oscar Arias es elegido por primera vez presidente de Costa Rica.<\/p>\n\n\n\n<p class=\"wp-block-paragraph\">1990.- Legalizado el Congreso Nacional Africano, prohibido desde 1960, en Sud\u00e1frica.<\/p>\n\n\n\n<p class=\"wp-block-paragraph\">1993.- El expresidente de la ya desparecida Checoslovaquia, el dramaturgo Vaclav Havel, jura como primer jefe de Estado de la nueva Rep\u00fablica Checa, formada el 1 de enero.<\/p>\n\n\n\n<p class=\"wp-block-paragraph\">2002.- Contraen matrimonio en \u00c1msterdam (Pa\u00edses Bajos) el pr\u00edncipe heredero Guillermo Alejandro de Orange y la plebeya argentina M\u00e1xima Zorreguieta.<\/p>\n\n\n\n<p class=\"wp-block-paragraph\">2007.- La Justicia chilena condena a 16 a\u00f1os de prisi\u00f3n a un expolic\u00eda, acusado de ejecutar a seis j\u00f3venes d\u00edas despu\u00e9s del golpe militar del 11 de septiembre de 1973.<\/p>\n\n\n\n<p class=\"wp-block-paragraph\">2020.- Muere en Filipinas un hombre por coronavirus, primera muerte fuera de China.<\/p>\n\n\n\n<p class=\"wp-block-paragraph\">2020.- Hallan en M\u00e9xico once cad\u00e1veres con signos de tortura en una fosa clandestina de Michoac\u00e1n, atribuida a narcotraficantes.<\/p>\n\n\n\n<p class=\"wp-block-paragraph\">2022.- Mueren en Argentina 23 personas por consumir coca\u00edna adulterada.<\/p>\n\n\n\n<p class=\"wp-block-paragraph\">2023.- Estados Unidos detecta un globo aerost\u00e1tico esp\u00eda de China sobre su territorio.<\/p>\n\n\n\n<p class=\"wp-block-paragraph\"><strong>Nacimientos<\/strong><\/p>\n\n\n\n<p class=\"wp-block-paragraph\">1861.- Solomon R. Guggenheim, fil\u00e1ntropo y empresario estadounidense.<\/p>\n\n\n\n<p class=\"wp-block-paragraph\">1882.- James Joyce, escritor irland\u00e9s.<\/p>\n\n\n\n<p class=\"wp-block-paragraph\">1926.- Val\u00e9ry Giscard d&#8217;Estaing, expresidente de Francia.<\/p>\n\n\n\n<p class=\"wp-block-paragraph\">1947.- Farrah Fawcett-Majors, actriz estadounidense.<\/p>\n\n\n\n<p class=\"wp-block-paragraph\">1977.- Shakira, cantante colombiana.<\/p>\n\n\n\n<p class=\"wp-block-paragraph\">1987.- Gerard Piqu\u00e9, futbolista del Barcelona.<\/p>\n\n\n\n<p class=\"wp-block-paragraph\"><strong>Fallecimientos<\/strong><\/p>\n\n\n\n<p class=\"wp-block-paragraph\">1594.- Giovanni Pierluigi, \u00abPalestrina\u00bb, compositor italiano.<\/p>\n\n\n\n<p class=\"wp-block-paragraph\">1969.- Boris Karloff, actor brit\u00e1nico.<\/p>\n\n\n\n<p class=\"wp-block-paragraph\">1996.- Gene Kelly, actor y bailar\u00edn estadounidense.<\/p>\n\n\n\n<p class=\"wp-block-paragraph\">2013.- Lino Oviedo, pol\u00edtico paraguayo.<\/p>\n\n\n\n<p class=\"wp-block-paragraph\">2014.- Philip Seymour Hoffman, actor estadounidense.<\/p>\n\n\n\n<p class=\"wp-block-paragraph\">2022.- M\u00f3nica Vitti, actriz italiana.<\/p>\n","protected":false},"excerpt":{"rendered":"<p>Un d\u00eda 2 de febrero como hoy, pero de 1974, en la provincia central china de Shaanxi, unos agricultores encuentran parte de un guerrero de arcilla cocida roja, un hecho que llev\u00f3 al descubrimiento del ej\u00e9rcito de terracota de Xi\u00b4an, declarado Patrimonio de la Humanidad por la Unesco y considerado la octava maravilla del mundo, [&hellip;]<\/p>\n","protected":false},"author":6,"featured_media":52611,"comment_status":"open","ping_status":"open","sticky":false,"template":"","format":"standard","meta":{"_acf_changed":false,"_monsterinsights_skip_tracking":false,"slim_seo":{"title":"Efem\u00e9rides 2 de febrero - Opini\u00f3n P\u00fablica","description":"Un d\u00eda 2 de febrero como hoy, pero de 1974, en la provincia central china de Shaanxi, unos agricultores encuentran parte de un guerrero de arcilla cocida roja,"},"footnotes":""},"categories":[27],"tags":[],"class_list":["post-52610","post","type-post","status-publish","format-standard","has-post-thumbnail","hentry","category-un-dia-como-hoy"],"acf":[],"_links":{"self":[{"href":"https:\/\/www.opinionpublica.tv\/portada\/wp-json\/wp\/v2\/posts\/52610","targetHints":{"allow":["GET"]}}],"collection":[{"href":"https:\/\/www.opinionpublica.tv\/portada\/wp-json\/wp\/v2\/posts"}],"about":[{"href":"https:\/\/www.opinionpublica.tv\/portada\/wp-json\/wp\/v2\/types\/post"}],"author":[{"embeddable":true,"href":"https:\/\/www.opinionpublica.tv\/portada\/wp-json\/wp\/v2\/users\/6"}],"replies":[{"embeddable":true,"href":"https:\/\/www.opinionpublica.tv\/portada\/wp-json\/wp\/v2\/comments?post=52610"}],"version-history":[{"count":1,"href":"https:\/\/www.opinionpublica.tv\/portada\/wp-json\/wp\/v2\/posts\/52610\/revisions"}],"predecessor-version":[{"id":52612,"href":"https:\/\/www.opinionpublica.tv\/portada\/wp-json\/wp\/v2\/posts\/52610\/revisions\/52612"}],"wp:featuredmedia":[{"embeddable":true,"href":"https:\/\/www.opinionpublica.tv\/portada\/wp-json\/wp\/v2\/media\/52611"}],"wp:attachment":[{"href":"https:\/\/www.opinionpublica.tv\/portada\/wp-json\/wp\/v2\/media?parent=52610"}],"wp:term":[{"taxonomy":"category","embeddable":true,"href":"https:\/\/www.opinionpublica.tv\/portada\/wp-json\/wp\/v2\/categories?post=52610"},{"taxonomy":"post_tag","embeddable":true,"href":"https:\/\/www.opinionpublica.tv\/portada\/wp-json\/wp\/v2\/tags?post=52610"}],"curies":[{"name":"wp","href":"https:\/\/api.w.org\/{rel}","templated":true}]}}