{"id":52608,"date":"2025-02-02T00:01:00","date_gmt":"2025-02-02T07:01:00","guid":{"rendered":"https:\/\/www.opinionpublica.tv\/portada\/?p=52608"},"modified":"2025-02-01T19:02:37","modified_gmt":"2025-02-02T02:02:37","slug":"senado-como-en-1988","status":"publish","type":"post","link":"https:\/\/www.opinionpublica.tv\/portada\/senado-como-en-1988\/","title":{"rendered":"Senado, como en 1988"},"content":{"rendered":"\n<h4 class=\"wp-block-heading\">Jos\u00e9 Woldenberg<\/h4>\n\n\n\n<p class=\"wp-block-paragraph\">___________________________<\/p>\n\n\n\n<p class=\"wp-block-paragraph\">Eso es lo que pretende Morena y quiz\u00e1 la coalici\u00f3n en torno a ese partido. No es una especulaci\u00f3n. Est\u00e1 en la iniciativa de reforma constitucional en materia electoral que present\u00f3 el 5 de febrero pasado el entonces presidente L\u00f3pez Obrador.<\/p>\n\n\n\n<p class=\"wp-block-paragraph\">Recordemos: en 1988 se llevaron a cabo las primeras elecciones presidenciales realmente competidas de la historia reciente. No obstante, el procesamiento opaco y manipulado de los resultados desat\u00f3 un agudo conflicto. Pero en esta nota fijaremos la atenci\u00f3n en lo que sucedi\u00f3 en la conformaci\u00f3n del Senado.<\/p>\n\n\n\n<p class=\"wp-block-paragraph\">En aquel entonces se eleg\u00edan dos senadores por entidad, y los dos eran para el que m\u00e1s votos hubiera obtenido. El PRI, con el 50.85% de los votos, gan\u00f3 30 entidades y acab\u00f3 con 60 senadores, el 94% de la C\u00e1mara.<\/p>\n\n\n\n<p class=\"wp-block-paragraph\">El Frente Democr\u00e1tico Nacional con el 29.30% de votos triunf\u00f3 en dos entidades (D.F. y Michoac\u00e1n) y alcanz\u00f3 4 senadores, es decir, el 6% de los representantes, y el PAN con el 19% de los votos se qued\u00f3 en cero (se trata de las cifras oficiales que en su momento fueron muy controvertidas).<\/p>\n\n\n\n<p class=\"wp-block-paragraph\">Alguna parte de esos resultados tambi\u00e9n se explica porque los partidos que conformaron el FDN en diversos estados fueron por separado en las elecciones para senadores. Se trataba de una f\u00f3rmula que premiaba, y mucho, a la mayor\u00eda y castigaba en serio a las minor\u00edas. Pues en la iniciativa de AMLO se trata de volver a esa f\u00f3rmula.<\/p>\n\n\n\n<p class=\"wp-block-paragraph\">Quiz\u00e1 sobra decir que en aquel entonces todos los partidos de oposici\u00f3n planteaban cambiar el m\u00e9todo de integraci\u00f3n del Senado y finalmente en 1993 se acept\u00f3 modificarlo. A partir de la reforma pol\u00edtico-electoral de aquel a\u00f1o la C\u00e1mara de Senadores deber\u00eda integrarse con la elecci\u00f3n de cuatro senadores por entidad, tres para la mayor\u00eda y uno para la primera minor\u00eda. Se entendi\u00f3 que en cada entidad exist\u00eda una diversidad de corrientes pol\u00edticas y que una sola no deb\u00eda representar a la totalidad.<\/p>\n\n\n\n<p class=\"wp-block-paragraph\">La negociaci\u00f3n vista desde ahora no deja de ser curiosa: el PRI plante\u00f3 originalmente elegir a tres senadores por estado, dos para la mayor\u00eda y uno para la primera minor\u00eda. Pero quer\u00eda establecer un porcentaje alto de votaci\u00f3n para que la primera minor\u00eda pudiera obtener ese tercer senador. La oposici\u00f3n entonces prefiri\u00f3 que fueran cuatro y garantizar que el cuarto fuera siempre para la primera minor\u00eda. Con eso se aseguraba que por lo menos el 25% de esa C\u00e1mara ser\u00eda de representantes no priistas.<\/p>\n\n\n\n<p class=\"wp-block-paragraph\">Fue en la reforma de 1996 cuando se acord\u00f3 la f\u00f3rmula vigente hasta ahora. Tres senadores por entidad, dos para la mayor\u00eda y uno para la primera minor\u00eda, m\u00e1s una lista nacional de 32 que se repartir\u00eda con el criterio de representaci\u00f3n proporcional. Fue una clara inyecci\u00f3n de pluralismo. Ese pluralismo que, qui\u00e9rase o no, existe en la sociedad.<\/p>\n\n\n\n<p class=\"wp-block-paragraph\">Se ha criticado, y con raz\u00f3n, la lista de plurinominales para el Senado, porque en efecto se trastoca el criterio fundamental de integraci\u00f3n, ya que esos senadores no representan a ninguna entidad y se supone que en el Senado todas deben tener el mismo n\u00famero de representantes. Pero de lo que no cabe duda es que esa f\u00f3rmula ayud\u00f3 a inyectarle diversidad a la C\u00e1mara que durante d\u00e9cadas se mantuvo clausurada a los vientos del pluralismo.<\/p>\n\n\n\n<p class=\"wp-block-paragraph\">De tal suerte que bien se podr\u00edan desterrar los senadores de lista, pero, manteniendo la virtud de la f\u00f3rmula, eligiendo cuatro senadores por entidad con un criterio de representaci\u00f3n proporcional estricta y resto mayor, de tal suerte que se rescatara el pluralismo que existe en las entidades.<\/p>\n","protected":false},"excerpt":{"rendered":"<p>Jos\u00e9 Woldenberg ___________________________ Eso es lo que pretende Morena y quiz\u00e1 la coalici\u00f3n en torno a ese partido. No es una especulaci\u00f3n. Est\u00e1 en la iniciativa de reforma constitucional en materia electoral que present\u00f3 el 5 de febrero pasado el entonces presidente L\u00f3pez Obrador. Recordemos: en 1988 se llevaron a cabo las primeras elecciones presidenciales [&hellip;]<\/p>\n","protected":false},"author":6,"featured_media":43694,"comment_status":"open","ping_status":"open","sticky":false,"template":"","format":"standard","meta":{"_acf_changed":false,"_monsterinsights_skip_tracking":false,"slim_seo":{"title":"Senado, como en 1988 - Opini\u00f3n P\u00fablica","description":"Jos\u00e9 Woldenberg ___________________________ Eso es lo que pretende Morena y quiz\u00e1 la coalici\u00f3n en torno a ese partido. No es una especulaci\u00f3n. Est\u00e1 en la inicia"},"footnotes":""},"categories":[26],"tags":[782],"class_list":["post-52608","post","type-post","status-publish","format-standard","has-post-thumbnail","hentry","category-de-chile-dulce-y-manteca-columna-invitada","tag-jose-woldenberg"],"acf":[],"_links":{"self":[{"href":"https:\/\/www.opinionpublica.tv\/portada\/wp-json\/wp\/v2\/posts\/52608","targetHints":{"allow":["GET"]}}],"collection":[{"href":"https:\/\/www.opinionpublica.tv\/portada\/wp-json\/wp\/v2\/posts"}],"about":[{"href":"https:\/\/www.opinionpublica.tv\/portada\/wp-json\/wp\/v2\/types\/post"}],"author":[{"embeddable":true,"href":"https:\/\/www.opinionpublica.tv\/portada\/wp-json\/wp\/v2\/users\/6"}],"replies":[{"embeddable":true,"href":"https:\/\/www.opinionpublica.tv\/portada\/wp-json\/wp\/v2\/comments?post=52608"}],"version-history":[{"count":1,"href":"https:\/\/www.opinionpublica.tv\/portada\/wp-json\/wp\/v2\/posts\/52608\/revisions"}],"predecessor-version":[{"id":52609,"href":"https:\/\/www.opinionpublica.tv\/portada\/wp-json\/wp\/v2\/posts\/52608\/revisions\/52609"}],"wp:featuredmedia":[{"embeddable":true,"href":"https:\/\/www.opinionpublica.tv\/portada\/wp-json\/wp\/v2\/media\/43694"}],"wp:attachment":[{"href":"https:\/\/www.opinionpublica.tv\/portada\/wp-json\/wp\/v2\/media?parent=52608"}],"wp:term":[{"taxonomy":"category","embeddable":true,"href":"https:\/\/www.opinionpublica.tv\/portada\/wp-json\/wp\/v2\/categories?post=52608"},{"taxonomy":"post_tag","embeddable":true,"href":"https:\/\/www.opinionpublica.tv\/portada\/wp-json\/wp\/v2\/tags?post=52608"}],"curies":[{"name":"wp","href":"https:\/\/api.w.org\/{rel}","templated":true}]}}