{"id":52602,"date":"2025-02-02T00:01:00","date_gmt":"2025-02-02T07:01:00","guid":{"rendered":"https:\/\/www.opinionpublica.tv\/portada\/?p=52602"},"modified":"2025-02-01T18:51:40","modified_gmt":"2025-02-02T01:51:40","slug":"diputados-y-senadores-abren-el-segundo-periodo-ordinario-de-sesiones","status":"publish","type":"post","link":"https:\/\/www.opinionpublica.tv\/portada\/diputados-y-senadores-abren-el-segundo-periodo-ordinario-de-sesiones\/","title":{"rendered":"Diputados y senadores abren el segundo periodo ordinario de sesiones en San L\u00e1zaro"},"content":{"rendered":"\n<figure class=\"wp-block-image size-full\"><img fetchpriority=\"high\" decoding=\"async\" width=\"1024\" height=\"682\" src=\"https:\/\/www.opinionpublica.tv\/portada\/wp-content\/uploads\/2025\/02\/Diputados-y-senadores-abren-el-segundo-periodo-ordinario-de-sesiones-en-San-Lazaro.webp\" alt=\"Diputados Y Senadores Abren El Segundo Periodo Ordinario De Sesiones En San La\u0301zaro\" class=\"wp-image-52606\" srcset=\"https:\/\/www.opinionpublica.tv\/portada\/wp-content\/uploads\/2025\/02\/Diputados-y-senadores-abren-el-segundo-periodo-ordinario-de-sesiones-en-San-Lazaro.webp 1024w, https:\/\/www.opinionpublica.tv\/portada\/wp-content\/uploads\/2025\/02\/Diputados-y-senadores-abren-el-segundo-periodo-ordinario-de-sesiones-en-San-Lazaro-300x200.webp 300w, https:\/\/www.opinionpublica.tv\/portada\/wp-content\/uploads\/2025\/02\/Diputados-y-senadores-abren-el-segundo-periodo-ordinario-de-sesiones-en-San-Lazaro-768x512.webp 768w\" sizes=\"(max-width: 1024px) 100vw, 1024px\" \/><\/figure>\n\n\n\n<p class=\"wp-block-paragraph\">Ciudad de M\u00e9xico. En poco m\u00e1s de 15 minutos, diputados y senadores realizaron la sesi\u00f3n de Congreso General con la que se declar\u00f3 la apertura del segundo periodo ordinario de sesiones, seguido de una primera sesi\u00f3n de la C\u00e1mara de Diputados para dar lectura al dictamen de reforma de la Ley del Infonavit, y comenz\u00f3 de inmediato una sesi\u00f3n m\u00e1s del \u00f3rgano legislativo para comenzar su discusi\u00f3n.<\/p>\n\n\n\n<p class=\"wp-block-paragraph\">Se prev\u00e9 que el debate llevar\u00e1 varias horas antes de la votaci\u00f3n del dictamen que, luego de que sindicatos y el sector empresarial cuestionaron el uso de 2.4 billones de pesos de las subcuentas de vivienda de los trabajadores, con la intenci\u00f3n de crear un fondo destinado a la construcci\u00f3n de viviendas econ\u00f3micas, las comisiones unidas de Vivienda y Trabajo de la C\u00e1mara de Diputados aprobaron el dictamen con cambios respecto a la minuta que envi\u00f3 el Senado.<\/p>\n\n\n\n<p class=\"wp-block-paragraph\">Entre las modificaciones que se pondr\u00e1n hoy a votaci\u00f3n se encuentra el mantener la representaci\u00f3n tripartita paritaria en los \u00f3rganos colegiados del instituto, como la Comisi\u00f3n de Vigilancia, de Transparencia y de Auditor\u00eda.<\/p>\n\n\n\n<p class=\"wp-block-paragraph\">De avalarse las casi 30 modificaciones que hicieron las comisiones legislativas, la propuesta deber\u00e1 regresar al Senado de la Rep\u00fablica, donde se espera que sea discutida la pr\u00f3xima semana. Al momento de la instalaci\u00f3n la sesi\u00f3n de Congreso General, legisladores del PAN lanzaron gritos de \u201cfuera Rocha\u201d, en alusi\u00f3n al gobernador de Sinaloa, Rub\u00e9n Rocha. Los morenistas respondieron con el coro de \u201cgobernador, gobernador\u201d desde las curules. (La Jornada)<\/p>\n","protected":false},"excerpt":{"rendered":"<p>Ciudad de M\u00e9xico. En poco m\u00e1s de 15 minutos, diputados y senadores realizaron la sesi\u00f3n de Congreso General con la que se declar\u00f3 la apertura del segundo periodo ordinario de sesiones, seguido de una primera sesi\u00f3n de la C\u00e1mara de Diputados para dar lectura al dictamen de reforma de la Ley del Infonavit, y comenz\u00f3 [&hellip;]<\/p>\n","protected":false},"author":6,"featured_media":52606,"comment_status":"open","ping_status":"open","sticky":false,"template":"","format":"standard","meta":{"_acf_changed":false,"_monsterinsights_skip_tracking":false,"slim_seo":{"title":"Diputados y senadores abren el segundo periodo ordinario de sesiones en San L\u00e1zaro - Opini\u00f3n P\u00fablica","description":"Ciudad de M\u00e9xico. En poco m\u00e1s de 15 minutos, diputados y senadores realizaron la sesi\u00f3n de Congreso General con la que se declar\u00f3 la apertura del segundo period"},"footnotes":""},"categories":[4],"tags":[],"class_list":["post-52602","post","type-post","status-publish","format-standard","has-post-thumbnail","hentry","category-pulsopolitico"],"acf":[],"_links":{"self":[{"href":"https:\/\/www.opinionpublica.tv\/portada\/wp-json\/wp\/v2\/posts\/52602","targetHints":{"allow":["GET"]}}],"collection":[{"href":"https:\/\/www.opinionpublica.tv\/portada\/wp-json\/wp\/v2\/posts"}],"about":[{"href":"https:\/\/www.opinionpublica.tv\/portada\/wp-json\/wp\/v2\/types\/post"}],"author":[{"embeddable":true,"href":"https:\/\/www.opinionpublica.tv\/portada\/wp-json\/wp\/v2\/users\/6"}],"replies":[{"embeddable":true,"href":"https:\/\/www.opinionpublica.tv\/portada\/wp-json\/wp\/v2\/comments?post=52602"}],"version-history":[{"count":3,"href":"https:\/\/www.opinionpublica.tv\/portada\/wp-json\/wp\/v2\/posts\/52602\/revisions"}],"predecessor-version":[{"id":52607,"href":"https:\/\/www.opinionpublica.tv\/portada\/wp-json\/wp\/v2\/posts\/52602\/revisions\/52607"}],"wp:featuredmedia":[{"embeddable":true,"href":"https:\/\/www.opinionpublica.tv\/portada\/wp-json\/wp\/v2\/media\/52606"}],"wp:attachment":[{"href":"https:\/\/www.opinionpublica.tv\/portada\/wp-json\/wp\/v2\/media?parent=52602"}],"wp:term":[{"taxonomy":"category","embeddable":true,"href":"https:\/\/www.opinionpublica.tv\/portada\/wp-json\/wp\/v2\/categories?post=52602"},{"taxonomy":"post_tag","embeddable":true,"href":"https:\/\/www.opinionpublica.tv\/portada\/wp-json\/wp\/v2\/tags?post=52602"}],"curies":[{"name":"wp","href":"https:\/\/api.w.org\/{rel}","templated":true}]}}