{"id":52588,"date":"2025-02-02T00:01:00","date_gmt":"2025-02-02T07:01:00","guid":{"rendered":"https:\/\/www.opinionpublica.tv\/portada\/?p=52588"},"modified":"2025-02-01T18:38:02","modified_gmt":"2025-02-02T01:38:02","slug":"presidenta-sheinbaum-rechaza-dichos-de-trump-que-vinculan-al-gobierno-mexicano-con-el-narcotrafico-pide-aplicar-plan-b","status":"publish","type":"post","link":"https:\/\/www.opinionpublica.tv\/portada\/presidenta-sheinbaum-rechaza-dichos-de-trump-que-vinculan-al-gobierno-mexicano-con-el-narcotrafico-pide-aplicar-plan-b\/","title":{"rendered":"Sheinbaum rechaza dichos de Trump que vinculan al gobierno mexicano con el narcotr\u00e1fico; pide aplicar el &#8216;Plan B&#8217;"},"content":{"rendered":"\n<figure class=\"wp-block-image size-full\"><img fetchpriority=\"high\" decoding=\"async\" width=\"1100\" height=\"666\" src=\"https:\/\/www.opinionpublica.tv\/portada\/wp-content\/uploads\/2025\/02\/Sheinbaum-rechaza-dichos-de-Trump-que-vinculan-al-gobierno-mexicano-con-el-narcotrafico-pide-aplicar-el-Plan-B.avif\" alt=\"Sheinbaum Rechaza Dichos De Trump Que Vinculan Al Gobierno Mexicano Con El Narcotra\u0301fico; Pide Aplicar El 'plan B'\" class=\"wp-image-52592\"\/><\/figure>\n\n\n\n<p class=\"wp-block-paragraph\">Luego del aumento de 25% de aranceles anunciado por el presidente de Estados Unidos, Donald Trump, en el que responsabiliz\u00f3 a China, M\u00e9xico y Canad\u00e1 de sus promesas de detener el flujo de drogas hacia Estados Unidos, la presidenta de M\u00e9xico, Claudia Sheinbaum, se pronunci\u00f3 en redes sociales, explicando:<\/p>\n\n\n\n<p class=\"wp-block-paragraph\">\u00abRechazamos categ\u00f3ricamente la calumnia que hace la Casa Blanca al Gobierno de M\u00e9xico de tener alianzas con organizaciones criminales, as\u00ed como cualquier intenci\u00f3n injerencista en nuestro territorio.\u00bb<\/p>\n\n\n\n<p class=\"wp-block-paragraph\">La presidenta reiter\u00f3 que el gobierno de M\u00e9xico \u00abha asegurado en cuatro meses m\u00e1s de 40 toneladas de drogas, incluyendo 20 millones de dosis de fentanilo. Tambi\u00e9n ha detenido a m\u00e1s de diez mil personas vinculadas con estos grupos.\u00bb<\/p>\n\n\n\n<p class=\"wp-block-paragraph\">Adem\u00e1s, Sheinbaum Pardo escribi\u00f3 que M\u00e9xico no quiere confrontaci\u00f3n. \u00abPartimos de la colaboraci\u00f3n entre pa\u00edses vecinos. M\u00e9xico no solo no quiere que el fentanilo llegue a Estados Unidos, sino a ninguna parte. Por ello, si Estados Unidos quiere combatir a los grupos delictivos que trafican droga y generan violencia, debemos trabajar conjuntamente de forma integral, pero siempre bajo los principios de responsabilidad compartida, confianza mutua, colaboraci\u00f3n y sobre todo, respeto a la soberan\u00eda, que no es negociable. Coordinaci\u00f3n s\u00ed; subordinaci\u00f3n, no\u00bb, expres\u00f3.<\/p>\n\n\n\n<p class=\"wp-block-paragraph\">Adem\u00e1s, Sheinbaum instruy\u00f3 al secretario de Econom\u00eda, Marcelo Ebrard a implementar lo que ella llam\u00f3 el \u00abPlan B\u00bb, que dijo, incluye medidas arancelarias y no arancelarias en defensa de los intereses de M\u00e9xico.<\/p>\n\n\n\n<p class=\"wp-block-paragraph\">La presidenta propuso al presidente Trump que establezcamos una mesa de trabajo con nuestros mejores equipos de seguridad y salud p\u00fablica.<\/p>\n\n\n\n<p class=\"wp-block-paragraph\">\u00abNo es con la imposici\u00f3n de los aranceles como se resuelven los problemas, sino hablando y dialogando como lo hicimos en estas \u00faltimas semanas con su Departamento de Estado para atender el fen\u00f3meno de la migraci\u00f3n; en nuestro caso, con respeto a los derechos humanos\u00bb.<\/p>\n\n\n\n<p class=\"wp-block-paragraph\">La doctora Claudia Sheinbaum indic\u00f3 que la gr\u00e1fica que el presidente Trump ha estado subiendo a sus redes sociales sobre la disminuci\u00f3n de la migraci\u00f3n fue elaborada por mi equipo de trabajo, que ha estado en constante comunicaci\u00f3n con el suyo.<\/p>\n\n\n\n<p class=\"wp-block-paragraph\">\u00abNada por la fuerza; todo por la raz\u00f3n y el derecho\u00bb, finaliz\u00f3.<\/p>\n\n\n\n<p class=\"wp-block-paragraph\">Trudeau alista llamada con Sheinbaum tras imposici\u00f3n de aranceles por parte de EU<\/p>\n\n\n\n<p class=\"wp-block-paragraph\">Tras el anuncio de la imposici\u00f3n de aranceles de Estados Unidos a Canad\u00e1, China y M\u00e9xico, el primer ministro Justin Trudeau se pronunci\u00f3 a trav\u00e9s de X, anteriormente, Twitter.<\/p>\n\n\n\n<p class=\"wp-block-paragraph\">En el mensaje publicado por Trudeau afirma haberse reunido con los primeros ministros del pa\u00eds y su gabinete presidencial.<\/p>\n\n\n\n<p class=\"wp-block-paragraph\">Tambi\u00e9n, reiter\u00f3 que m\u00e1s tarde hablar\u00e1 con la presidenta de M\u00e9xico Claudia Sheinbaum.<\/p>\n\n\n\n<p class=\"wp-block-paragraph\"><em>Con informaci\u00f3n de El Universal<\/em>.<\/p>\n","protected":false},"excerpt":{"rendered":"<p>Luego del aumento de 25% de aranceles anunciado por el presidente de Estados Unidos, Donald Trump, en el que responsabiliz\u00f3 a China, M\u00e9xico y Canad\u00e1 de sus promesas de detener el flujo de drogas hacia Estados Unidos, la presidenta de M\u00e9xico, Claudia Sheinbaum, se pronunci\u00f3 en redes sociales, explicando: \u00abRechazamos categ\u00f3ricamente la calumnia que hace [&hellip;]<\/p>\n","protected":false},"author":6,"featured_media":52592,"comment_status":"open","ping_status":"open","sticky":false,"template":"","format":"standard","meta":{"_acf_changed":false,"_monsterinsights_skip_tracking":false,"slim_seo":{"title":"Sheinbaum rechaza dichos de Trump que vinculan al gobierno mexicano con el narcotr\u00e1fico; pide aplicar el 'Plan B' - Opini\u00f3n P\u00fablica","description":"Luego del aumento de 25% de aranceles anunciado por el presidente de Estados Unidos, Donald Trump, en el que responsabiliz\u00f3 a China, M\u00e9xico y Canad\u00e1 de sus prom"},"footnotes":""},"categories":[3],"tags":[],"class_list":["post-52588","post","type-post","status-publish","format-standard","has-post-thumbnail","hentry","category-principal"],"acf":[],"_links":{"self":[{"href":"https:\/\/www.opinionpublica.tv\/portada\/wp-json\/wp\/v2\/posts\/52588","targetHints":{"allow":["GET"]}}],"collection":[{"href":"https:\/\/www.opinionpublica.tv\/portada\/wp-json\/wp\/v2\/posts"}],"about":[{"href":"https:\/\/www.opinionpublica.tv\/portada\/wp-json\/wp\/v2\/types\/post"}],"author":[{"embeddable":true,"href":"https:\/\/www.opinionpublica.tv\/portada\/wp-json\/wp\/v2\/users\/6"}],"replies":[{"embeddable":true,"href":"https:\/\/www.opinionpublica.tv\/portada\/wp-json\/wp\/v2\/comments?post=52588"}],"version-history":[{"count":4,"href":"https:\/\/www.opinionpublica.tv\/portada\/wp-json\/wp\/v2\/posts\/52588\/revisions"}],"predecessor-version":[{"id":52593,"href":"https:\/\/www.opinionpublica.tv\/portada\/wp-json\/wp\/v2\/posts\/52588\/revisions\/52593"}],"wp:featuredmedia":[{"embeddable":true,"href":"https:\/\/www.opinionpublica.tv\/portada\/wp-json\/wp\/v2\/media\/52592"}],"wp:attachment":[{"href":"https:\/\/www.opinionpublica.tv\/portada\/wp-json\/wp\/v2\/media?parent=52588"}],"wp:term":[{"taxonomy":"category","embeddable":true,"href":"https:\/\/www.opinionpublica.tv\/portada\/wp-json\/wp\/v2\/categories?post=52588"},{"taxonomy":"post_tag","embeddable":true,"href":"https:\/\/www.opinionpublica.tv\/portada\/wp-json\/wp\/v2\/tags?post=52588"}],"curies":[{"name":"wp","href":"https:\/\/api.w.org\/{rel}","templated":true}]}}