{"id":52519,"date":"2025-01-31T00:01:00","date_gmt":"2025-01-31T07:01:00","guid":{"rendered":"https:\/\/www.opinionpublica.tv\/portada\/?p=52519"},"modified":"2025-01-30T22:08:26","modified_gmt":"2025-01-31T05:08:26","slug":"le-llamaremos-narco-terrorismo","status":"publish","type":"post","link":"https:\/\/www.opinionpublica.tv\/portada\/le-llamaremos-narco-terrorismo\/","title":{"rendered":"Le llamaremos narco terrorismo"},"content":{"rendered":"\n<h4 class=\"wp-block-heading\">Ra\u00fal Ruiz<\/h4>\n\n\n\n<p class=\"wp-block-paragraph\">____________________________<\/p>\n\n\n\n<p class=\"wp-block-paragraph\">En otras ocasiones, he tratado de clasificar las actividades criminales que nos asolan, con el objeto de tener un cat\u00e1logo del cual echar mano, cuando de violencia se trate el tema a deshebrar.<\/p>\n\n\n\n<p class=\"wp-block-paragraph\">Y entre las muchas categor\u00edas, encontramos a los extorsionadores, a los femincidas, a los tratantes de blancas, traficantes de \u00f3rganos, los narcos, (especie con m\u00faltiples variantes como los que comercian con mariguana, opioides, y dem\u00e1s narc\u00f3ticos) y otros delitos m\u00e1s, donde se mezcla un gran espectro maligno al que por lo pronto le asign\u00e9 el nombre de EL NARCOIMPERIO.<\/p>\n\n\n\n<p class=\"wp-block-paragraph\">En esta clasificaci\u00f3n no incluyo a los que se les considera como terroristas.<\/p>\n\n\n\n<p class=\"wp-block-paragraph\">Simple, la connotaci\u00f3n es diferente.<\/p>\n\n\n\n<p class=\"wp-block-paragraph\">Los terroristas no son parte del NARCOIMPERIO, son un gremio de ultra-activistas que utilizan la violencia extrema para conseguir sus fines pol\u00edticos, ideol\u00f3gicos o religiosos.<\/p>\n\n\n\n<p class=\"wp-block-paragraph\">O sea. No lo hacen por negocio.<\/p>\n\n\n\n<p class=\"wp-block-paragraph\">Intentar \u00abempatar\u00bb las actividades de los terroristas, con las de los criminales del NARCOIMPERIO, s\u00f3lo para implicarlos en un conveniente plan de m\u00faltiple impacto en el que se abrir\u00edan los cerrojos de nuestra soberan\u00eda, al capricho del desequilibrado presidente de los Estados Unidos, no es realmente la soluci\u00f3n.<\/p>\n\n\n\n<p class=\"wp-block-paragraph\">Por otro lado, tenemos a un desesperado e insistente legislador chihuahuense interesado en tipificar las actividades criminales de los c\u00e1rteles del narcoimperio, como terroristas, para entregarlos a los persecutores norteamericanos y con eso tal vez terminar con esa lacra humana.<\/p>\n\n\n\n<p class=\"wp-block-paragraph\">De hecho, tal es su insistencia, que se ha vuelto un persistente activista a favor de esta propuesta. Al grado de convocar para hoy, a las \u00abMesas T\u00e9cnicas para el an\u00e1lisis del Narcoterrorismo\u00bb.<\/p>\n\n\n\n<p class=\"wp-block-paragraph\">Desde la 1:00 pm en el piso 18 del Congreso del Estado de Chihuahua, con la presencia de supuestos especialistas en materia de seguridad p\u00fablica, como: Salvador Baldiviezo, David Saucedo, Adri\u00e1n LeBar\u00f3n y el propio diputado Francisco S\u00e1nchez.<\/p>\n\n\n\n<p class=\"wp-block-paragraph\">As\u00ed lo anuncia. Da por hecho acu\u00f1ar el t\u00e9rmino NARCOTERRORISMO.<\/p>\n\n\n\n<p class=\"wp-block-paragraph\">No s\u00f3lo eso, sino concebir el marco legal que defina lo que estos \u00abespecialistas\u00bb definan como Narcoterrorismo.<\/p>\n\n\n\n<p class=\"wp-block-paragraph\">El diputado S\u00e1nchez, obsesionado con una at\u00e1vica frustraci\u00f3n, producida por la pol\u00edtica del ex presidente L\u00f3pez Obrador, denominada \u00ababrazos, no balazos\u00bb, en la que interpreta como muchos de los adversarios de la 4t, que en vez de perseguir a los narcos, los protege, se requiere, seg\u00fan sus argumentos, en un pronunciamiento m\u00e1s dr\u00e1stico.<\/p>\n\n\n\n<p class=\"wp-block-paragraph\">As\u00ed lo consigna en su reciente libro: EL PRIMER SERVIDOR DE LOS CHIHUAHUENSES. Pag.93.<\/p>\n\n\n\n<p class=\"wp-block-paragraph\">Todos deseamos que los tiempos s\u00f3rdidos terminen.<\/p>\n\n\n\n<p class=\"wp-block-paragraph\">Que la justicia prevalezca, y que el crimen sea castigado.<\/p>\n\n\n\n<p class=\"wp-block-paragraph\">Pero si traslapamos los t\u00e9rminos s\u00f3lo para encontrar la justificaci\u00f3n de una fuerza letal externa, que intervenga en nuestro territorio, quiz\u00e1s sea un error.<\/p>\n\n\n\n<p class=\"wp-block-paragraph\">En fin.<\/p>\n\n\n\n<p class=\"wp-block-paragraph\">Yo no soy un especialista en el tema, s\u00f3lo un hombre informado.<\/p>\n\n\n\n<p class=\"wp-block-paragraph\">Y si en el mundo, la definici\u00f3n de TERRORISMO es muy clara, \u00bfPor qu\u00e9 intentar acoplarla ahora a las actividades propias del NARCOIMPERIO?<\/p>\n","protected":false},"excerpt":{"rendered":"<p>Ra\u00fal Ruiz ____________________________ En otras ocasiones, he tratado de clasificar las actividades criminales que nos asolan, con el objeto de tener un cat\u00e1logo del cual echar mano, cuando de violencia se trate el tema a deshebrar. Y entre las muchas categor\u00edas, encontramos a los extorsionadores, a los femincidas, a los tratantes de blancas, traficantes de [&hellip;]<\/p>\n","protected":false},"author":6,"featured_media":43347,"comment_status":"open","ping_status":"open","sticky":false,"template":"","format":"standard","meta":{"_acf_changed":false,"_monsterinsights_skip_tracking":false,"slim_seo":{"title":"Le llamaremos narco terrorismo - Opini\u00f3n P\u00fablica","description":"Ra\u00fal Ruiz ____________________________ En otras ocasiones, he tratado de clasificar las actividades criminales que nos asolan, con el objeto de tener un cat\u00e1log"},"footnotes":""},"categories":[21],"tags":[593],"class_list":["post-52519","post","type-post","status-publish","format-standard","has-post-thumbnail","hentry","category-cartapacio","tag-cartapacio"],"acf":[],"_links":{"self":[{"href":"https:\/\/www.opinionpublica.tv\/portada\/wp-json\/wp\/v2\/posts\/52519","targetHints":{"allow":["GET"]}}],"collection":[{"href":"https:\/\/www.opinionpublica.tv\/portada\/wp-json\/wp\/v2\/posts"}],"about":[{"href":"https:\/\/www.opinionpublica.tv\/portada\/wp-json\/wp\/v2\/types\/post"}],"author":[{"embeddable":true,"href":"https:\/\/www.opinionpublica.tv\/portada\/wp-json\/wp\/v2\/users\/6"}],"replies":[{"embeddable":true,"href":"https:\/\/www.opinionpublica.tv\/portada\/wp-json\/wp\/v2\/comments?post=52519"}],"version-history":[{"count":2,"href":"https:\/\/www.opinionpublica.tv\/portada\/wp-json\/wp\/v2\/posts\/52519\/revisions"}],"predecessor-version":[{"id":52521,"href":"https:\/\/www.opinionpublica.tv\/portada\/wp-json\/wp\/v2\/posts\/52519\/revisions\/52521"}],"wp:featuredmedia":[{"embeddable":true,"href":"https:\/\/www.opinionpublica.tv\/portada\/wp-json\/wp\/v2\/media\/43347"}],"wp:attachment":[{"href":"https:\/\/www.opinionpublica.tv\/portada\/wp-json\/wp\/v2\/media?parent=52519"}],"wp:term":[{"taxonomy":"category","embeddable":true,"href":"https:\/\/www.opinionpublica.tv\/portada\/wp-json\/wp\/v2\/categories?post=52519"},{"taxonomy":"post_tag","embeddable":true,"href":"https:\/\/www.opinionpublica.tv\/portada\/wp-json\/wp\/v2\/tags?post=52519"}],"curies":[{"name":"wp","href":"https:\/\/api.w.org\/{rel}","templated":true}]}}