{"id":52512,"date":"2025-01-31T00:01:00","date_gmt":"2025-01-31T07:01:00","guid":{"rendered":"https:\/\/www.opinionpublica.tv\/portada\/?p=52512"},"modified":"2025-01-30T21:22:18","modified_gmt":"2025-01-31T04:22:18","slug":"lanza-gobierno-del-estado-y-comexus-programa-becas-talento-chihuahua","status":"publish","type":"post","link":"https:\/\/www.opinionpublica.tv\/portada\/lanza-gobierno-del-estado-y-comexus-programa-becas-talento-chihuahua\/","title":{"rendered":"Lanzan Gobierno del Estado y Comexus nuevo programa Becas + Talento Chihuahua"},"content":{"rendered":"\n<figure class=\"wp-block-image size-large\"><img fetchpriority=\"high\" decoding=\"async\" width=\"1024\" height=\"1024\" src=\"https:\/\/www.opinionpublica.tv\/portada\/wp-content\/uploads\/2025\/01\/Lanzan-Gobierno-del-Estado-y-Comexus-nuevo-programa-Becas-Talento-Chihuahua-1024x1024.jpeg\" alt=\"Lanzan Gobierno Del Estado Y Comexus Nuevo Programa Becas + Talento Chihuahua\" class=\"wp-image-52516\" srcset=\"https:\/\/www.opinionpublica.tv\/portada\/wp-content\/uploads\/2025\/01\/Lanzan-Gobierno-del-Estado-y-Comexus-nuevo-programa-Becas-Talento-Chihuahua-1024x1024.jpeg 1024w, https:\/\/www.opinionpublica.tv\/portada\/wp-content\/uploads\/2025\/01\/Lanzan-Gobierno-del-Estado-y-Comexus-nuevo-programa-Becas-Talento-Chihuahua-300x300.jpeg 300w, https:\/\/www.opinionpublica.tv\/portada\/wp-content\/uploads\/2025\/01\/Lanzan-Gobierno-del-Estado-y-Comexus-nuevo-programa-Becas-Talento-Chihuahua-150x150.jpeg 150w, https:\/\/www.opinionpublica.tv\/portada\/wp-content\/uploads\/2025\/01\/Lanzan-Gobierno-del-Estado-y-Comexus-nuevo-programa-Becas-Talento-Chihuahua-768x768.jpeg 768w, https:\/\/www.opinionpublica.tv\/portada\/wp-content\/uploads\/2025\/01\/Lanzan-Gobierno-del-Estado-y-Comexus-nuevo-programa-Becas-Talento-Chihuahua.jpeg 1080w\" sizes=\"(max-width: 1024px) 100vw, 1024px\" \/><\/figure>\n\n\n\n<p class=\"wp-block-paragraph\"><em>Chihuahua, Chih<\/em>.- En un esfuerzo por impulsar el desarrollo acad\u00e9mico y profesional de la juventud, la Secretar\u00eda de Innovaci\u00f3n y Desarrollo Econ\u00f3mico (SIDE) en colaboraci\u00f3n con la Comisi\u00f3n M\u00e9xico-Estados Unidos para el Intercambio Educativo y Cultural (Comexus), present\u00f3 la convocatoria del programa \u00abBecas + Talento Chihuahua\u00bb.<\/p>\n\n\n\n<p class=\"wp-block-paragraph\">Esta estrategia dise\u00f1ada para formar l\u00edderes en \u00e1reas de alta demanda como la inteligencia artificial (IA) y tecnolog\u00edas habilitantes, destinar\u00e1 un presupuesto de 2 millones de pesos para el otorgamiento de 20 becas, para cursar estudios en universidades de Estados Unidos.<\/p>\n\n\n\n<p class=\"wp-block-paragraph\">De dicho monto, el 86 por ciento es aportado por SIDE y el resto, por la Embajada de Estados Unidos en M\u00e9xico.<\/p>\n\n\n\n<p class=\"wp-block-paragraph\">Durante cuatro semanas, las y los seleccionados podr\u00e1n ampliar sus conocimientos, fortalecer sus habilidades t\u00e9cnicas y establecer conexiones internacionales que potencien su desarrollo profesional.<\/p>\n\n\n\n<p class=\"wp-block-paragraph\">La convocatoria permanecer\u00e1 abierta hasta el pr\u00f3ximo 28 de febrero y est\u00e1 dirigida a estudiantes de nivel Superior, que cursan desde el sexto semestre de su carrera y acrediten ingl\u00e9s B2 o superior.<\/p>\n\n\n\n<p class=\"wp-block-paragraph\">Durante la presentaci\u00f3n del proyecto, el secretario de Innovaci\u00f3n y Desarrollo Econ\u00f3mico, Ulises Fern\u00e1ndez Gamboa, destac\u00f3 la importancia de generar las condiciones para la formaci\u00f3n de estudiantes, que adquieran competencias que les permitan acceder a mejores oportunidades laborales.<\/p>\n\n\n\n<p class=\"wp-block-paragraph\">\u00abBuscamos generar mejores condiciones para la empleabilidad de nuestros j\u00f3venes, dot\u00e1ndolos de las competencias necesarias para enfrentar los desaf\u00edos de las industrias futuras. Estas acciones reafirman el compromiso del gobierno estatal con el desarrollo del talento local y su integraci\u00f3n en cadenas de valor globales\u00bb, puntualiz\u00f3.<\/p>\n\n\n\n<p class=\"wp-block-paragraph\">Hazel Blackmore S\u00e1nchez, directora ejecutiva de Comexus, celebr\u00f3 la consolidaci\u00f3n de esta alianza binacional.<\/p>\n\n\n\n<p class=\"wp-block-paragraph\">\u00abBecas + Talento Chihuahua no solo representa una inversi\u00f3n para el futuro de los estudiantes, tambi\u00e9n fortalece la relaci\u00f3n entre M\u00e9xico y Estados Unidos. Es una oportunidad para cerrar la brecha entre las necesidades de la industria y la formaci\u00f3n acad\u00e9mica, asegurando que Chihuahua est\u00e9 a la vanguardia en innovaci\u00f3n y competitividad\u00bb, coment\u00f3.<\/p>\n\n\n\n<p class=\"wp-block-paragraph\">Para informaci\u00f3n sobre requisitos y procesos de solicitud, las y los interesados pueden visitar las p\u00e1ginas del Instituto de Innovaci\u00f3n y Competitividad (i2c.com.mx) y Comexus (comexus.org.mx), o pedir informes a los tel\u00e9fonos 614-231-6189 y 614-239-8083.<\/p>\n","protected":false},"excerpt":{"rendered":"<p>Chihuahua, Chih.- En un esfuerzo por impulsar el desarrollo acad\u00e9mico y profesional de la juventud, la Secretar\u00eda de Innovaci\u00f3n y Desarrollo Econ\u00f3mico (SIDE) en colaboraci\u00f3n con la Comisi\u00f3n M\u00e9xico-Estados Unidos para el Intercambio Educativo y Cultural (Comexus), present\u00f3 la convocatoria del programa \u00abBecas + Talento Chihuahua\u00bb. Esta estrategia dise\u00f1ada para formar l\u00edderes en \u00e1reas de [&hellip;]<\/p>\n","protected":false},"author":6,"featured_media":52516,"comment_status":"open","ping_status":"open","sticky":false,"template":"","format":"standard","meta":{"_acf_changed":false,"_monsterinsights_skip_tracking":false,"slim_seo":{"title":"Lanzan Gobierno del Estado y Comexus nuevo programa Becas + Talento Chihuahua - Opini\u00f3n P\u00fablica","description":"Chihuahua, Chih .- En un esfuerzo por impulsar el desarrollo acad\u00e9mico y profesional de la juventud, la Secretar\u00eda de Innovaci\u00f3n y Desarrollo Econ\u00f3mico (SIDE) e"},"footnotes":""},"categories":[11],"tags":[],"class_list":["post-52512","post","type-post","status-publish","format-standard","has-post-thumbnail","hentry","category-tendencias"],"acf":[],"_links":{"self":[{"href":"https:\/\/www.opinionpublica.tv\/portada\/wp-json\/wp\/v2\/posts\/52512","targetHints":{"allow":["GET"]}}],"collection":[{"href":"https:\/\/www.opinionpublica.tv\/portada\/wp-json\/wp\/v2\/posts"}],"about":[{"href":"https:\/\/www.opinionpublica.tv\/portada\/wp-json\/wp\/v2\/types\/post"}],"author":[{"embeddable":true,"href":"https:\/\/www.opinionpublica.tv\/portada\/wp-json\/wp\/v2\/users\/6"}],"replies":[{"embeddable":true,"href":"https:\/\/www.opinionpublica.tv\/portada\/wp-json\/wp\/v2\/comments?post=52512"}],"version-history":[{"count":3,"href":"https:\/\/www.opinionpublica.tv\/portada\/wp-json\/wp\/v2\/posts\/52512\/revisions"}],"predecessor-version":[{"id":52517,"href":"https:\/\/www.opinionpublica.tv\/portada\/wp-json\/wp\/v2\/posts\/52512\/revisions\/52517"}],"wp:featuredmedia":[{"embeddable":true,"href":"https:\/\/www.opinionpublica.tv\/portada\/wp-json\/wp\/v2\/media\/52516"}],"wp:attachment":[{"href":"https:\/\/www.opinionpublica.tv\/portada\/wp-json\/wp\/v2\/media?parent=52512"}],"wp:term":[{"taxonomy":"category","embeddable":true,"href":"https:\/\/www.opinionpublica.tv\/portada\/wp-json\/wp\/v2\/categories?post=52512"},{"taxonomy":"post_tag","embeddable":true,"href":"https:\/\/www.opinionpublica.tv\/portada\/wp-json\/wp\/v2\/tags?post=52512"}],"curies":[{"name":"wp","href":"https:\/\/api.w.org\/{rel}","templated":true}]}}