{"id":52492,"date":"2025-01-31T00:01:00","date_gmt":"2025-01-31T07:01:00","guid":{"rendered":"https:\/\/www.opinionpublica.tv\/portada\/?p=52492"},"modified":"2025-01-30T21:06:03","modified_gmt":"2025-01-31T04:06:03","slug":"encabeza-alcalde-perez-cuellar-la-premiacion-del-deportista-del-ano-2024","status":"publish","type":"post","link":"https:\/\/www.opinionpublica.tv\/portada\/encabeza-alcalde-perez-cuellar-la-premiacion-del-deportista-del-ano-2024\/","title":{"rendered":"Encabeza el alcalde P\u00e9rez Cu\u00e9llar la premiaci\u00f3n del &#8216;Deportista del A\u00f1o 2024&#8217;"},"content":{"rendered":"\n<figure class=\"wp-block-image size-large\"><img fetchpriority=\"high\" decoding=\"async\" width=\"1024\" height=\"682\" src=\"https:\/\/www.opinionpublica.tv\/portada\/wp-content\/uploads\/2025\/01\/Encabeza-el-alcalde-Perez-Cuellar-la-premiacion-del-Deportista-del-Ano-2024-1024x682.jpeg\" alt=\"Encabeza El Alcalde Pe\u0301rez Cue\u0301llar La Premiacio\u0301n Del 'deportista Del An\u0303o 2024'\" class=\"wp-image-52495\" srcset=\"https:\/\/www.opinionpublica.tv\/portada\/wp-content\/uploads\/2025\/01\/Encabeza-el-alcalde-Perez-Cuellar-la-premiacion-del-Deportista-del-Ano-2024-1024x682.jpeg 1024w, https:\/\/www.opinionpublica.tv\/portada\/wp-content\/uploads\/2025\/01\/Encabeza-el-alcalde-Perez-Cuellar-la-premiacion-del-Deportista-del-Ano-2024-300x200.jpeg 300w, https:\/\/www.opinionpublica.tv\/portada\/wp-content\/uploads\/2025\/01\/Encabeza-el-alcalde-Perez-Cuellar-la-premiacion-del-Deportista-del-Ano-2024-768x512.jpeg 768w, https:\/\/www.opinionpublica.tv\/portada\/wp-content\/uploads\/2025\/01\/Encabeza-el-alcalde-Perez-Cuellar-la-premiacion-del-Deportista-del-Ano-2024-1536x1023.jpeg 1536w, https:\/\/www.opinionpublica.tv\/portada\/wp-content\/uploads\/2025\/01\/Encabeza-el-alcalde-Perez-Cuellar-la-premiacion-del-Deportista-del-Ano-2024.jpeg 1600w\" sizes=\"(max-width: 1024px) 100vw, 1024px\" \/><\/figure>\n\n\n\n<p class=\"wp-block-paragraph\"><em>Ciudad Ju\u00e1rez, Chih<\/em>.- El presidente municipal, Cruz P\u00e9rez Cu\u00e9llar, encabez\u00f3 la premiaci\u00f3n del Deportista del A\u00f1o 2024, el cual se otorg\u00f3 al jugador de taekwondo Clemente Lara Palomino.<\/p>\n\n\n\n<p class=\"wp-block-paragraph\">En sesi\u00f3n solemne de Cabildo se otorg\u00f3 un reconocimiento al ganador al igual que un estimulo econ\u00f3mico.<\/p>\n\n\n\n<p class=\"wp-block-paragraph\">El alcalde felicit\u00f3 a los galardonados en diferentes disciplinas por su esfuerzo, quienes han encontrado en el deporte una forma de crecimiento.<\/p>\n\n\n\n<p class=\"wp-block-paragraph\">La disciplina que llevan es una forma de unir a la comunidad con el trabajo en equipo, la resiliencia y el respeto; los ganadores son un ejemplo para seguir, indic\u00f3.<\/p>\n\n\n\n<p class=\"wp-block-paragraph\">\u00abQuiero hacer un reconocimiento muy especial al deportista del a\u00f1o Clemente Lara Palomino, por su fortaleza y liderazgo dentro y fuera del \u00e1mbito deportivo. El a\u00f1o pasado obtuvo seis medallas en diversas competencias\u00bb, expres\u00f3.<\/p>\n\n\n\n<p class=\"wp-block-paragraph\">Destac\u00f3 que esto significa que para alcanzar el \u00e9xito, adem\u00e1s del talento, es importante la constancia, ya que sus logros son muestra de su car\u00e1cter y representa una ciudad unida que lo respalda.<\/p>\n\n\n\n<p class=\"wp-block-paragraph\">Lara Palomino agradeci\u00f3 al alcalde P\u00e9rez Cu\u00e9llar por su apoyo al deporte y compromiso con la comunidad.<\/p>\n\n\n\n<p class=\"wp-block-paragraph\">Agradeci\u00f3 tambi\u00e9n a los regidores de la Comisi\u00f3n Edilicia del Deporte y Cultura F\u00edsica, ya que han sido clave en su desarrollo.<\/p>\n\n\n\n<p class=\"wp-block-paragraph\">Dio las gracias tambi\u00e9n a su maestro Francisco Lozoya por sus ense\u00f1anzas y paciencia, al igual que a sus padres, amigos y compa\u00f1eros, ya que sin ellos no habr\u00eda recorrido ese camino.<\/p>\n\n\n\n<p class=\"wp-block-paragraph\">Juan Escalante, director del Instituto Municipal del Deporte y Cultura F\u00edsica del Municipio de Ju\u00e1rez, dijo que es importante seguir apoyando el talento deportivo de los juarenses.<\/p>\n\n\n\n<p class=\"wp-block-paragraph\">Coment\u00f3 que todos los deportistas son perseverantes y competitivos; han mostrado su entrega para poner en alto el nombre de nuestra ciudad.<\/p>\n\n\n\n<p class=\"wp-block-paragraph\">Se\u00f1al\u00f3 que es importante seguir activando a la poblaci\u00f3n a trav\u00e9s del deporte en diferentes disciplinas.<\/p>\n\n\n\n<p class=\"wp-block-paragraph\">El acto protocolario fue en el Auditorio C\u00edvico Municipal Benito Ju\u00e1rez, ubicado en la calle Ignacio Ram\u00edrez.<\/p>\n\n\n\n<p class=\"wp-block-paragraph\"><\/p>\n","protected":false},"excerpt":{"rendered":"<p>Ciudad Ju\u00e1rez, Chih.- El presidente municipal, Cruz P\u00e9rez Cu\u00e9llar, encabez\u00f3 la premiaci\u00f3n del Deportista del A\u00f1o 2024, el cual se otorg\u00f3 al jugador de taekwondo Clemente Lara Palomino. En sesi\u00f3n solemne de Cabildo se otorg\u00f3 un reconocimiento al ganador al igual que un estimulo econ\u00f3mico. El alcalde felicit\u00f3 a los galardonados en diferentes disciplinas por [&hellip;]<\/p>\n","protected":false},"author":6,"featured_media":52495,"comment_status":"open","ping_status":"open","sticky":false,"template":"","format":"standard","meta":{"_acf_changed":false,"_monsterinsights_skip_tracking":false,"slim_seo":{"title":"Encabeza el alcalde P\u00e9rez Cu\u00e9llar la premiaci\u00f3n del 'Deportista del A\u00f1o 2024' - Opini\u00f3n P\u00fablica","description":"Ciudad Ju\u00e1rez, Chih .- El presidente municipal, Cruz P\u00e9rez Cu\u00e9llar, encabez\u00f3 la premiaci\u00f3n del Deportista del A\u00f1o 2024, el cual se otorg\u00f3 al jugador de taekwond"},"footnotes":""},"categories":[41],"tags":[],"class_list":["post-52492","post","type-post","status-publish","format-standard","has-post-thumbnail","hentry","category-juarez"],"acf":[],"_links":{"self":[{"href":"https:\/\/www.opinionpublica.tv\/portada\/wp-json\/wp\/v2\/posts\/52492","targetHints":{"allow":["GET"]}}],"collection":[{"href":"https:\/\/www.opinionpublica.tv\/portada\/wp-json\/wp\/v2\/posts"}],"about":[{"href":"https:\/\/www.opinionpublica.tv\/portada\/wp-json\/wp\/v2\/types\/post"}],"author":[{"embeddable":true,"href":"https:\/\/www.opinionpublica.tv\/portada\/wp-json\/wp\/v2\/users\/6"}],"replies":[{"embeddable":true,"href":"https:\/\/www.opinionpublica.tv\/portada\/wp-json\/wp\/v2\/comments?post=52492"}],"version-history":[{"count":2,"href":"https:\/\/www.opinionpublica.tv\/portada\/wp-json\/wp\/v2\/posts\/52492\/revisions"}],"predecessor-version":[{"id":52496,"href":"https:\/\/www.opinionpublica.tv\/portada\/wp-json\/wp\/v2\/posts\/52492\/revisions\/52496"}],"wp:featuredmedia":[{"embeddable":true,"href":"https:\/\/www.opinionpublica.tv\/portada\/wp-json\/wp\/v2\/media\/52495"}],"wp:attachment":[{"href":"https:\/\/www.opinionpublica.tv\/portada\/wp-json\/wp\/v2\/media?parent=52492"}],"wp:term":[{"taxonomy":"category","embeddable":true,"href":"https:\/\/www.opinionpublica.tv\/portada\/wp-json\/wp\/v2\/categories?post=52492"},{"taxonomy":"post_tag","embeddable":true,"href":"https:\/\/www.opinionpublica.tv\/portada\/wp-json\/wp\/v2\/tags?post=52492"}],"curies":[{"name":"wp","href":"https:\/\/api.w.org\/{rel}","templated":true}]}}