{"id":52388,"date":"2025-01-29T00:01:00","date_gmt":"2025-01-29T07:01:00","guid":{"rendered":"https:\/\/www.opinionpublica.tv\/portada\/?p=52388"},"modified":"2025-01-28T22:21:31","modified_gmt":"2025-01-29T05:21:31","slug":"gobernadora-pide-colaboracion-interinstitucional-para-enfrentar-retos-de-seguridad","status":"publish","type":"post","link":"https:\/\/www.opinionpublica.tv\/portada\/gobernadora-pide-colaboracion-interinstitucional-para-enfrentar-retos-de-seguridad\/","title":{"rendered":"Pide Maru colaboraci\u00f3n interinstitucional para enfrentar retos de seguridad"},"content":{"rendered":"\n<figure class=\"wp-block-image size-full\"><img fetchpriority=\"high\" decoding=\"async\" width=\"800\" height=\"500\" src=\"https:\/\/www.opinionpublica.tv\/portada\/wp-content\/uploads\/2025\/01\/Pide-Maru-colaboracion-interinstitucional-para-enfrentar-retos-de-seguridad.jpeg\" alt=\"Pide Maru Colaboracio\u0301n Interinstitucional Para Enfrentar Retos De Seguridad\" class=\"wp-image-52391\" srcset=\"https:\/\/www.opinionpublica.tv\/portada\/wp-content\/uploads\/2025\/01\/Pide-Maru-colaboracion-interinstitucional-para-enfrentar-retos-de-seguridad.jpeg 800w, https:\/\/www.opinionpublica.tv\/portada\/wp-content\/uploads\/2025\/01\/Pide-Maru-colaboracion-interinstitucional-para-enfrentar-retos-de-seguridad-300x188.jpeg 300w, https:\/\/www.opinionpublica.tv\/portada\/wp-content\/uploads\/2025\/01\/Pide-Maru-colaboracion-interinstitucional-para-enfrentar-retos-de-seguridad-768x480.jpeg 768w\" sizes=\"(max-width: 800px) 100vw, 800px\" \/><\/figure>\n\n\n\n<p><em>Ciudad Ju\u00e1rez, Chih<\/em>.- La gobernadora Maru Campos reiter\u00f3 que existe la voluntad y compromiso de su administraci\u00f3n, de colaborar de manera interinstitucional con los diferentes niveles de Gobierno y la sociedad, para enfrentar los retos que tienen Chihuahua y el pa\u00eds en materia de seguridad.<\/p>\n\n\n\n<p>Al presidir la XXIX Sesi\u00f3n del Consejo Estatal de Seguridad celebrada en Ciudad Ju\u00e1rez, dijo que su Gobierno suma esfuerzos en coordinaci\u00f3n con la Estrategia Nacional de Seguridad, que encabeza la presidenta Claudia Sheinbaum.<\/p>\n\n\n\n<p>Especialmente, abund\u00f3, ante las recientes acciones implementadas por las autoridades estadounidenses que han generado incertidumbre en los estados fronterizos.<\/p>\n\n\n\n<p>Record\u00f3 que, a trav\u00e9s de la implementaci\u00f3n del Plan Estatal de Seguridad del Gobierno del Estado, se han disminuido los \u00edndices de criminalidad en la entidad, se ha fortalecido a las instituciones y dignificado a las corporaciones p\u00fablicas.<\/p>\n\n\n\n<p>Como parte del evento, junto a autoridades de los distintos niveles de Gobierno y del director general de asuntos jur\u00eddicos, del Secretariado Ejecutivo del Sistema Nacional de Seguridad P\u00fablica, Miguel \u00c1ngel Gonz\u00e1lez Mu\u00f1oz, tom\u00f3 protesta a los nuevos integrantes del Consejo.<\/p>\n\n\n\n<p>A los miembros del organismo, record\u00f3 la importante labor que tienen para coordinar, planear, y desarrollar programas y acciones que garanticen la paz y la tranquilidad de la poblaci\u00f3n.<\/p>\n\n\n\n<p>\u201cTenemos la misma causa, caminemos juntos en tiempos dif\u00edciles, en tiempos de muchos retos, de muchos obst\u00e1culos. Vamos a trabajar juntos porque tenemos mucho por delante\u201d, expres\u00f3 la titular del Ejecutivo a las y los asistentes.<\/p>\n\n\n\n<p>El Consejo es conformado por los alcaldes de los 67 municipios, representantes de la sociedad civil, organismos empresariales, miembros de la academia, as\u00ed como por directores de seguridad p\u00fablica, y por representantes de la Guardia Nacional y de las fuerzas armadas.<\/p>\n","protected":false},"excerpt":{"rendered":"<p>Ciudad Ju\u00e1rez, Chih.- La gobernadora Maru Campos reiter\u00f3 que existe la voluntad y compromiso de su administraci\u00f3n, de colaborar de manera interinstitucional con los diferentes niveles de Gobierno y la sociedad, para enfrentar los retos que tienen Chihuahua y el pa\u00eds en materia de seguridad. Al presidir la XXIX Sesi\u00f3n del Consejo Estatal de Seguridad [&hellip;]<\/p>\n","protected":false},"author":6,"featured_media":52391,"comment_status":"open","ping_status":"open","sticky":false,"template":"","format":"standard","meta":{"_acf_changed":false,"_monsterinsights_skip_tracking":false,"_monsterinsights_sitenote_active":false,"_monsterinsights_sitenote_note":"","_monsterinsights_sitenote_category":0,"slim_seo":{"title":"Pide Maru colaboraci\u00f3n interinstitucional para enfrentar retos de seguridad - Opini\u00f3n P\u00fablica","description":"Ciudad Ju\u00e1rez, Chih .- La gobernadora Maru Campos reiter\u00f3 que existe la voluntad y compromiso de su administraci\u00f3n, de colaborar de manera interinstitucional co"},"footnotes":""},"categories":[11],"tags":[],"class_list":["post-52388","post","type-post","status-publish","format-standard","has-post-thumbnail","hentry","category-tendencias"],"acf":[],"_links":{"self":[{"href":"https:\/\/www.opinionpublica.tv\/portada\/wp-json\/wp\/v2\/posts\/52388","targetHints":{"allow":["GET"]}}],"collection":[{"href":"https:\/\/www.opinionpublica.tv\/portada\/wp-json\/wp\/v2\/posts"}],"about":[{"href":"https:\/\/www.opinionpublica.tv\/portada\/wp-json\/wp\/v2\/types\/post"}],"author":[{"embeddable":true,"href":"https:\/\/www.opinionpublica.tv\/portada\/wp-json\/wp\/v2\/users\/6"}],"replies":[{"embeddable":true,"href":"https:\/\/www.opinionpublica.tv\/portada\/wp-json\/wp\/v2\/comments?post=52388"}],"version-history":[{"count":3,"href":"https:\/\/www.opinionpublica.tv\/portada\/wp-json\/wp\/v2\/posts\/52388\/revisions"}],"predecessor-version":[{"id":52392,"href":"https:\/\/www.opinionpublica.tv\/portada\/wp-json\/wp\/v2\/posts\/52388\/revisions\/52392"}],"wp:featuredmedia":[{"embeddable":true,"href":"https:\/\/www.opinionpublica.tv\/portada\/wp-json\/wp\/v2\/media\/52391"}],"wp:attachment":[{"href":"https:\/\/www.opinionpublica.tv\/portada\/wp-json\/wp\/v2\/media?parent=52388"}],"wp:term":[{"taxonomy":"category","embeddable":true,"href":"https:\/\/www.opinionpublica.tv\/portada\/wp-json\/wp\/v2\/categories?post=52388"},{"taxonomy":"post_tag","embeddable":true,"href":"https:\/\/www.opinionpublica.tv\/portada\/wp-json\/wp\/v2\/tags?post=52388"}],"curies":[{"name":"wp","href":"https:\/\/api.w.org\/{rel}","templated":true}]}}