{"id":52382,"date":"2025-01-29T00:01:00","date_gmt":"2025-01-29T07:01:00","guid":{"rendered":"https:\/\/www.opinionpublica.tv\/portada\/?p=52382"},"modified":"2025-01-28T22:16:13","modified_gmt":"2025-01-29T05:16:13","slug":"alcalde-perez-cuellar-representara-a-chihuahua-en-comision-nacional-de-seguridad","status":"publish","type":"post","link":"https:\/\/www.opinionpublica.tv\/portada\/alcalde-perez-cuellar-representara-a-chihuahua-en-comision-nacional-de-seguridad\/","title":{"rendered":"P\u00e9rez Cu\u00e9llar representar\u00e1 a Chihuahua en la Comisi\u00f3n Nacional de Seguridad"},"content":{"rendered":"\n<figure class=\"wp-block-image size-large\"><img fetchpriority=\"high\" decoding=\"async\" width=\"1024\" height=\"682\" src=\"https:\/\/www.opinionpublica.tv\/portada\/wp-content\/uploads\/2025\/01\/Perez-Cuellar-representara-a-Chihuahua-en-la-Comision-Nacional-de-Seguridad-1024x682.jpeg\" alt=\"Pe\u0301rez Cue\u0301llar Representara\u0301 A Chihuahua En La Comisio\u0301n Nacional De Seguridad\" class=\"wp-image-52386\" srcset=\"https:\/\/www.opinionpublica.tv\/portada\/wp-content\/uploads\/2025\/01\/Perez-Cuellar-representara-a-Chihuahua-en-la-Comision-Nacional-de-Seguridad-1024x682.jpeg 1024w, https:\/\/www.opinionpublica.tv\/portada\/wp-content\/uploads\/2025\/01\/Perez-Cuellar-representara-a-Chihuahua-en-la-Comision-Nacional-de-Seguridad-300x200.jpeg 300w, https:\/\/www.opinionpublica.tv\/portada\/wp-content\/uploads\/2025\/01\/Perez-Cuellar-representara-a-Chihuahua-en-la-Comision-Nacional-de-Seguridad-768x512.jpeg 768w, https:\/\/www.opinionpublica.tv\/portada\/wp-content\/uploads\/2025\/01\/Perez-Cuellar-representara-a-Chihuahua-en-la-Comision-Nacional-de-Seguridad-1536x1023.jpeg 1536w, https:\/\/www.opinionpublica.tv\/portada\/wp-content\/uploads\/2025\/01\/Perez-Cuellar-representara-a-Chihuahua-en-la-Comision-Nacional-de-Seguridad.jpeg 1600w\" sizes=\"(max-width: 1024px) 100vw, 1024px\" \/><\/figure>\n\n\n\n<p><em>Ciudad Ju\u00e1rez, Chih<\/em>.- Durante la XXIX reuni\u00f3n ordinaria del Consejo Estatal de Seguridad P\u00fablica, el presidente municipal, Cruz P\u00e9rez Cu\u00e9llar, fue designado como representante del mismo ante la Comisi\u00f3n Nacional de Seguridad P\u00fablica.<\/p>\n\n\n\n<p>El encuentro, que se llev\u00f3 a cabo en esta ciudad, fue con la finalidad de revisar las estrategias y analizar las propuestas para lograr una mayor tranquilidad en el estado de Chihuahua.<\/p>\n\n\n\n<p>La gobernadora Mar\u00eda Eugenia Campos Galv\u00e1n precis\u00f3 que es importante que sigan trabajando en conjunto los tres \u00f3rdenes de Gobierno para tener mejores resultados.<\/p>\n\n\n\n<p>Refiri\u00f3 que continuar\u00e1n atentos ante Las situaciones de emergencia que se presenten, casos como la situaci\u00f3n migratoria y se apoyar\u00e1 a que las personas en condici\u00f3n de movilidad regresen a sus destinos con bien.<\/p>\n\n\n\n<p>El titular de la Secretar\u00eda de Seguridad P\u00fablica Estatal, Gilberto Loya Ch\u00e1vez, dio a conocer que el Gobierno del Estado ha apostado en poner el centro de mando en esta frontera con la torre Centinela.<\/p>\n\n\n\n<p>En el evento, efectuado en el Centro de Convenciones Cibeles, estuvieron tambi\u00e9n Elizabeth Guzm\u00e1n Argueta, presidenta del Congreso del Estado; Rosa Isela Gayt\u00e1n Diaz, subsecretaria de Participaci\u00f3n Ciudadana y Prevenci\u00f3n de Delito; el Magistrado Filiberto Terrazas y los alcaldes de 13 municipios.<\/p>\n\n\n\n<p>Al igual que Ra\u00fal de Le\u00f3n Apraez, titular del Fideicomiso para la Competitividad y Seguridad Ciudadana (FICOSEC) y Rogelio Gonz\u00e1lez, presidente de la Asociaci\u00f3n de Hoteles y Moteles, as\u00ed como autoridades militares y representantes de organizaciones civiles.<\/p>\n","protected":false},"excerpt":{"rendered":"<p>Ciudad Ju\u00e1rez, Chih.- Durante la XXIX reuni\u00f3n ordinaria del Consejo Estatal de Seguridad P\u00fablica, el presidente municipal, Cruz P\u00e9rez Cu\u00e9llar, fue designado como representante del mismo ante la Comisi\u00f3n Nacional de Seguridad P\u00fablica. El encuentro, que se llev\u00f3 a cabo en esta ciudad, fue con la finalidad de revisar las estrategias y analizar las propuestas [&hellip;]<\/p>\n","protected":false},"author":6,"featured_media":52386,"comment_status":"open","ping_status":"open","sticky":false,"template":"","format":"standard","meta":{"_acf_changed":false,"_monsterinsights_skip_tracking":false,"_monsterinsights_sitenote_active":false,"_monsterinsights_sitenote_note":"","_monsterinsights_sitenote_category":0,"slim_seo":{"title":"P\u00e9rez Cu\u00e9llar representar\u00e1 a Chihuahua en la Comisi\u00f3n Nacional de Seguridad - Opini\u00f3n P\u00fablica","description":"Ciudad Ju\u00e1rez, Chih .- Durante la XXIX reuni\u00f3n ordinaria del Consejo Estatal de Seguridad P\u00fablica, el presidente municipal, Cruz P\u00e9rez Cu\u00e9llar, fue designado co"},"footnotes":""},"categories":[41],"tags":[],"class_list":["post-52382","post","type-post","status-publish","format-standard","has-post-thumbnail","hentry","category-juarez"],"acf":[],"_links":{"self":[{"href":"https:\/\/www.opinionpublica.tv\/portada\/wp-json\/wp\/v2\/posts\/52382","targetHints":{"allow":["GET"]}}],"collection":[{"href":"https:\/\/www.opinionpublica.tv\/portada\/wp-json\/wp\/v2\/posts"}],"about":[{"href":"https:\/\/www.opinionpublica.tv\/portada\/wp-json\/wp\/v2\/types\/post"}],"author":[{"embeddable":true,"href":"https:\/\/www.opinionpublica.tv\/portada\/wp-json\/wp\/v2\/users\/6"}],"replies":[{"embeddable":true,"href":"https:\/\/www.opinionpublica.tv\/portada\/wp-json\/wp\/v2\/comments?post=52382"}],"version-history":[{"count":3,"href":"https:\/\/www.opinionpublica.tv\/portada\/wp-json\/wp\/v2\/posts\/52382\/revisions"}],"predecessor-version":[{"id":52387,"href":"https:\/\/www.opinionpublica.tv\/portada\/wp-json\/wp\/v2\/posts\/52382\/revisions\/52387"}],"wp:featuredmedia":[{"embeddable":true,"href":"https:\/\/www.opinionpublica.tv\/portada\/wp-json\/wp\/v2\/media\/52386"}],"wp:attachment":[{"href":"https:\/\/www.opinionpublica.tv\/portada\/wp-json\/wp\/v2\/media?parent=52382"}],"wp:term":[{"taxonomy":"category","embeddable":true,"href":"https:\/\/www.opinionpublica.tv\/portada\/wp-json\/wp\/v2\/categories?post=52382"},{"taxonomy":"post_tag","embeddable":true,"href":"https:\/\/www.opinionpublica.tv\/portada\/wp-json\/wp\/v2\/tags?post=52382"}],"curies":[{"name":"wp","href":"https:\/\/api.w.org\/{rel}","templated":true}]}}