{"id":52376,"date":"2025-01-29T00:01:00","date_gmt":"2025-01-29T07:01:00","guid":{"rendered":"https:\/\/www.opinionpublica.tv\/portada\/?p=52376"},"modified":"2025-01-28T22:11:48","modified_gmt":"2025-01-29T05:11:48","slug":"mantienen-recorridos-nocturnos-para-resguardar-a-personas-en-situacion-de-calle","status":"publish","type":"post","link":"https:\/\/www.opinionpublica.tv\/portada\/mantienen-recorridos-nocturnos-para-resguardar-a-personas-en-situacion-de-calle\/","title":{"rendered":"Se mantienen los recorridos nocturnos para resguardar a personas en situaci\u00f3n de calle"},"content":{"rendered":"\n<figure class=\"wp-block-image size-large\"><img fetchpriority=\"high\" decoding=\"async\" width=\"1024\" height=\"768\" src=\"https:\/\/www.opinionpublica.tv\/portada\/wp-content\/uploads\/2025\/01\/Mantienen-los-recorridos-nocturnos-para-resguardar-a-personas-en-situacion-de-calle-1024x768.jpeg\" alt=\"Mantienen Los Recorridos Nocturnos Para Resguardar A Personas En Situacio\u0301n De Calle\" class=\"wp-image-52379\" srcset=\"https:\/\/www.opinionpublica.tv\/portada\/wp-content\/uploads\/2025\/01\/Mantienen-los-recorridos-nocturnos-para-resguardar-a-personas-en-situacion-de-calle-1024x768.jpeg 1024w, https:\/\/www.opinionpublica.tv\/portada\/wp-content\/uploads\/2025\/01\/Mantienen-los-recorridos-nocturnos-para-resguardar-a-personas-en-situacion-de-calle-300x225.jpeg 300w, https:\/\/www.opinionpublica.tv\/portada\/wp-content\/uploads\/2025\/01\/Mantienen-los-recorridos-nocturnos-para-resguardar-a-personas-en-situacion-de-calle-768x576.jpeg 768w, https:\/\/www.opinionpublica.tv\/portada\/wp-content\/uploads\/2025\/01\/Mantienen-los-recorridos-nocturnos-para-resguardar-a-personas-en-situacion-de-calle-1536x1152.jpeg 1536w, https:\/\/www.opinionpublica.tv\/portada\/wp-content\/uploads\/2025\/01\/Mantienen-los-recorridos-nocturnos-para-resguardar-a-personas-en-situacion-de-calle.jpeg 1600w\" sizes=\"(max-width: 1024px) 100vw, 1024px\" \/><\/figure>\n\n\n\n<p><em>Ciudad Ju\u00e1rez, Chih<\/em>.- El personal de la Direcci\u00f3n de Protecci\u00f3n Civil mantiene sus recorridos nocturnos con el objetivo de detectar a personas en situaci\u00f3n de calle y llevarlas a un albergue para protegerlas de las bajas temperaturas, dio a conocer el titular de la dependencia, Sergio Rodr\u00edguez.<\/p>\n\n\n\n<p>Coment\u00f3 que durante la \u00faltima jornada se traslad\u00f3 a tres personas al refugio temporal invernal El Barreal, situado a un costado del Monumento a Benito Ju\u00e1rez, en donde recibieron atenci\u00f3n junto con otras gentes, para un total de 66 atendidas, de las cuales 56 eran hombres y 10 mujeres.<\/p>\n\n\n\n<p>Estas acciones forman parte del operativo de temporada invernal, cuyo prop\u00f3sito es salvaguardar la integridad de quienes se encuentran expuestos a las condiciones clim\u00e1ticas adversas, indic\u00f3.<\/p>\n\n\n\n<p>El director de Protecci\u00f3n Civil reiter\u00f3 su compromiso de continuar con estos recorridos y exhort\u00f3 a la ciudadan\u00eda a reportar casos de personas en vulnerabilidad para brindarles la atenci\u00f3n necesaria.<\/p>\n","protected":false},"excerpt":{"rendered":"<p>Ciudad Ju\u00e1rez, Chih.- El personal de la Direcci\u00f3n de Protecci\u00f3n Civil mantiene sus recorridos nocturnos con el objetivo de detectar a personas en situaci\u00f3n de calle y llevarlas a un albergue para protegerlas de las bajas temperaturas, dio a conocer el titular de la dependencia, Sergio Rodr\u00edguez. Coment\u00f3 que durante la \u00faltima jornada se traslad\u00f3 [&hellip;]<\/p>\n","protected":false},"author":6,"featured_media":52379,"comment_status":"open","ping_status":"open","sticky":false,"template":"","format":"standard","meta":{"_acf_changed":false,"_monsterinsights_skip_tracking":false,"_monsterinsights_sitenote_active":false,"_monsterinsights_sitenote_note":"","_monsterinsights_sitenote_category":0,"slim_seo":{"title":"Se mantienen los recorridos nocturnos para resguardar a personas en situaci\u00f3n de calle - Opini\u00f3n P\u00fablica","description":"Ciudad Ju\u00e1rez, Chih .- El personal de la Direcci\u00f3n de Protecci\u00f3n Civil mantiene sus recorridos nocturnos con el objetivo de detectar a personas en situaci\u00f3n de"},"footnotes":""},"categories":[41],"tags":[],"class_list":["post-52376","post","type-post","status-publish","format-standard","has-post-thumbnail","hentry","category-juarez"],"acf":[],"_links":{"self":[{"href":"https:\/\/www.opinionpublica.tv\/portada\/wp-json\/wp\/v2\/posts\/52376","targetHints":{"allow":["GET"]}}],"collection":[{"href":"https:\/\/www.opinionpublica.tv\/portada\/wp-json\/wp\/v2\/posts"}],"about":[{"href":"https:\/\/www.opinionpublica.tv\/portada\/wp-json\/wp\/v2\/types\/post"}],"author":[{"embeddable":true,"href":"https:\/\/www.opinionpublica.tv\/portada\/wp-json\/wp\/v2\/users\/6"}],"replies":[{"embeddable":true,"href":"https:\/\/www.opinionpublica.tv\/portada\/wp-json\/wp\/v2\/comments?post=52376"}],"version-history":[{"count":3,"href":"https:\/\/www.opinionpublica.tv\/portada\/wp-json\/wp\/v2\/posts\/52376\/revisions"}],"predecessor-version":[{"id":52381,"href":"https:\/\/www.opinionpublica.tv\/portada\/wp-json\/wp\/v2\/posts\/52376\/revisions\/52381"}],"wp:featuredmedia":[{"embeddable":true,"href":"https:\/\/www.opinionpublica.tv\/portada\/wp-json\/wp\/v2\/media\/52379"}],"wp:attachment":[{"href":"https:\/\/www.opinionpublica.tv\/portada\/wp-json\/wp\/v2\/media?parent=52376"}],"wp:term":[{"taxonomy":"category","embeddable":true,"href":"https:\/\/www.opinionpublica.tv\/portada\/wp-json\/wp\/v2\/categories?post=52376"},{"taxonomy":"post_tag","embeddable":true,"href":"https:\/\/www.opinionpublica.tv\/portada\/wp-json\/wp\/v2\/tags?post=52376"}],"curies":[{"name":"wp","href":"https:\/\/api.w.org\/{rel}","templated":true}]}}