{"id":52370,"date":"2025-01-29T00:01:00","date_gmt":"2025-01-29T07:01:00","guid":{"rendered":"https:\/\/www.opinionpublica.tv\/portada\/?p=52370"},"modified":"2025-01-28T22:08:16","modified_gmt":"2025-01-29T05:08:16","slug":"video-evangelio-de-hoy-miercoles-29-de-enero-de-2025","status":"publish","type":"post","link":"https:\/\/www.opinionpublica.tv\/portada\/video-evangelio-de-hoy-miercoles-29-de-enero-de-2025\/","title":{"rendered":"Video: El Evangelio de hoy, mi\u00e9rcoles 29 de enero de 2025"},"content":{"rendered":"\n<figure class=\"wp-block-embed is-type-video is-provider-youtube wp-block-embed-youtube wp-embed-aspect-16-9 wp-has-aspect-ratio\"><div class=\"wp-block-embed__wrapper\">\n<iframe title=\"Evangelio de Hoy Miercoles 29 de Enero de 2025 | REFLEXI\u00d3N | Red Catolica\" width=\"800\" height=\"450\" src=\"https:\/\/www.youtube.com\/embed\/R9UCgDBUlsI?feature=oembed\" frameborder=\"0\" allow=\"accelerometer; autoplay; clipboard-write; encrypted-media; gyroscope; picture-in-picture; web-share\" referrerpolicy=\"strict-origin-when-cross-origin\" allowfullscreen><\/iframe>\n<\/div><\/figure>\n\n\n\n<p><em>\u00abDar\u00e1 a luz un hijo, y t\u00fa le pondr\u00e1s por nombre Jes\u00fas\u00bb. Mt 1, 18-24.<\/em><\/p>\n\n\n\n<p><strong>Reflexiones para este mi\u00e9rcoles<\/strong><\/p>\n\n\n\n<p>1. Se\u00f1or, dame el esp\u00edritu generoso y obediente de san Jos\u00e9 para vivir mi vocaci\u00f3n cristiana con esa misma magnanimidad.<\/p>\n\n\n\n<p>2. Con una brevedad telegr\u00e1fica, San Mateo nos cuenta en diez vers\u00edculos lo que ocurri\u00f3 desde la concepci\u00f3n al nacimiento de Jes\u00fas.<\/p>\n\n\n\n<p>3. Llama la atenci\u00f3n que lo que resalta de este per\u00edodo, a diferencia de San Lucas, es la dif\u00edcil situaci\u00f3n en que se encontr\u00f3 Jos\u00e9.<\/p>\n","protected":false},"excerpt":{"rendered":"<p>\u00abDar\u00e1 a luz un hijo, y t\u00fa le pondr\u00e1s por nombre Jes\u00fas\u00bb. Mt 1, 18-24. Reflexiones para este mi\u00e9rcoles 1. Se\u00f1or, dame el esp\u00edritu generoso y obediente de san Jos\u00e9 para vivir mi vocaci\u00f3n cristiana con esa misma magnanimidad. 2. Con una brevedad telegr\u00e1fica, San Mateo nos cuenta en diez vers\u00edculos lo que ocurri\u00f3 desde [&hellip;]<\/p>\n","protected":false},"author":6,"featured_media":52374,"comment_status":"open","ping_status":"open","sticky":false,"template":"","format":"standard","meta":{"_acf_changed":false,"_monsterinsights_skip_tracking":false,"_monsterinsights_sitenote_active":false,"_monsterinsights_sitenote_note":"","_monsterinsights_sitenote_category":0,"slim_seo":{"title":"Video: El Evangelio de hoy, mi\u00e9rcoles 29 de enero de 2025 - Opini\u00f3n P\u00fablica","description":"https:\/\/youtu.be\/R9UCgDBUlsI?si=wRDDk8QBLUmAAdDr \"Dar\u00e1 a luz un hijo, y t\u00fa le pondr\u00e1s por nombre Jes\u00fas\". Mt 1, 18-24. Reflexiones para este mi\u00e9rcoles 1. Se\u00f1or,"},"footnotes":""},"categories":[2,13,8],"tags":[],"class_list":["post-52370","post","type-post","status-publish","format-standard","has-post-thumbnail","hentry","category-videos-destacados","category-videos-destacados-contenido","category-videos"],"acf":[],"_links":{"self":[{"href":"https:\/\/www.opinionpublica.tv\/portada\/wp-json\/wp\/v2\/posts\/52370","targetHints":{"allow":["GET"]}}],"collection":[{"href":"https:\/\/www.opinionpublica.tv\/portada\/wp-json\/wp\/v2\/posts"}],"about":[{"href":"https:\/\/www.opinionpublica.tv\/portada\/wp-json\/wp\/v2\/types\/post"}],"author":[{"embeddable":true,"href":"https:\/\/www.opinionpublica.tv\/portada\/wp-json\/wp\/v2\/users\/6"}],"replies":[{"embeddable":true,"href":"https:\/\/www.opinionpublica.tv\/portada\/wp-json\/wp\/v2\/comments?post=52370"}],"version-history":[{"count":3,"href":"https:\/\/www.opinionpublica.tv\/portada\/wp-json\/wp\/v2\/posts\/52370\/revisions"}],"predecessor-version":[{"id":52375,"href":"https:\/\/www.opinionpublica.tv\/portada\/wp-json\/wp\/v2\/posts\/52370\/revisions\/52375"}],"wp:featuredmedia":[{"embeddable":true,"href":"https:\/\/www.opinionpublica.tv\/portada\/wp-json\/wp\/v2\/media\/52374"}],"wp:attachment":[{"href":"https:\/\/www.opinionpublica.tv\/portada\/wp-json\/wp\/v2\/media?parent=52370"}],"wp:term":[{"taxonomy":"category","embeddable":true,"href":"https:\/\/www.opinionpublica.tv\/portada\/wp-json\/wp\/v2\/categories?post=52370"},{"taxonomy":"post_tag","embeddable":true,"href":"https:\/\/www.opinionpublica.tv\/portada\/wp-json\/wp\/v2\/tags?post=52370"}],"curies":[{"name":"wp","href":"https:\/\/api.w.org\/{rel}","templated":true}]}}