{"id":52367,"date":"2025-01-29T00:01:00","date_gmt":"2025-01-29T07:01:00","guid":{"rendered":"https:\/\/www.opinionpublica.tv\/portada\/?p=52367"},"modified":"2025-01-28T22:02:50","modified_gmt":"2025-01-29T05:02:50","slug":"nuevo-consejo-directivo-index-juarez","status":"publish","type":"post","link":"https:\/\/www.opinionpublica.tv\/portada\/nuevo-consejo-directivo-index-juarez\/","title":{"rendered":"Nuevo Consejo Directivo Index Ju\u00e1rez"},"content":{"rendered":"\n<h4 class=\"wp-block-heading\">Ra\u00fal Ruiz<\/h4>\n\n\n\n<p>___________________________<\/p>\n\n\n\n<p>Ayer por la ma\u00f1ana, tom\u00f3 protesta el nuevo Consejo Directivo de INDEX en Ciudad Ju\u00e1rez, con Jaime Avila Reza al frente de este importante sector empresarial.<\/p>\n\n\n\n<p>Gran capacidad de convocatoria se pudo apreciar en el desayuno ofrecido por INDEX al sector pol\u00edtico, empresarial, y los medios.<\/p>\n\n\n\n<p>Con la asistencia de la gobernadora del Estado, Maru Campos Galv\u00e1n; el alcalde, Cruz P\u00e9rez Cu\u00e9llar; los c\u00f3nsules, Mauricio Ibarra Ponce de Le\u00f3n, c\u00f3nsul de M\u00e9xico en El Paso.<\/p>\n\n\n\n<p>As\u00ed como el c\u00f3nsul norteamericano en Ciudad Ju\u00e1rez, Rafael Foley.<\/p>\n\n\n\n<p>Los senadores, Andrea Ch\u00e1vez; y Juan Carlos Loera de la Rosa.<\/p>\n\n\n\n<p>Los l\u00edderes empresariales de las diversas c\u00e1maras que conforman el CCE, local.<\/p>\n\n\n\n<p>Funcionarios estatales, municipales, fauna de la maquila fronteriza, y dem\u00e1s invitados, tom\u00f3 protesta el Consejo Directivo INDEX JU\u00c1REZ.<\/p>\n\n\n\n<p>Humberto Martinez Cant\u00fa, l\u00edder nacional de INDEX, agradeci\u00f3 a la presidenta Claudia Sheinbaum, a la gobernadora, y al alcalde el compromiso que han adquirido para desarrollar con eficacia el desarrollo econ\u00f3mico a trav\u00e9s del sector maquila.<\/p>\n\n\n\n<p>Afirm\u00f3 que hoy m\u00e1s que nunca, existe una buena relaci\u00f3n con la Federaci\u00f3n y que existe el compromiso de no politizar el tema fronterizo, ante la necesidad de superar de manera conjunta la situaci\u00f3n. &nbsp;<\/p>\n\n\n\n<p>El acto se desarroll\u00f3 en el Centro de Convenciones Cibeles, donde Jaime \u00c1vila Reza asumi\u00f3 como nuevo presidente del organismo para el periodo 2025-2026.<\/p>\n\n\n\n<p>La gobenadora a\u00f1adi\u00f3 que por parte de su gobierno, se trabaja en brindar certeza al gremio a trav\u00e9s de la estabilidad financiera alcanzada por el Estado, de acuerdo con lo dado a conocer por las calificadoras internacionales.<\/p>\n\n\n\n<p>\u201cY si vienen cambios en el tablero global, nos adaptaremos y encontraremos la manera de seguir arrancando prosperidad a la precariedad\u201d, manifest\u00f3 a los presentes.<\/p>\n\n\n\n<p>Al reconocer a las mujeres integrantes del organismo por posicionarse en cargos de liderazgo en el seno de este gremio, precis\u00f3 que, mediante el di\u00e1logo, la negociaci\u00f3n y la apertura, descubrir\u00e1n puntos convergentes cruciales, para ser aliados en el crecimiento de Chihuahua y del pa\u00eds.<\/p>\n\n\n\n<p>Tras asumir en el cargo, \u00c1vila Reza extern\u00f3 su agradecimiento al Gobierno del Estado y celebr\u00f3 el compromiso de la Gobernadora con el desarrollo del sector manufacturero y su disposici\u00f3n para colaborar en la creaci\u00f3n de pol\u00edticas que fomenten la competitividad.<\/p>\n\n\n\n<p>En la toma de protesta tambi\u00e9n estuvieron presentes adem\u00e1s del presidente Nacional de Index, Humberto Mart\u00ednez Gamboa; y el secretario de Innovaci\u00f3n y Desarrollo Econ\u00f3mico del Estado, Ulises Fern\u00e1ndez Gamboa.<\/p>\n","protected":false},"excerpt":{"rendered":"<p>Ra\u00fal Ruiz ___________________________ Ayer por la ma\u00f1ana, tom\u00f3 protesta el nuevo Consejo Directivo de INDEX en Ciudad Ju\u00e1rez, con Jaime Avila Reza al frente de este importante sector empresarial. Gran capacidad de convocatoria se pudo apreciar en el desayuno ofrecido por INDEX al sector pol\u00edtico, empresarial, y los medios. Con la asistencia de la gobernadora [&hellip;]<\/p>\n","protected":false},"author":6,"featured_media":43347,"comment_status":"open","ping_status":"open","sticky":false,"template":"","format":"standard","meta":{"_acf_changed":false,"_monsterinsights_skip_tracking":false,"_monsterinsights_sitenote_active":false,"_monsterinsights_sitenote_note":"","_monsterinsights_sitenote_category":0,"slim_seo":{"title":"Nuevo Consejo Directivo Index Ju\u00e1rez - Opini\u00f3n P\u00fablica","description":"Ra\u00fal Ruiz ___________________________ Ayer por la ma\u00f1ana, tom\u00f3 protesta el nuevo Consejo Directivo de INDEX en Ciudad Ju\u00e1rez, con Jaime Avila Reza al frente de"},"footnotes":""},"categories":[21],"tags":[593],"class_list":["post-52367","post","type-post","status-publish","format-standard","has-post-thumbnail","hentry","category-cartapacio","tag-cartapacio"],"acf":[],"_links":{"self":[{"href":"https:\/\/www.opinionpublica.tv\/portada\/wp-json\/wp\/v2\/posts\/52367","targetHints":{"allow":["GET"]}}],"collection":[{"href":"https:\/\/www.opinionpublica.tv\/portada\/wp-json\/wp\/v2\/posts"}],"about":[{"href":"https:\/\/www.opinionpublica.tv\/portada\/wp-json\/wp\/v2\/types\/post"}],"author":[{"embeddable":true,"href":"https:\/\/www.opinionpublica.tv\/portada\/wp-json\/wp\/v2\/users\/6"}],"replies":[{"embeddable":true,"href":"https:\/\/www.opinionpublica.tv\/portada\/wp-json\/wp\/v2\/comments?post=52367"}],"version-history":[{"count":2,"href":"https:\/\/www.opinionpublica.tv\/portada\/wp-json\/wp\/v2\/posts\/52367\/revisions"}],"predecessor-version":[{"id":52369,"href":"https:\/\/www.opinionpublica.tv\/portada\/wp-json\/wp\/v2\/posts\/52367\/revisions\/52369"}],"wp:featuredmedia":[{"embeddable":true,"href":"https:\/\/www.opinionpublica.tv\/portada\/wp-json\/wp\/v2\/media\/43347"}],"wp:attachment":[{"href":"https:\/\/www.opinionpublica.tv\/portada\/wp-json\/wp\/v2\/media?parent=52367"}],"wp:term":[{"taxonomy":"category","embeddable":true,"href":"https:\/\/www.opinionpublica.tv\/portada\/wp-json\/wp\/v2\/categories?post=52367"},{"taxonomy":"post_tag","embeddable":true,"href":"https:\/\/www.opinionpublica.tv\/portada\/wp-json\/wp\/v2\/tags?post=52367"}],"curies":[{"name":"wp","href":"https:\/\/api.w.org\/{rel}","templated":true}]}}