{"id":52361,"date":"2025-01-29T00:01:00","date_gmt":"2025-01-29T07:01:00","guid":{"rendered":"https:\/\/www.opinionpublica.tv\/portada\/?p=52361"},"modified":"2025-01-28T21:06:08","modified_gmt":"2025-01-29T04:06:08","slug":"mujeres-las-mas-afectadas-por-la-obesidad-en-mexico-ya-es-problema-de-salud-publica","status":"publish","type":"post","link":"https:\/\/www.opinionpublica.tv\/portada\/mujeres-las-mas-afectadas-por-la-obesidad-en-mexico-ya-es-problema-de-salud-publica\/","title":{"rendered":"Mujeres las m\u00e1s afectadas por obesidad en M\u00e9xico; es problema de salud p\u00fablica"},"content":{"rendered":"\n<figure class=\"wp-block-image size-full\"><img fetchpriority=\"high\" decoding=\"async\" width=\"800\" height=\"600\" src=\"https:\/\/www.opinionpublica.tv\/portada\/wp-content\/uploads\/2025\/01\/Mujeres-las-mas-afectadas-por-obesidad-en-Mexico-es-problema-de-salud-publica.webp\" alt=\"Mujeres Las Ma\u0301s Afectadas Por Obesidad En Me\u0301xico; Es Problema De Salud Pu\u0301blica\" class=\"wp-image-52365\" srcset=\"https:\/\/www.opinionpublica.tv\/portada\/wp-content\/uploads\/2025\/01\/Mujeres-las-mas-afectadas-por-obesidad-en-Mexico-es-problema-de-salud-publica.webp 800w, https:\/\/www.opinionpublica.tv\/portada\/wp-content\/uploads\/2025\/01\/Mujeres-las-mas-afectadas-por-obesidad-en-Mexico-es-problema-de-salud-publica-300x225.webp 300w, https:\/\/www.opinionpublica.tv\/portada\/wp-content\/uploads\/2025\/01\/Mujeres-las-mas-afectadas-por-obesidad-en-Mexico-es-problema-de-salud-publica-768x576.webp 768w\" sizes=\"(max-width: 800px) 100vw, 800px\" \/><\/figure>\n\n\n\n<p>El sobrepeso y la obesidad son un problema de salud p\u00fablica que en M\u00e9xico afecta al 76.2 % de la poblaci\u00f3n de 20 a\u00f1os y m\u00e1s.<\/p>\n\n\n\n<p>Ambas condiciones impactan pr\u00e1cticamente de la misma manera a hombres y mujeres, pero al desglosar las cifras considerando solo la obesidad, el sector femenino presenta el mayor n\u00famero de casos.<\/p>\n\n\n\n<p>De acuerdo a los resultados nacionales de la Encuesta Nacional de Salud y Nutrici\u00f3n Continua (ENSANUT) 2020-2023, elaborada por el Instituto Nacional de Salud P\u00fablica (INSP), la prevalencia de obesidad en mujeres adultas es de 41 %, frente al 33 % que se reporta en hombres, por lo que en promedio 37.1% de los mexicanos tienen obesidad.<\/p>\n\n\n\n<p>Al respecto, el INSP se\u00f1ala que hubo un aumento continuo y significativo en la prevalencia de obesidad en el periodo 2000-2012, pero entre 2016-2023 no se observaron diferencias significativas.<\/p>\n\n\n\n<p>Entre los principales factores de riesgo que explican el incremento de obesidad en M\u00e9xico se encuentra una profunda transformaci\u00f3n del sistema alimentario que ha contribuido a un aumento del consumo de productos comestibles y bebibles ultraprocesados, y vivir en \u00e1reas urbanas, donde hay una alta disponibilidad de alimentos con bajo aporte nutricio\u201d, se\u00f1al\u00f3.<\/p>\n\n\n\n<p>DIABETES E HIPERTENSI\u00d3N<\/p>\n\n\n\n<p>Tener obesidad se asocia con un incremento en la posibilidad de padecer diabetes tipo 2, hipertensi\u00f3n arterial y dislipidemia, es decir colesterol y triglic\u00e9ridos altos.<\/p>\n\n\n\n<p>La Ensanut 2020-2023 revela que el 18% de las personas adultas en M\u00e9xico tiene diabetes, pero una tercera parte de ellas desconoce su diagn\u00f3stico.<\/p>\n\n\n\n<p>El 30% de los adultos tiene hipertensi\u00f3n arterial, pero el 43% no sabe que la padece y solo el 57% de las personas diagnosticadas y con tratamiento farmacol\u00f3gico tiene valores de presi\u00f3n arterial bajo control.<\/p>\n\n\n\n<p>Cabe se\u00f1alar que de manera habitual el 73 % de la poblaci\u00f3n en nuestro pa\u00eds consume bebidas endulzadas. Y con respecto a la actividad f\u00edsica, el 21.6% de la poblaci\u00f3n adulta se clasifica como inactiva y el 17.9% pasa m\u00e1s de siete horas sentado diariamente. (Exc\u00e9lsior)<\/p>\n\n\n\n<p><\/p>\n","protected":false},"excerpt":{"rendered":"<p>El sobrepeso y la obesidad son un problema de salud p\u00fablica que en M\u00e9xico afecta al 76.2 % de la poblaci\u00f3n de 20 a\u00f1os y m\u00e1s. Ambas condiciones impactan pr\u00e1cticamente de la misma manera a hombres y mujeres, pero al desglosar las cifras considerando solo la obesidad, el sector femenino presenta el mayor n\u00famero de [&hellip;]<\/p>\n","protected":false},"author":6,"featured_media":52365,"comment_status":"open","ping_status":"open","sticky":false,"template":"","format":"standard","meta":{"_acf_changed":false,"_monsterinsights_skip_tracking":false,"_monsterinsights_sitenote_active":false,"_monsterinsights_sitenote_note":"","_monsterinsights_sitenote_category":0,"slim_seo":{"title":"Mujeres las m\u00e1s afectadas por obesidad en M\u00e9xico; es problema de salud p\u00fablica - Opini\u00f3n P\u00fablica","description":"El sobrepeso y la obesidad son un problema de salud p\u00fablica que en M\u00e9xico afecta al 76.2 % de la poblaci\u00f3n de 20 a\u00f1os y m\u00e1s. Ambas condiciones impactan pr\u00e1ctica"},"footnotes":""},"categories":[11],"tags":[],"class_list":["post-52361","post","type-post","status-publish","format-standard","has-post-thumbnail","hentry","category-tendencias"],"acf":[],"_links":{"self":[{"href":"https:\/\/www.opinionpublica.tv\/portada\/wp-json\/wp\/v2\/posts\/52361","targetHints":{"allow":["GET"]}}],"collection":[{"href":"https:\/\/www.opinionpublica.tv\/portada\/wp-json\/wp\/v2\/posts"}],"about":[{"href":"https:\/\/www.opinionpublica.tv\/portada\/wp-json\/wp\/v2\/types\/post"}],"author":[{"embeddable":true,"href":"https:\/\/www.opinionpublica.tv\/portada\/wp-json\/wp\/v2\/users\/6"}],"replies":[{"embeddable":true,"href":"https:\/\/www.opinionpublica.tv\/portada\/wp-json\/wp\/v2\/comments?post=52361"}],"version-history":[{"count":3,"href":"https:\/\/www.opinionpublica.tv\/portada\/wp-json\/wp\/v2\/posts\/52361\/revisions"}],"predecessor-version":[{"id":52366,"href":"https:\/\/www.opinionpublica.tv\/portada\/wp-json\/wp\/v2\/posts\/52361\/revisions\/52366"}],"wp:featuredmedia":[{"embeddable":true,"href":"https:\/\/www.opinionpublica.tv\/portada\/wp-json\/wp\/v2\/media\/52365"}],"wp:attachment":[{"href":"https:\/\/www.opinionpublica.tv\/portada\/wp-json\/wp\/v2\/media?parent=52361"}],"wp:term":[{"taxonomy":"category","embeddable":true,"href":"https:\/\/www.opinionpublica.tv\/portada\/wp-json\/wp\/v2\/categories?post=52361"},{"taxonomy":"post_tag","embeddable":true,"href":"https:\/\/www.opinionpublica.tv\/portada\/wp-json\/wp\/v2\/tags?post=52361"}],"curies":[{"name":"wp","href":"https:\/\/api.w.org\/{rel}","templated":true}]}}