{"id":52355,"date":"2025-01-29T00:01:00","date_gmt":"2025-01-29T07:01:00","guid":{"rendered":"https:\/\/www.opinionpublica.tv\/portada\/?p=52355"},"modified":"2025-01-28T21:02:15","modified_gmt":"2025-01-29T04:02:15","slug":"mas-de-la-mitad-del-maiz-que-consume-mexico-es-transgenico-proveniente-de-eu","status":"publish","type":"post","link":"https:\/\/www.opinionpublica.tv\/portada\/mas-de-la-mitad-del-maiz-que-consume-mexico-es-transgenico-proveniente-de-eu\/","title":{"rendered":"M\u00e1s de la mitad del ma\u00edz que se consume en M\u00e9xico es transg\u00e9nico y proviene de EU"},"content":{"rendered":"\n<figure class=\"wp-block-image size-full\"><img fetchpriority=\"high\" decoding=\"async\" width=\"800\" height=\"600\" src=\"https:\/\/www.opinionpublica.tv\/portada\/wp-content\/uploads\/2025\/01\/Mas-de-la-mitad-del-maiz-que-se-consume-en-Mexico-es-transgenico-y-proviene-de-EU.webp\" alt=\"Ma\u0301s De La Mitad Del Mai\u0301z Que Se Consume En Me\u0301xico Es Transge\u0301nico Y Proviene De Eu\" class=\"wp-image-52359\" srcset=\"https:\/\/www.opinionpublica.tv\/portada\/wp-content\/uploads\/2025\/01\/Mas-de-la-mitad-del-maiz-que-se-consume-en-Mexico-es-transgenico-y-proviene-de-EU.webp 800w, https:\/\/www.opinionpublica.tv\/portada\/wp-content\/uploads\/2025\/01\/Mas-de-la-mitad-del-maiz-que-se-consume-en-Mexico-es-transgenico-y-proviene-de-EU-300x225.webp 300w, https:\/\/www.opinionpublica.tv\/portada\/wp-content\/uploads\/2025\/01\/Mas-de-la-mitad-del-maiz-que-se-consume-en-Mexico-es-transgenico-y-proviene-de-EU-768x576.webp 768w\" sizes=\"(max-width: 800px) 100vw, 800px\" \/><\/figure>\n\n\n\n<p>A\u00fan cuando M\u00e9xico nunca ha autorizado la siembra comercial de ma\u00edz transg\u00e9nico en territorio nacional, hoy nuestro pa\u00eds depende m\u00e1s que nunca de la importaci\u00f3n de este grano gen\u00e9ticamente modificado proveniente, en su mayor\u00eda de Estados Unidos, porque si bien, no lo cultivamos, si lo compramos en grandes cantidades al exterior.<\/p>\n\n\n\n<p>\u201cDe repente traemos tambi\u00e9n ma\u00edz gen\u00e9ticamente modificado de Brasil que pelea con Estados Unidos el primer lugar en producci\u00f3n a nivel mundial o de Argentina, que es el tercer exportador\u201d, revel\u00f3 Juan Carlos Anaya, director general del Grupo Consultor de Mercados Agr\u00edcolas (GCMA).<\/p>\n\n\n\n<p>La importaci\u00f3n de ma\u00edz amarillo transg\u00e9nico, rompi\u00f3 el a\u00f1o pasado todos los r\u00e9cords al sumar 23.8 millones de toneladas, que equivalen a m\u00e1s de la mitad, el 50.13 por ciento del consumo nacional, que es de alrededor de 47.47 millones de toneladas anuales.<\/p>\n\n\n\n<p>\u00c1lvaro L\u00f3pez R\u00edos, secretario general Uni\u00f3n Nacional de Trabajadores Agr\u00edcolas (UNTA), lament\u00f3 que M\u00e9xico se haya convertido en el transcurso de los a\u00f1os, en \u201ccomprador de todo y productor de nada\u201d, ante el abandono del campo mexicano.<\/p>\n\n\n\n<p>\u201cEs indignante que M\u00e9xico haya desplazado a China, como el primer importador de ma\u00edz en el mundo, y es indignante, porque mientras China tiene mil 400 millones de habitantes que alimentar, nosotros tenemos apenas 140 millones de habitantes\u201d, explic\u00f3.<\/p>\n\n\n\n<p>M\u00e9xico depende y seguir\u00e1 dependiendo al menos en el corto y mediano plazo del ma\u00edz amarillo gen\u00e9ticamente modificado, utilizado por el sector pecuario para la engorda de ganado y la agro-industria, que finalmente llega a nuestras mesas en productos c\u00e1rnicos, embutidos o harinas.<\/p>\n\n\n\n<p>Lo destacable es que en ma\u00edz blanco, para consumo humano, somos autosuficientes, y eso se lo debemos a los grandes agricultores de Sinaloa y el Baj\u00edo, que cosechan m\u00e1s de 19 millones de toneladas al a\u00f1o, lo que alcanza para satisfacer la demanda nacional, principalmente para la masa y la tortilla.<\/p>\n\n\n\n<p>\u201cM\u00e9xico es autosuficiente en ma\u00edz blanco desde 1992-1993, gracias a que Sinaloa pas\u00f3 de producir 340 mil toneladas a cinco o seis millones de toneladas, aunque el a\u00f1o pasado s\u00f3lo alcanzaron 3.2 millones de toneladas por la sequ\u00eda\u201d, puntualiz\u00f3 Juan Carlos Anaya, director general del Grupo Consultor de Mercados Agr\u00edcolas.<\/p>\n\n\n\n<p>La iniciativa de reforma constitucional enviada hace unos d\u00edas al Congreso de la Uni\u00f3n para prohibir la siembra de ma\u00edz transg\u00e9nico en territorio nacional, parece m\u00e1s una posici\u00f3n ideol\u00f3gica frente a Estados Unidos que estrat\u00e9gica, porque no cierra la puerta a los organismos gen\u00e9ticamente modificados ni genera condiciones para alcanzar la tan anhelada autosuficiencia alimentaria, ya que lo que se requiere es aumentar la producci\u00f3n de ma\u00edz amarillo, para dejar de comprar transg\u00e9nicos.<\/p>\n\n\n\n<p>\u201cM\u00e9xico actualmente es el sexto productor a nivel mundial, \u00e9ramos el cuarto, hemos ido perdiendo lugares, en virtud de que la producci\u00f3n no ha ido aumentando a la par del incremento en el consumo\u201d, lament\u00f3 el director general del Grupo Consultor de Mercados Agr\u00edcolas.<\/p>\n\n\n\n<p>Abund\u00f3 que en M\u00e9xico seguimos teniendo rendimientos promedio a nivel nacional de apenas 3.8 o cuatro toneladas de ma\u00edz por hect\u00e1rea.<\/p>\n\n\n\n<p>\u201cSinaloa produce 12 toneladas de ma\u00edz por hect\u00e1rea o Chihuahua 13 toneladas por hect\u00e1rea, pero en contraste, Chiapas cosecha apenas dos toneladas de ma\u00edz por hect\u00e1rea o Guerrero 2.5 toneladas por hect\u00e1rea, entonces creo que M\u00e9xico debe promover m\u00e1s la productividad\u201d, indic\u00f3 Juan Carlos Anaya.<\/p>\n\n\n\n<p>Advirti\u00f3 que depender en m\u00e1s del 50 por ciento de la importaci\u00f3n de ma\u00edz, nos pone en riesgo ante una contingencia en los mercados internacionales, ya que la Organizaci\u00f3n de las Naciones Unidas para la Alimentaci\u00f3n y la Agricultura (FAO), sugiere que cuando menos produzcamos el 70 por ciento del ma\u00edz que necesitamos.<\/p>\n\n\n\n<p>El reciente fallo que gan\u00f3 Estados Unidos en un panel del T-MEC, obliga a M\u00e9xico a reabrir sus fronteras al ma\u00edz blanco transg\u00e9nico para consumo humano, es decir, a derogar el decreto presidencial del 13 de febrero de 2023, a m\u00e1s tardar el pr\u00f3ximo 3 de febrero, dado que hasta el momento, los estudios cient\u00edficos no han encontrado evidencia concluyente que demuestre efectos adversos de los organismos gen\u00e9ticamente modificados en la salud p\u00fablica.<\/p>\n\n\n\n<p>La grave crisis que vive el campo mexicano, con aproximadamente 40 por ciento de tierras ociosas, y la ca\u00edda estrepitosa en la producci\u00f3n de ma\u00edz, tiene su origen en la desaparici\u00f3n de programas de apoyo y asistencia t\u00e9cnica, el aumento en el precio de los insumos, la extinci\u00f3n de la Financiera Nacional, el cambio clim\u00e1tico con la sequ\u00eda prolongada, as\u00ed como la violencia y el cobro de piso, alert\u00f3 el dirigente de la UNTA, \u00c1lvaro L\u00f3pez R\u00edos.<\/p>\n\n\n\n<p>En este sentido, el l\u00edder campesino hizo un llamado al Gobierno de M\u00e9xico, a lanzar una cruzada nacional por el campo mexicano, para rescatar a los peque\u00f1os y medianos agricultores, con apoyos directos que aumenten la producci\u00f3n de ma\u00edz y alimentos en nuestro pa\u00eds. \u201cCuando uno cosecha ma\u00edz, va y entrega su producci\u00f3n a los acopiadores, pero como por arte de magia, la delincuencia sabe cu\u00e1nto entrega uno y en d\u00f3nde, as\u00ed que cuando vamos a pactar el precio con los acopiadores, nos dicen: Si te voy a sostener este precio que me pides, pero aquellos (los integrantes del crimen organizado), quieren que te reportes con su porcentaje\u201c, relat\u00f3. (Exc\u00e9lsior)<\/p>\n","protected":false},"excerpt":{"rendered":"<p>A\u00fan cuando M\u00e9xico nunca ha autorizado la siembra comercial de ma\u00edz transg\u00e9nico en territorio nacional, hoy nuestro pa\u00eds depende m\u00e1s que nunca de la importaci\u00f3n de este grano gen\u00e9ticamente modificado proveniente, en su mayor\u00eda de Estados Unidos, porque si bien, no lo cultivamos, si lo compramos en grandes cantidades al exterior. \u201cDe repente traemos tambi\u00e9n [&hellip;]<\/p>\n","protected":false},"author":6,"featured_media":52359,"comment_status":"open","ping_status":"open","sticky":false,"template":"","format":"standard","meta":{"_acf_changed":false,"_monsterinsights_skip_tracking":false,"_monsterinsights_sitenote_active":false,"_monsterinsights_sitenote_note":"","_monsterinsights_sitenote_category":0,"slim_seo":{"title":"M\u00e1s de la mitad del ma\u00edz que se consume en M\u00e9xico es transg\u00e9nico y proviene de EU - Opini\u00f3n P\u00fablica","description":"A\u00fan cuando M\u00e9xico nunca ha autorizado la siembra comercial de ma\u00edz transg\u00e9nico en territorio nacional, hoy nuestro pa\u00eds depende m\u00e1s que nunca de la importaci\u00f3n"},"footnotes":""},"categories":[4],"tags":[],"class_list":["post-52355","post","type-post","status-publish","format-standard","has-post-thumbnail","hentry","category-pulsopolitico"],"acf":[],"_links":{"self":[{"href":"https:\/\/www.opinionpublica.tv\/portada\/wp-json\/wp\/v2\/posts\/52355","targetHints":{"allow":["GET"]}}],"collection":[{"href":"https:\/\/www.opinionpublica.tv\/portada\/wp-json\/wp\/v2\/posts"}],"about":[{"href":"https:\/\/www.opinionpublica.tv\/portada\/wp-json\/wp\/v2\/types\/post"}],"author":[{"embeddable":true,"href":"https:\/\/www.opinionpublica.tv\/portada\/wp-json\/wp\/v2\/users\/6"}],"replies":[{"embeddable":true,"href":"https:\/\/www.opinionpublica.tv\/portada\/wp-json\/wp\/v2\/comments?post=52355"}],"version-history":[{"count":3,"href":"https:\/\/www.opinionpublica.tv\/portada\/wp-json\/wp\/v2\/posts\/52355\/revisions"}],"predecessor-version":[{"id":52360,"href":"https:\/\/www.opinionpublica.tv\/portada\/wp-json\/wp\/v2\/posts\/52355\/revisions\/52360"}],"wp:featuredmedia":[{"embeddable":true,"href":"https:\/\/www.opinionpublica.tv\/portada\/wp-json\/wp\/v2\/media\/52359"}],"wp:attachment":[{"href":"https:\/\/www.opinionpublica.tv\/portada\/wp-json\/wp\/v2\/media?parent=52355"}],"wp:term":[{"taxonomy":"category","embeddable":true,"href":"https:\/\/www.opinionpublica.tv\/portada\/wp-json\/wp\/v2\/categories?post=52355"},{"taxonomy":"post_tag","embeddable":true,"href":"https:\/\/www.opinionpublica.tv\/portada\/wp-json\/wp\/v2\/tags?post=52355"}],"curies":[{"name":"wp","href":"https:\/\/api.w.org\/{rel}","templated":true}]}}