{"id":52350,"date":"2025-01-29T00:01:00","date_gmt":"2025-01-29T07:01:00","guid":{"rendered":"https:\/\/www.opinionpublica.tv\/portada\/?p=52350"},"modified":"2025-01-28T20:59:15","modified_gmt":"2025-01-29T03:59:15","slug":"confirma-casa-blanca-que-trump-si-impondra-aranceles-a-canada-y-mexico-este-sabado","status":"publish","type":"post","link":"https:\/\/www.opinionpublica.tv\/portada\/confirma-casa-blanca-que-trump-si-impondra-aranceles-a-canada-y-mexico-este-sabado\/","title":{"rendered":"Confirma Casa Blanca que Trump s\u00ed impondr\u00e1 aranceles a Canad\u00e1 y M\u00e9xico"},"content":{"rendered":"\n<figure class=\"wp-block-image size-full\"><img fetchpriority=\"high\" decoding=\"async\" width=\"800\" height=\"600\" src=\"https:\/\/www.opinionpublica.tv\/portada\/wp-content\/uploads\/2025\/01\/Confirma-Casa-Blanca-que-Trump-si-impondra-aranceles-a-Canada-y-Mexico.webp\" alt=\"Confirma Casa Blanca Que Trump Si\u0301 Impondra\u0301 Aranceles A Canada\u0301 Y Me\u0301xico\" class=\"wp-image-52353\" srcset=\"https:\/\/www.opinionpublica.tv\/portada\/wp-content\/uploads\/2025\/01\/Confirma-Casa-Blanca-que-Trump-si-impondra-aranceles-a-Canada-y-Mexico.webp 800w, https:\/\/www.opinionpublica.tv\/portada\/wp-content\/uploads\/2025\/01\/Confirma-Casa-Blanca-que-Trump-si-impondra-aranceles-a-Canada-y-Mexico-300x225.webp 300w, https:\/\/www.opinionpublica.tv\/portada\/wp-content\/uploads\/2025\/01\/Confirma-Casa-Blanca-que-Trump-si-impondra-aranceles-a-Canada-y-Mexico-768x576.webp 768w\" sizes=\"(max-width: 800px) 100vw, 800px\" \/><\/figure>\n\n\n\n<p>El presidente de los Estados Unidos, Donald Trump, est\u00e1 listo para cumplir con su compromiso de imponer aranceles a Canad\u00e1 y M\u00e9xico el pr\u00f3ximo s\u00e1bado, seg\u00fan lo confirmado por la vocera de la Casa Blanca, Karoline Leavitt, durante su primera conferencia de prensa este martes.<\/p>\n\n\n\n<p>Adem\u00e1s de esto, a\u00f1adi\u00f3, el presidente estadunidense est\u00e1 considerando la introducci\u00f3n de nuevos aranceles a China, tambi\u00e9n programados para el s\u00e1bado.<\/p>\n\n\n\n<p>La semana pasada, Trump declar\u00f3 que introducir\u00eda un arancel del 25% sobre M\u00e9xico y Canad\u00e1 el 1 de febrero, a menos que ambas naciones tomen medidas para abordar los desaf\u00edos duales del tr\u00e1fico de fentanilo y la inmigraci\u00f3n en los Estados Unidos. D\u00edas antes, el gobierno de Canad\u00e1 ya advirti\u00f3 que Ottawa responder\u00eda con contramedidas si los aranceles de Trump se materializan.<\/p>\n\n\n\n<p>Desde entonces, el presidente ha vinculado la amenaza arancelaria con las preocupaciones econ\u00f3micas y comerciales, principalmente con Canad\u00e1, haciendo burlas al primer ministro Justin Trudeau, y ha dicho repetidamente que el pa\u00eds deber\u00eda convertirse en el estado 51. La semana pasada, durante su intervenci\u00f3n en el Foro Econ\u00f3mico Mundial de Davos, Trump reconoci\u00f3 que prefer\u00eda negociar con M\u00e9xico que con Canad\u00e1.<\/p>\n\n\n\n<p>Leavitt, quien es la persona m\u00e1s joven en servir como secretaria de prensa presidencial, tambi\u00e9n dio respuesta sobre la pausa de Trump sobre las subvenciones a pa\u00edses extranjeros, as\u00ed como el aumento de los agentes de migraci\u00f3n y cumplimiento de aduanas para cumplir con la promesa de deportaciones masivas del presidente.<\/p>\n\n\n\n<p>Trump ha firmado una pila de acciones ejecutivas desde que regres\u00f3 al cargo, ya que su nueva administraci\u00f3n intenta empujar r\u00e1pidamente a Estados Unidos en una direcci\u00f3n diferente a la entonces administraci\u00f3n de Joe Biden. (Exc\u00e9lsior)<\/p>\n","protected":false},"excerpt":{"rendered":"<p>El presidente de los Estados Unidos, Donald Trump, est\u00e1 listo para cumplir con su compromiso de imponer aranceles a Canad\u00e1 y M\u00e9xico el pr\u00f3ximo s\u00e1bado, seg\u00fan lo confirmado por la vocera de la Casa Blanca, Karoline Leavitt, durante su primera conferencia de prensa este martes. Adem\u00e1s de esto, a\u00f1adi\u00f3, el presidente estadunidense est\u00e1 considerando la [&hellip;]<\/p>\n","protected":false},"author":6,"featured_media":52353,"comment_status":"open","ping_status":"open","sticky":false,"template":"","format":"standard","meta":{"_acf_changed":false,"_monsterinsights_skip_tracking":false,"_monsterinsights_sitenote_active":false,"_monsterinsights_sitenote_note":"","_monsterinsights_sitenote_category":0,"slim_seo":{"title":"Confirma Casa Blanca que Trump s\u00ed impondr\u00e1 aranceles a Canad\u00e1 y M\u00e9xico - Opini\u00f3n P\u00fablica","description":"El presidente de los Estados Unidos, Donald Trump, est\u00e1 listo para cumplir con su compromiso de imponer aranceles a Canad\u00e1 y M\u00e9xico el pr\u00f3ximo s\u00e1bado, seg\u00fan lo"},"footnotes":""},"categories":[3],"tags":[],"class_list":["post-52350","post","type-post","status-publish","format-standard","has-post-thumbnail","hentry","category-principal"],"acf":[],"_links":{"self":[{"href":"https:\/\/www.opinionpublica.tv\/portada\/wp-json\/wp\/v2\/posts\/52350","targetHints":{"allow":["GET"]}}],"collection":[{"href":"https:\/\/www.opinionpublica.tv\/portada\/wp-json\/wp\/v2\/posts"}],"about":[{"href":"https:\/\/www.opinionpublica.tv\/portada\/wp-json\/wp\/v2\/types\/post"}],"author":[{"embeddable":true,"href":"https:\/\/www.opinionpublica.tv\/portada\/wp-json\/wp\/v2\/users\/6"}],"replies":[{"embeddable":true,"href":"https:\/\/www.opinionpublica.tv\/portada\/wp-json\/wp\/v2\/comments?post=52350"}],"version-history":[{"count":2,"href":"https:\/\/www.opinionpublica.tv\/portada\/wp-json\/wp\/v2\/posts\/52350\/revisions"}],"predecessor-version":[{"id":52354,"href":"https:\/\/www.opinionpublica.tv\/portada\/wp-json\/wp\/v2\/posts\/52350\/revisions\/52354"}],"wp:featuredmedia":[{"embeddable":true,"href":"https:\/\/www.opinionpublica.tv\/portada\/wp-json\/wp\/v2\/media\/52353"}],"wp:attachment":[{"href":"https:\/\/www.opinionpublica.tv\/portada\/wp-json\/wp\/v2\/media?parent=52350"}],"wp:term":[{"taxonomy":"category","embeddable":true,"href":"https:\/\/www.opinionpublica.tv\/portada\/wp-json\/wp\/v2\/categories?post=52350"},{"taxonomy":"post_tag","embeddable":true,"href":"https:\/\/www.opinionpublica.tv\/portada\/wp-json\/wp\/v2\/tags?post=52350"}],"curies":[{"name":"wp","href":"https:\/\/api.w.org\/{rel}","templated":true}]}}