{"id":52346,"date":"2025-01-29T00:01:00","date_gmt":"2025-01-29T07:01:00","guid":{"rendered":"https:\/\/www.opinionpublica.tv\/portada\/?p=52346"},"modified":"2025-01-28T20:56:44","modified_gmt":"2025-01-29T03:56:44","slug":"esteban-moctezuma-continuara-al-frente-de-la-embajada-de-mexico-en-eu","status":"publish","type":"post","link":"https:\/\/www.opinionpublica.tv\/portada\/esteban-moctezuma-continuara-al-frente-de-la-embajada-de-mexico-en-eu\/","title":{"rendered":"Esteban Moctezuma s\u00ed continuar\u00e1 al frente de la embajada de M\u00e9xico en EU"},"content":{"rendered":"\n<figure class=\"wp-block-image size-full\"><img fetchpriority=\"high\" decoding=\"async\" width=\"800\" height=\"600\" src=\"https:\/\/www.opinionpublica.tv\/portada\/wp-content\/uploads\/2025\/01\/Esteban-Moctezuma-si-continuara-al-frente-de-la-embajada-de-Mexico-en-EU.webp\" alt=\"Esteban Moctezuma Si\u0301 Continuara\u0301 Al Frente De La Embajada De Me\u0301xico En Eu\" class=\"wp-image-52348\" srcset=\"https:\/\/www.opinionpublica.tv\/portada\/wp-content\/uploads\/2025\/01\/Esteban-Moctezuma-si-continuara-al-frente-de-la-embajada-de-Mexico-en-EU.webp 800w, https:\/\/www.opinionpublica.tv\/portada\/wp-content\/uploads\/2025\/01\/Esteban-Moctezuma-si-continuara-al-frente-de-la-embajada-de-Mexico-en-EU-300x225.webp 300w, https:\/\/www.opinionpublica.tv\/portada\/wp-content\/uploads\/2025\/01\/Esteban-Moctezuma-si-continuara-al-frente-de-la-embajada-de-Mexico-en-EU-768x576.webp 768w\" sizes=\"(max-width: 800px) 100vw, 800px\" \/><\/figure>\n\n\n\n<p><em>Washington, DC, EU<\/em>.- Esteban Moctezuma Barrag\u00e1n, embajador de M\u00e9xico en Estados Unidos, afirm\u00f3 en un video publicado en redes sociales que continuar\u00e1 al frente de dicha representaci\u00f3n mexicana, hasta que as\u00ed lo decida la presidenta Claudia Sheinbaum Pardo, ya que se considera un \u201csoldado\u201d del pa\u00eds, en un momento en el que debe prevalecer la unidad.<\/p>\n\n\n\n<p>En la grabaci\u00f3n de m\u00e1s de 7 minutos de duraci\u00f3n, Esteban Moctezuma destaca la paciencia y la inteligencia con la que la presidenta Claudia Sheinbaum inici\u00f3 la relaci\u00f3n con el gobierno de Donal Trump.<\/p>\n\n\n\n<p>\u201cElla (Claudia Sheinbaum, como ustedes saben, determin\u00f3 por el momento mi permanencia en la embajada para decidir, precisamente, en funci\u00f3n de los nuevos tiempos y sus exigencias. Mi decisi\u00f3n ante presidenta, fue y seguir\u00e1 siendo, de apoyarle en lo que me solicite porque soy un soldado de M\u00e9xico y vivimos momentos que invitan a la unidad de todos, para defender a nuestra gente, a nuestros intereses nacionales\u201d, resalt\u00f3.<\/p>\n\n\n\n<p>Detall\u00f3 que s\u00f3lo la presidenta Claudia Sheinbaum decidir\u00e1 el tiempo que \u00e9l continuar\u00e1 como embajador de M\u00e9xico en Estados Unidos.<\/p>\n\n\n\n<p>\u201cMe ha pedido apoyarla y as\u00ed ser\u00e1, un d\u00eda, un mes, un a\u00f1o m\u00e1s, ella lo decidir\u00e1 en funci\u00f3n de lo que M\u00e9xico necesita, porque no es tiempo de vanidades ni de actitudes ego\u00edstas. Unidad M\u00e9xico, unidad es lo que necesitamos\u201d, coment\u00f3.<\/p>\n\n\n\n<p>\u201cAqu\u00ed no estamos valorando futuros personales, aqu\u00ed no importan las carreras individuales o las pretensiones pol\u00edticas propias; somos todos servidores de nuestra naci\u00f3n y nuestra naci\u00f3n abarca a nuestros nacionales, no s\u00f3lo en M\u00e9xico, tambi\u00e9n en Estados Unidos, Canad\u00e1 y el mundo\u201d, agreg\u00f3.<\/p>\n\n\n\n<p>Destac\u00f3 que en la relaci\u00f3n con Estados Unidos habr\u00e1 momentos dif\u00edciles y tambi\u00e9n alentadores como la menci\u00f3n que el presidente Donald Trump hizo sobre M\u00e9xico en Davos.<\/p>\n\n\n\n<p>\u201cA lo largo del trabajo bilateral y cuando salgan a la luz las aportaciones de nuestros connacionales a la vida diaria estadunidense, aqu\u00ed en Estados Unidos ir\u00e1 quedando claro que M\u00e9xico no es el problema, es parte importante de la soluci\u00f3n\u201d, explic\u00f3. (Exc\u00e9lsior)<\/p>\n","protected":false},"excerpt":{"rendered":"<p>Washington, DC, EU.- Esteban Moctezuma Barrag\u00e1n, embajador de M\u00e9xico en Estados Unidos, afirm\u00f3 en un video publicado en redes sociales que continuar\u00e1 al frente de dicha representaci\u00f3n mexicana, hasta que as\u00ed lo decida la presidenta Claudia Sheinbaum Pardo, ya que se considera un \u201csoldado\u201d del pa\u00eds, en un momento en el que debe prevalecer la [&hellip;]<\/p>\n","protected":false},"author":6,"featured_media":52348,"comment_status":"open","ping_status":"open","sticky":false,"template":"","format":"standard","meta":{"_acf_changed":false,"_monsterinsights_skip_tracking":false,"_monsterinsights_sitenote_active":false,"_monsterinsights_sitenote_note":"","_monsterinsights_sitenote_category":0,"slim_seo":{"title":"Esteban Moctezuma s\u00ed continuar\u00e1 al frente de la embajada de M\u00e9xico en EU - Opini\u00f3n P\u00fablica","description":"Washington, DC, EU .- Esteban Moctezuma Barrag\u00e1n, embajador de M\u00e9xico en Estados Unidos, afirm\u00f3 en un video publicado en redes sociales que continuar\u00e1 al frente"},"footnotes":""},"categories":[4],"tags":[],"class_list":["post-52346","post","type-post","status-publish","format-standard","has-post-thumbnail","hentry","category-pulsopolitico"],"acf":[],"_links":{"self":[{"href":"https:\/\/www.opinionpublica.tv\/portada\/wp-json\/wp\/v2\/posts\/52346","targetHints":{"allow":["GET"]}}],"collection":[{"href":"https:\/\/www.opinionpublica.tv\/portada\/wp-json\/wp\/v2\/posts"}],"about":[{"href":"https:\/\/www.opinionpublica.tv\/portada\/wp-json\/wp\/v2\/types\/post"}],"author":[{"embeddable":true,"href":"https:\/\/www.opinionpublica.tv\/portada\/wp-json\/wp\/v2\/users\/6"}],"replies":[{"embeddable":true,"href":"https:\/\/www.opinionpublica.tv\/portada\/wp-json\/wp\/v2\/comments?post=52346"}],"version-history":[{"count":2,"href":"https:\/\/www.opinionpublica.tv\/portada\/wp-json\/wp\/v2\/posts\/52346\/revisions"}],"predecessor-version":[{"id":52349,"href":"https:\/\/www.opinionpublica.tv\/portada\/wp-json\/wp\/v2\/posts\/52346\/revisions\/52349"}],"wp:featuredmedia":[{"embeddable":true,"href":"https:\/\/www.opinionpublica.tv\/portada\/wp-json\/wp\/v2\/media\/52348"}],"wp:attachment":[{"href":"https:\/\/www.opinionpublica.tv\/portada\/wp-json\/wp\/v2\/media?parent=52346"}],"wp:term":[{"taxonomy":"category","embeddable":true,"href":"https:\/\/www.opinionpublica.tv\/portada\/wp-json\/wp\/v2\/categories?post=52346"},{"taxonomy":"post_tag","embeddable":true,"href":"https:\/\/www.opinionpublica.tv\/portada\/wp-json\/wp\/v2\/tags?post=52346"}],"curies":[{"name":"wp","href":"https:\/\/api.w.org\/{rel}","templated":true}]}}