{"id":52312,"date":"2025-01-29T00:01:00","date_gmt":"2025-01-29T07:01:00","guid":{"rendered":"https:\/\/www.opinionpublica.tv\/portada\/?p=52312"},"modified":"2025-01-27T16:28:18","modified_gmt":"2025-01-27T23:28:18","slug":"efemerides-29-de-enero-8","status":"publish","type":"post","link":"https:\/\/www.opinionpublica.tv\/portada\/efemerides-29-de-enero-8\/","title":{"rendered":"Efem\u00e9rides 29 de enero"},"content":{"rendered":"\n<p><em>Un d\u00eda 29 de enero como hoy, pero de 2002, el presidente estadounidense George W. Bush utiliza por primera vez la expresi\u00f3n \u00abEje del mal\u00bb para referirse a los gobiernos de Irak, Corea del Norte e Ir\u00e1n, a los que acusa de apoyar el terrorismo.<\/em><\/p>\n\n\n\n<figure class=\"wp-block-image size-large\"><img fetchpriority=\"high\" decoding=\"async\" width=\"1024\" height=\"683\" src=\"https:\/\/www.opinionpublica.tv\/portada\/wp-content\/uploads\/2025\/01\/2002-el-presidente-estadounidense-George-W.-Bush-utiliza-por-primera-vez-la-expresion-22Eje-del-mal22-para-referirse-a-los-gobiernos-de-Irak-Corea-del-Norte-e-Iran-1024x683.jpg\" alt=\"P7618 19\" class=\"wp-image-52313\" srcset=\"https:\/\/www.opinionpublica.tv\/portada\/wp-content\/uploads\/2025\/01\/2002-el-presidente-estadounidense-George-W.-Bush-utiliza-por-primera-vez-la-expresion-22Eje-del-mal22-para-referirse-a-los-gobiernos-de-Irak-Corea-del-Norte-e-Iran-1024x683.jpg 1024w, https:\/\/www.opinionpublica.tv\/portada\/wp-content\/uploads\/2025\/01\/2002-el-presidente-estadounidense-George-W.-Bush-utiliza-por-primera-vez-la-expresion-22Eje-del-mal22-para-referirse-a-los-gobiernos-de-Irak-Corea-del-Norte-e-Iran-300x200.jpg 300w, https:\/\/www.opinionpublica.tv\/portada\/wp-content\/uploads\/2025\/01\/2002-el-presidente-estadounidense-George-W.-Bush-utiliza-por-primera-vez-la-expresion-22Eje-del-mal22-para-referirse-a-los-gobiernos-de-Irak-Corea-del-Norte-e-Iran-768x512.jpg 768w, https:\/\/www.opinionpublica.tv\/portada\/wp-content\/uploads\/2025\/01\/2002-el-presidente-estadounidense-George-W.-Bush-utiliza-por-primera-vez-la-expresion-22Eje-del-mal22-para-referirse-a-los-gobiernos-de-Irak-Corea-del-Norte-e-Iran-1536x1024.jpg 1536w, https:\/\/www.opinionpublica.tv\/portada\/wp-content\/uploads\/2025\/01\/2002-el-presidente-estadounidense-George-W.-Bush-utiliza-por-primera-vez-la-expresion-22Eje-del-mal22-para-referirse-a-los-gobiernos-de-Irak-Corea-del-Norte-e-Iran-2048x1365.jpg 2048w\" sizes=\"(max-width: 1024px) 100vw, 1024px\" \/><\/figure>\n\n\n\n<p><strong>Otras efem\u00e9rides<\/strong><\/p>\n\n\n\n<p>1712.- Comienza la Conferencia de Paz de Utrecht, convocada por la reina Ana de Inglaterra para intentar poner fin a la Guerra de Sucesi\u00f3n en Espa\u00f1a. Como resultado se firmaron varios tratados que cambiaron el mapa pol\u00edtico de Europa.<\/p>\n\n\n\n<p>1821.- Una conjura de generales destituye al virrey Pezuela en Per\u00fa.<\/p>\n\n\n\n<p>1891.- Liliuokalani es proclamada reina de Hawaii, la \u00faltima persona en ostentar ese cargo.<\/p>\n\n\n\n<p>1924.- Movimiento revolucionario en Santa Clara (Cuba), sofocado una semana despu\u00e9s. Ocupaba la presidencia de la Rep\u00fablica el escritor Alfredo Zayas.<\/p>\n\n\n\n<p>1942.- Ecuador y Per\u00fa firman el Tratado de R\u00edo de Janeiro, para el arreglo del pleito de l\u00edmites en la zona amaz\u00f3nica fronteriza de ambos pa\u00edses, con Argentina, Brasil, Chile y EE.UU. como garantes.<\/p>\n\n\n\n<p>1944.- Segunda Guerra Mundial: Comienza la batalla de Cisterna en Italia central, en la que tropas alemanas se impusieron a fuerzas militares de Estados Unidos.<\/p>\n\n\n\n<p>1996.- El presidente franc\u00e9s, Jacques Chirac, anuncia el fin definitivo de las pruebas nucleares francesas.<\/p>\n\n\n\n<p>2000.- Se aprueba en Montreal el Protocolo sobre Seguridad de la Biotecnolog\u00eda del Convenio sobre la Diversidad Biol\u00f3gica, que regula el comercio internacional de productos transg\u00e9nicos.<\/p>\n\n\n\n<p>2005.- Por primera vez en 56 a\u00f1os aviones comerciales de la Rep\u00fablica Popular China aterrizan en Taiw\u00e1n.<\/p>\n\n\n\n<p>2016.- El Distrito Federal se convierte en el trig\u00e9simo segundo estado mexicano con el nombre de Ciudad de M\u00e9xico.<\/p>\n\n\n\n<p>2021.- La Agencia Europea del Medicamento aprueba la vacuna de AstraZeneca en la UE y activa control de las exportaciones de vacunas.<\/p>\n\n\n\n<p>2022.- Se hace p\u00fablico un fallo de la Corte Interamericana de Derechos Humanos que condena al Estado de Guatemala por la masacre de la aldea Los Josefinos en el norte del pa\u00eds durante el conflicto armado interno.<\/p>\n\n\n\n<p><strong>Nacimientos<\/strong><\/p>\n\n\n\n<p>1860.- Anton P. Ch\u00e9jov, dramaturgo ruso.<\/p>\n\n\n\n<p>1867.- Vicente Blasco Ib\u00e1\u00f1ez, novelista espa\u00f1ol.<\/p>\n\n\n\n<p>1881.- Alice Catherine Evans, microbi\u00f3loga estadounidense, descubridora de la bacteria que causa la enfermedad de la brucelosis.<\/p>\n\n\n\n<p>1918.- John Forsythe, actor estadounidense.<\/p>\n\n\n\n<p>1931.- Ferenc M\u00e1dl, presidente de Hungr\u00eda.<\/p>\n\n\n\n<p>1945.- Tom Selleck, actor estadounidense.<\/p>\n\n\n\n<p>1949: Tommy Ramone, componente del grupo de rock estadounidense Ramones.<\/p>\n\n\n\n<p>1954.- Oprah Winfrey, periodista estadounidense.<\/p>\n\n\n\n<p>1966.- Romario Souza, futbolista brasile\u00f1o.<\/p>\n\n\n\n<p>1981: Alejandro Mart\u00ednez de Ubago Rodr\u00edguez, \u00ab\u00c1lex Ubago\u00bb, cantautor espa\u00f1ol.<\/p>\n\n\n\n<p>1985.- Marc Gasol, jugador de baloncesto espa\u00f1ol.<\/p>\n\n\n\n<p>1994.- Ulrike Maier, esquiadora austriaca.<\/p>\n\n\n\n<p><strong>Defunciones<\/strong><\/p>\n\n\n\n<p>2001.- Max Weiler, pintor austriaco.<\/p>\n\n\n\n<p>2003.- Natalia Dudinskaya, estrella del ballet sovi\u00e9tico.<\/p>\n\n\n\n<p>2012.- Oscar Luigi Scalfaro, pol\u00edtico italiano.<\/p>\n\n\n\n<p>2013.- Said Musa \u00abAbu Musa\u00bb, hist\u00f3rico combatiente palestino. 2016.- Jacques Rivette, cineasta franc\u00e9s.<\/p>\n","protected":false},"excerpt":{"rendered":"<p>Un d\u00eda 29 de enero como hoy, pero de 2002, el presidente estadounidense George W. Bush utiliza por primera vez la expresi\u00f3n \u00abEje del mal\u00bb para referirse a los gobiernos de Irak, Corea del Norte e Ir\u00e1n, a los que acusa de apoyar el terrorismo. Otras efem\u00e9rides 1712.- Comienza la Conferencia de Paz de Utrecht, [&hellip;]<\/p>\n","protected":false},"author":6,"featured_media":52313,"comment_status":"open","ping_status":"open","sticky":false,"template":"","format":"standard","meta":{"_acf_changed":false,"_monsterinsights_skip_tracking":false,"_monsterinsights_sitenote_active":false,"_monsterinsights_sitenote_note":"","_monsterinsights_sitenote_category":0,"slim_seo":{"title":"Efem\u00e9rides 29 de enero - Opini\u00f3n P\u00fablica","description":"Un d\u00eda 29 de enero como hoy, pero de 2002, el presidente estadounidense George W. Bush utiliza por primera vez la expresi\u00f3n \"Eje del mal\" para referirse a los g"},"footnotes":""},"categories":[27],"tags":[],"class_list":["post-52312","post","type-post","status-publish","format-standard","has-post-thumbnail","hentry","category-un-dia-como-hoy"],"acf":[],"_links":{"self":[{"href":"https:\/\/www.opinionpublica.tv\/portada\/wp-json\/wp\/v2\/posts\/52312","targetHints":{"allow":["GET"]}}],"collection":[{"href":"https:\/\/www.opinionpublica.tv\/portada\/wp-json\/wp\/v2\/posts"}],"about":[{"href":"https:\/\/www.opinionpublica.tv\/portada\/wp-json\/wp\/v2\/types\/post"}],"author":[{"embeddable":true,"href":"https:\/\/www.opinionpublica.tv\/portada\/wp-json\/wp\/v2\/users\/6"}],"replies":[{"embeddable":true,"href":"https:\/\/www.opinionpublica.tv\/portada\/wp-json\/wp\/v2\/comments?post=52312"}],"version-history":[{"count":3,"href":"https:\/\/www.opinionpublica.tv\/portada\/wp-json\/wp\/v2\/posts\/52312\/revisions"}],"predecessor-version":[{"id":52317,"href":"https:\/\/www.opinionpublica.tv\/portada\/wp-json\/wp\/v2\/posts\/52312\/revisions\/52317"}],"wp:featuredmedia":[{"embeddable":true,"href":"https:\/\/www.opinionpublica.tv\/portada\/wp-json\/wp\/v2\/media\/52313"}],"wp:attachment":[{"href":"https:\/\/www.opinionpublica.tv\/portada\/wp-json\/wp\/v2\/media?parent=52312"}],"wp:term":[{"taxonomy":"category","embeddable":true,"href":"https:\/\/www.opinionpublica.tv\/portada\/wp-json\/wp\/v2\/categories?post=52312"},{"taxonomy":"post_tag","embeddable":true,"href":"https:\/\/www.opinionpublica.tv\/portada\/wp-json\/wp\/v2\/tags?post=52312"}],"curies":[{"name":"wp","href":"https:\/\/api.w.org\/{rel}","templated":true}]}}